{"id":649686,"date":"2026-08-27T11:10:19","date_gmt":"2026-08-27T11:10:19","guid":{"rendered":"https:\/\/www.europesays.com\/pl\/649686\/"},"modified":"2026-08-27T11:10:19","modified_gmt":"2026-08-27T11:10:19","slug":"podano-liste-miejscowosci-tutaj-powstana-nowe-sklepy-sieci-handlowej-dino","status":"publish","type":"post","link":"https:\/\/www.europesays.com\/pl\/649686\/","title":{"rendered":"Podano list\u0119 miejscowo\u015bci. Tutaj powstan\u0105 nowe sklepy sieci handlowej Dino"},"content":{"rendered":"<p>        <a href=\"https:\/\/opole.naszemiasto.pl\/podano-liste-miejscowosci-tutaj-powstana-nowe-sklepy-sieci-handlowej-dino\/gh\/c1p2-28715103\" class=\"componentsArticleGalleryButton__hyperlink\" data-ec=\"componentsArticleGalleryButton\" data-event-position-el=\"gallery\" data-ecp=\"href=https:\/\/opole.naszemiasto.pl\/podano-liste-miejscowosci-tutaj-powstana-nowe-sklepy-sieci-handlowej-dino\/gh\/c1p2-28715103\" rel=\"nofollow noopener\" target=\"_blank\">Zobacz galeri\u0119(13 zdj\u0119\u0107)<\/a><\/p>\n<p style=\"text-align: null;\">Polska sie\u0107 handlowa Dino, kt\u00f3ra w 2025 roku przekroczy\u0142a magiczn\u0105 barier\u0119 3000 sklep\u00f3w.  W 2026 rok Dino wesz\u0142o z nowymi planami. Po otwarciu gigantycznego centrum logistycznego pod Brzegiem, inwestor sypie nowymi lokalizacjami jak z r\u0119kawa. W lutym poznali\u015bmy kolejne miejsca na mapie Opolszczyzny i \u015al\u0105ska, gdzie wkr\u00f3tce pojawi\u0105 si\u0119 charakterystyczne markety z czerwono-zielonym logo.<\/p>\n<p style=\"text-align: null;\">Dino nie rezygnuje z plan\u00f3w rozwoju w K\u0119dzierzynie-Ko\u017alu, ale wszystko wskazuje na to, \u017ce inwestycja mo\u017ce powsta\u0107 w innym miejscu, ni\u017c jeszcze niedawno zak\u0142adano. W\u0142adze powiatu chcia\u0142y sprzeda\u0107 niezagospodarowany teren nale\u017c\u0105cy formalnie do Zespo\u0142u Szk\u00f3\u0142 Technicznych i Og\u00f3lnokszta\u0142c\u0105cych. Dzia\u0142ka znajduje si\u0119 na osiedlu Azoty i od lat nie by\u0142a potrzebna szkole. Cena wywo\u0142awcza wynosi\u0142a oko\u0142o 1,5 mln z\u0142. Przetarg na jej sprzeda\u017c zako\u0144czy\u0142 si\u0119 jednak bez oferty. Tymczasem sie\u0107 prowadzi post\u0119powanie dotycz\u0105ce innej lokalizacji, konkretnie przy ulicy Gliwickiej.<\/p>\n<p>    <a class=\"componentsRecommendationsSingleArticle__link\" href=\"https:\/\/nto.pl\/w-miescie-ma-powstac-kolejny-market-sieci-dino\/ar\/c1p2-29269173\" data-ec=\"componentsRecommendationsSingleArticle\" data-event-position-el=\"link\" data-ecp=\"url=https:\/\/nto.pl\/w-miescie-ma-powstac-kolejny-market-sieci-dino\/ar\/c1p2-29269173,title=W mie&#x15B;cie ma powsta&#x107; kolejny market sieci Dino\" rel=\"nofollow noopener\" target=\"_blank\"><img decoding=\"async\" class=\"componentsRecommendationsSingleArticle__tileImg\" loading=\"lazy\" src=\"https:\/\/www.europesays.com\/pl\/wp-content\/uploads\/2026\/08\/1787829016_993_260815047a_973954717_small.jpg\" data-image-type=\"articles\" alt=\"W mie&#x15B;cie ma powsta&#x107; kolejny market sieci Dino\"\/>W mie\u015bcie ma powsta\u0107 kolejny market sieci Dino<\/p>\n<p class=\"componentsRecommendationsSingleArticle__lead\">Sklep mia\u0142 powsta\u0107 na dzia\u0142ce przy Zespole Szk\u00f3\u0142 Technicznych i Og\u00f3lnokszta\u0142c\u0105cych  w K\u0119dzierzynie-Ko\u017alu. Przetarg na jej sprzeda\u017c zako\u0144czy\u0142 si\u0119 jednak bez oferty. Tymczasem sie\u0107 prowadzi post\u0119powanie&#8230;<\/p>\n<p><\/a><\/p>\n<p style=\"text-align: null;\">Plany inwestycyjne Dino dotycz\u0105 m.in. powiatu prudnickiego. W miejscowo\u015bci Lubrza, przy ulicy Opolskiej 5A, powstanie market, kt\u00f3ry b\u0119dzie dedykowany m.in. dla mieszka\u0144c\u00f3w Prudnika (ok. 2 km od tego miasta). Co ciekawe, proces rekrutacyjny ju\u017c ruszy\u0142 \u2013 mieszka\u0144cy mog\u0105 aplikowa\u0107 o prac\u0119 w nowym punkcie.<\/p>\n<p style=\"text-align: null;\">Kolejna inwestycja szykuje si\u0119 w Choruli w powiecie krapkowickim.  <\/p>\n<p style=\"text-align: null;\">W Ole\u015bnie-\u015awierczu przy ulicy Wygodzkiej otwarto ju\u017c nowe Dino. W przypadku Olesna jest to ju\u017c drugi sklep tej sieci w mie\u015bcie (pierwszy dzia\u0142a przy ul. Kluczborskiej). Decyzja inwestora mo\u017ce zaskakiwa\u0107, bior\u0105c pod uwag\u0119 siln\u0105 konkurencj\u0119 \u2013 w Ole\u015bnie dzia\u0142aj\u0105 ju\u017c Biedronka, Netto, Lidl, Polomarket i Lewiatan. Analitycy sieci uznali jednak, \u017ce rynek jest wci\u0105\u017c ch\u0142onny, licz\u0105c na klient\u00f3w doje\u017cd\u017caj\u0105cych z Grodziska, Wysokiej czy Sowczyc.<\/p>\n<p style=\"text-align: null;\">Spore poruszenie wywo\u0142a\u0142a informacja o budowie marketu w Brzegu, przy ulicy Starobrzeskiej.<\/p>\n<p style=\"text-align: null;\">\u2013 Ulica Starobrzeska nie obfituje w sklepy, wi\u0119c to dobra wiadomo\u015b\u0107. Tym bardziej, \u017ce to jeszcze polski sklep. Asortyment te\u017c maj\u0105 dobry i wszystko \u015bwie\u017ce \u2013 komentuje pani Dorota pod wpisem radnego Tomasza Kubiaka, kt\u00f3ry jako pierwszy poinformowa\u0142 o inwestycji.<\/p>\n<p style=\"text-align: null;\">\u2013 Dino rozrasta si\u0119 jak grzyby po deszczu \u2013 zauwa\u017ca pan Pawe\u0142, mieszkaniec Brzegu.<\/p>\n<p style=\"text-align: null;\">Inwestycje nie omijaj\u0105 s\u0105siedniego wojew\u00f3dztwa \u015bl\u0105skiego. Nowy sklep powstanie w Ogrodzie\u0144cu (powiat zawiercia\u0144ski), co b\u0119dzie ju\u017c drug\u0105 plac\u00f3wk\u0105 sieci w tym mie\u015bcie. Kolejny punkt na mapie to G\u00f3rki \u015al\u0105skie w powiecie raciborskim oraz Sosnowiec, a dok\u0142adnie dzielnica Kazimierz.<\/p>\n<p style=\"text-align: null;\">Sie\u0107 Dino ma tak\u017ce kupion\u0105 dzia\u0142k\u0119 w miejscowo\u015bci Ko\u0144czyce Wielkie w powiecie cieszy\u0144skim. Firma w\u0142a\u015bnie zdoby\u0142a pozwolenie na budow\u0119.<\/p>\n<p style=\"text-align: null;\">Sk\u0105d ten inwestycyjny boom w wojew\u00f3dztwach opolskim i \u015bl\u0105skim? Kluczem jest uruchomione niedawno centrum dystrybucyjne w Brzegu warte ok. 130 mln z\u0142. Magazyn o powierzchni 45 tys. mkw. drastycznie skr\u00f3ci\u0142 \u0142a\u0144cuch dostaw w zachodniej i centralnej Opolszczy\u017anie, co pozwala na cz\u0119stsze dowo\u017cenie \u015bwie\u017cych produkt\u00f3w \u2013 g\u0142\u00f3wnego or\u0119\u017ca Dino w walce o klienta. Co ciekawe to drugie takie centrum logistyczne na Opolszczy\u017anie, bo pierwsze ruszy\u0142o kilka lat temu w strefie gospodarczej w Zimnej W\u00f3dce w gminie Ujazd.<\/p>\n<p style=\"text-align: null;\">Przypomnijmy, \u017ce r\u00f3wnolegle trwaj\u0105 prace budowlane w innych lokalizacjach, o kt\u00f3rych informowali\u015bmy w styczniu.<\/p>\n<p style=\"text-align: null;\">Nowe markety rosn\u0105 m.in. w Lisi\u0119cicach (pow. g\u0142ubczycki), Straduni (pow. krapkowicki) oraz G\u0142og\u00f3wku. Sie\u0107 mocno interesuje si\u0119 te\u017c gruntami w samych G\u0142ubczycach.<\/p>\n<p style=\"text-align: null;\">Tylko w 2025 roku sie\u0107 DIno otworzy\u0142a 345 nowych sklep\u00f3w, ko\u0144cz\u0105c rok z liczb\u0105 3033 plac\u00f3wek. Przychody ze sprzeda\u017cy w pierwszych trzech kwarta\u0142ach 2025 r. wynios\u0142y 24,7 mld z\u0142, co oznacza wzrost o blisko 15% rok do roku. Firma stawia te\u017c na ekologi\u0119 \u2013 a\u017c 95% market\u00f3w posiada w\u0142asne instalacje fotowoltaiczne, co uniezale\u017cnia je od waha\u0144 cen pr\u0105du.<\/p>\n<p style=\"text-align: null;\">Wszystko wskazuje na to, \u017ce rok 2026 b\u0119dzie sta\u0142 pod znakiem dalszego zag\u0119szczania sieci, nie tylko na wsiach, ale coraz \u015bmielej tak\u017ce w miastach powiatowych.<\/p>\n<p style=\"text-align: null;\">wojew\u00f3dztwo ma\u0142opolskie:<\/p>\n<p>Libi\u0105\u017c, powiat chrzanowski<\/p>\n<p>Szymbark, powiat gorlicki<\/p>\n<p>Krzeszowice, powiat krzeszowski<\/p>\n<p style=\"text-align: null;\">wojew\u00f3dztwo mazowieckie:<\/p>\n<p>Krzynow\u0142oga Ma\u0142a, powiat przasnyski,<\/p>\n<p>Gostynin, powiat gostyni\u0144ski (kolejny sklep)<\/p>\n<p style=\"text-align: null;\">wojew\u00f3dztwo podkarpackie:<\/p>\n<p style=\"text-align: null;\">wojew\u00f3dztwo wielkopolskie:<\/p>\n<p style=\"text-align: null;\">Nowy market buduje si\u0119 w Twojej okolicy? Powiadom o tym autora tego artyku\u0142u: <a href=\"http:\/\/opole.naszemiasto.pl\/cdn-cgi\/l\/email-protection#6f1d0b0602061b1d00182f011b00411f03\" title=\"\" rel=\"nofollow noopener\" target=\"_blank\">[email\u00a0protected]<\/a><\/p>\n<p>    <a class=\"componentsRecommendationsSingleArticle__link\" href=\"https:\/\/opole.naszemiasto.pl\/posypaly-sie-mandaty-dla-kierowcow-odcinkowy-pomiar-predkosci-na-autostradzie-a4-juz-dziala\/ar\/c1p2-28714485\" data-ec=\"componentsRecommendationsSingleArticle\" data-event-position-el=\"link\" data-ecp=\"url=https:\/\/opole.naszemiasto.pl\/posypaly-sie-mandaty-dla-kierowcow-odcinkowy-pomiar-predkosci-na-autostradzie-a4-juz-dziala\/ar\/c1p2-28714485,title=Posypa&#x142;y si&#x119; mandaty. Odcinkowy pomiar pr&#x119;dko&#x15B;ci na autostradzie A4 ju&#x17C; dzia&#x142;a\" rel=\"nofollow noopener\" target=\"_blank\"><img decoding=\"async\" class=\"componentsRecommendationsSingleArticle__tileImg\" loading=\"lazy\" src=\"https:\/\/www.europesays.com\/pl\/wp-content\/uploads\/2026\/08\/1787829017_108_il20260210_956659421_small.jpg\" data-image-type=\"articles\" alt=\"Posypa&#x142;y si&#x119; mandaty. Odcinkowy pomiar pr&#x119;dko&#x15B;ci na autostradzie A4 ju&#x17C; dzia&#x142;a\"\/>Posypa\u0142y si\u0119 mandaty. Odcinkowy pomiar pr\u0119dko\u015bci na autostradzie A4 ju\u017c dzia\u0142a<\/p>\n<p class=\"componentsRecommendationsSingleArticle__lead\">To teraz jest jeden z najlepiej strze\u017conych fragment\u00f3w autostrad w Polsce. G\u0142\u00f3wny Inspektorat Transportu Drogowego zainstalowa\u0142 kamery na odcinku A4 rejonie G\u00f3ry \u015awi\u0119tej Anny. To ju\u017c drugi Odcinkowy P&#8230;<\/p>\n<p><img decoding=\"async\" class=\"atomsPartialImageAvatar atomsPartialImageAvatar--textSubtle\" data-event-position-context=\"atomsPartialImageAvatar\" alt=\"Rados&#x142;aw Dimitrow\" width=\"24\" height=\"24\" src=\"https:\/\/www.europesays.com\/pl\/wp-content\/uploads\/2026\/08\/1787829019_340_6799216cdab72_icon.jpg\" loading=\"lazy\"\/>Rados\u0142aw Dimitrow<\/a><\/p>\n","protected":false},"excerpt":{"rendered":"Zobacz galeri\u0119(13 zdj\u0119\u0107) Polska sie\u0107 handlowa Dino, kt\u00f3ra w 2025 roku przekroczy\u0142a magiczn\u0105 barier\u0119 3000 sklep\u00f3w. W 2026&hellip;\n","protected":false},"author":2,"featured_media":649687,"comment_status":"","ping_status":"","sticky":false,"template":"","format":"standard","meta":{"footnotes":"","_share_on_mastodon":"0"},"categories":[52249],"tags":[857,88615,41997,124566,42,38,40,39,41],"class_list":["post-649686","post","type-post","status-publish","format-standard","has-post-thumbnail","category-dino-polska","tag-dino","tag-dino-inwestycje","tag-dino-polska","tag-dino-sklep","tag-pl","tag-poland","tag-polish","tag-polska","tag-polski"],"share_on_mastodon":{"url":"https:\/\/pubeurope.com\/@pl\/117167171676870881","error":""},"_links":{"self":[{"href":"https:\/\/www.europesays.com\/pl\/wp-json\/wp\/v2\/posts\/649686","targetHints":{"allow":["GET"]}}],"collection":[{"href":"https:\/\/www.europesays.com\/pl\/wp-json\/wp\/v2\/posts"}],"about":[{"href":"https:\/\/www.europesays.com\/pl\/wp-json\/wp\/v2\/types\/post"}],"author":[{"embeddable":true,"href":"https:\/\/www.europesays.com\/pl\/wp-json\/wp\/v2\/users\/2"}],"replies":[{"embeddable":true,"href":"https:\/\/www.europesays.com\/pl\/wp-json\/wp\/v2\/comments?post=649686"}],"version-history":[{"count":0,"href":"https:\/\/www.europesays.com\/pl\/wp-json\/wp\/v2\/posts\/649686\/revisions"}],"wp:featuredmedia":[{"embeddable":true,"href":"https:\/\/www.europesays.com\/pl\/wp-json\/wp\/v2\/media\/649687"}],"wp:attachment":[{"href":"https:\/\/www.europesays.com\/pl\/wp-json\/wp\/v2\/media?parent=649686"}],"wp:term":[{"taxonomy":"category","embeddable":true,"href":"https:\/\/www.europesays.com\/pl\/wp-json\/wp\/v2\/categories?post=649686"},{"taxonomy":"post_tag","embeddable":true,"href":"https:\/\/www.europesays.com\/pl\/wp-json\/wp\/v2\/tags?post=649686"}],"curies":[{"name":"wp","href":"https:\/\/api.w.org\/{rel}","templated":true}]}}