{"id":649718,"date":"2026-08-27T11:30:09","date_gmt":"2026-08-27T11:30:09","guid":{"rendered":"https:\/\/www.europesays.com\/pl\/649718\/"},"modified":"2026-08-27T11:30:09","modified_gmt":"2026-08-27T11:30:09","slug":"rece-skladaja-sie-do-oklaskow-polak-odmienil-gre-hiszpanow","status":"publish","type":"post","link":"https:\/\/www.europesays.com\/pl\/649718\/","title":{"rendered":"R\u0119ce sk\u0142adaj\u0105 si\u0119 do oklask\u00f3w. Polak odmieni\u0142 gr\u0119 Hiszpan\u00f3w"},"content":{"rendered":"\n<p class=\"contentpart contentpart--default contentpart--text\" data-position=\"0\"><a href=\"https:\/\/sportowefakty.wp.pl\/pilka-nozna\/michal-zuk\" rel=\"nofollow noopener\" target=\"_blank\">Micha\u0142 \u017buk<\/a>\u00a0wyst\u0105pi\u0142 w czwartkowym spotkaniu towarzyskim Hiszpanii z Uzbekistanem podczas miniturnieju w El Albir. \u017buk rozpocz\u0105\u0142 mecz na \u0142awce i pojawi\u0142 si\u0119 na boisku w 71. minucie, a w samej ko\u0144c\u00f3wce dwukrotnie zaznaczy\u0142 swoj\u0105 obecno\u015b\u0107 przy bramkach Hiszpan\u00f3w.<\/p>\n<p>Micha\u0142 \u017buk b\u0142ysn\u0105\u0142 w ko\u0144c\u00f3wce<\/p>\n<p>  <img decoding=\"async\" src=\"https:\/\/v.wpimg.pl\/X3dwLnN2d1IFFTpdYUl6R0ZNbgcnEHQREVV2TGEGbUtRT2MdOlZ2RBQUKABgQjQcDRotCStBd1IAAWMeIlM7VgwYIAorQAdEFFk_GCkQJQ\" alt=\"\" width=\"45\" height=\"58\" loading=\"lazy\"\/>  <\/p>\n<p class=\"contentpart contentpart--default contentpart--text\" data-position=\"2\">Po pojawieniu si\u0119 Polaka na murawie, gra Hiszpanii wyra\u017anie si\u0119 poprawi\u0142a. Potwierdzeniem dobrego wyst\u0119pu \u017buka s\u0105 r\u00f3wnie\u017c liczby. Pi\u0142karz FC Barcelony najpierw w 91. minucie zanotowa\u0142 asyst\u0119, po kt\u00f3rej \u0142adn\u0105 bramk\u0119 zdoby\u0142 jego klubowy kolega Roberto Tomas Castell, a p\u00f3\u017aniej sam wpisa\u0142 si\u0119 na list\u0119 strzelc\u00f3w.<\/p>\n<p class=\"contentpart contentpart--default contentpart--text\" data-position=\"3\">ZOBACZ WIDEO: Polak \u017cyje w Hiszpanii jak w raju. &#8222;Nie musz\u0119 si\u0119 martwi\u0107 o jutro&#8221;<\/p>\n<p class=\"contentpart contentpart--default contentpart--text\" data-position=\"5\">W 94. minucie \u017buk zdecydowa\u0142 si\u0119 na uderzenie z dystansu i zapisa\u0142 na swoim koncie efektowne trafienie do siatki. Tym samym w ci\u0105gu zaledwie kilku minut do\u0142o\u017cy\u0142 do swojego dorobku zar\u00f3wno gola, jak i asyst\u0119. To imponuj\u0105cy wynik jak na pomocnika.<\/p>\n<p>Dwa mecze i dwa gole<\/p>\n<p class=\"contentpart contentpart--default contentpart--text\" data-position=\"8\">Dla wychowanka FC Barcelony by\u0142 to drugi wyst\u0119p podczas obecnego zgrupowania. We wtorek \u017buk rozpocz\u0105\u0142 w podstawowym sk\u0142adzie spotkanie z Arabi\u0105 Saudyjsk\u0105 i ju\u017c wtedy pokaza\u0142 si\u0119 z bardzo dobrej strony.<\/p>\n<p>  <img decoding=\"async\" src=\"https:\/\/v.wpimg.pl\/X3dwLnN2d1IFFTpdYUl6R0ZNbgcnEHQREVV2TGEGbUtRT2MdOlZ2RBQUKABgQjQcDRotCStBd1IAAWMeIlM7VgwYIAorQAdEFFk_GCkQJQ\" alt=\"\" width=\"45\" height=\"58\" loading=\"lazy\"\/>  <\/p>\n<p class=\"contentpart contentpart--default contentpart--text\" data-position=\"9\">Pomocnik zdoby\u0142 bramk\u0119 na 1:0 w 43. minucie po wsp\u00f3\u0142pracy z Enzo Alvesem. Hiszpania ostatecznie zwyci\u0119\u017cy\u0142a 2:1, a \u017buk opu\u015bci\u0142 boisko w 75. minucie.<\/p>\n<p class=\"contentpart contentpart--default contentpart--text\" data-position=\"10\">Oznacza to, \u017ce po dw\u00f3ch wyst\u0119pach podczas zgrupowania pi\u0142karz Barcelony mo\u017ce pochwali\u0107 si\u0119 dwoma golami i asyst\u0105. Tym bardziej imponuj\u0105ce jest to, \u017ce pocz\u0105tkowo w og\u00f3le nie znajdowa\u0142 si\u0119 na li\u015bcie powo\u0142anych.<\/p>\n<p>Wskoczy\u0142 do kadry za Ebrim\u0119 Tunkare<\/p>\n<p class=\"contentpart contentpart--default contentpart--text\" data-position=\"12\">Micha\u0142 \u017buk do\u0142\u0105czy\u0142 do reprezentacji w ostatniej chwili. David Garcia Cubillo powo\u0142a\u0142 go po zmianach w kadrze &#8211; z pierwotnej listy wypadli Yeremaiah Ramos, Bryan Bugarin i <a href=\"https:\/\/sportowefakty.wp.pl\/pilka-nozna\/ebrim-tunkara\" rel=\"nofollow noopener\" target=\"_blank\">Ebrima Tunkara<\/a>, a ich miejsca zaj\u0119li Guillermo Trujillano, Luis Navarro oraz w\u0142a\u015bnie \u017buk.<\/p>\n<p>  <img decoding=\"async\" src=\"https:\/\/v.wpimg.pl\/X3dwLnN2d1IFFTpdYUl6R0ZNbgcnEHQREVV2TGEGbUtRT2MdOlZ2RBQUKABgQjQcDRotCStBd1IAAWMeIlM7VgwYIAorQAdEFFk_GCkQJQ\" alt=\"\" width=\"45\" height=\"58\" loading=\"lazy\"\/>  <\/p>\n<p class=\"contentpart contentpart--default contentpart--text\" data-position=\"13\">Dla 17-latka by\u0142a to ogromna szansa, poniewa\u017c obecne zgrupowanie ma bezpo\u015bredni zwi\u0105zek z przygotowaniami Hiszpanii do mistrzostw \u015bwiata. Turniej odb\u0119dzie si\u0119 w Katarze od 19 listopada do 13 grudnia, a selekcjoner wykorzystuje mecze w El Albir do sprawdzania kandydat\u00f3w do wyjazdu.<\/p>\n","protected":false},"excerpt":{"rendered":"Micha\u0142 \u017buk\u00a0wyst\u0105pi\u0142 w czwartkowym spotkaniu towarzyskim Hiszpanii z Uzbekistanem podczas miniturnieju w El Albir. \u017buk rozpocz\u0105\u0142 mecz na&hellip;\n","protected":false},"author":2,"featured_media":649719,"comment_status":"","ping_status":"","sticky":false,"template":"","format":"standard","meta":{"footnotes":"","_share_on_mastodon":"0"},"categories":[24],"tags":[1157,127149,272,267,538,12674,3037,269,540,278,42,38,40,39,41,1288,127,126,4680],"class_list":["post-649718","post","type-post","status-publish","format-standard","has-post-thumbnail","category-sport","tag-barcelona","tag-ebrima-tunkara","tag-fc-barcelona","tag-hiszpania","tag-la-liga","tag-michal-zuk","tag-mistrzostwa-swiata","tag-pilka-nozna","tag-pilka-nozna-w-hiszpanii","tag-pilka-w-europie","tag-pl","tag-poland","tag-polish","tag-polska","tag-polski","tag-reprezentacja-hiszpanii","tag-sport","tag-sports","tag-spotify-camp-nou-w-barcelonie"],"share_on_mastodon":{"url":"https:\/\/pubeurope.com\/@pl\/117167248658950505","error":""},"_links":{"self":[{"href":"https:\/\/www.europesays.com\/pl\/wp-json\/wp\/v2\/posts\/649718","targetHints":{"allow":["GET"]}}],"collection":[{"href":"https:\/\/www.europesays.com\/pl\/wp-json\/wp\/v2\/posts"}],"about":[{"href":"https:\/\/www.europesays.com\/pl\/wp-json\/wp\/v2\/types\/post"}],"author":[{"embeddable":true,"href":"https:\/\/www.europesays.com\/pl\/wp-json\/wp\/v2\/users\/2"}],"replies":[{"embeddable":true,"href":"https:\/\/www.europesays.com\/pl\/wp-json\/wp\/v2\/comments?post=649718"}],"version-history":[{"count":0,"href":"https:\/\/www.europesays.com\/pl\/wp-json\/wp\/v2\/posts\/649718\/revisions"}],"wp:featuredmedia":[{"embeddable":true,"href":"https:\/\/www.europesays.com\/pl\/wp-json\/wp\/v2\/media\/649719"}],"wp:attachment":[{"href":"https:\/\/www.europesays.com\/pl\/wp-json\/wp\/v2\/media?parent=649718"}],"wp:term":[{"taxonomy":"category","embeddable":true,"href":"https:\/\/www.europesays.com\/pl\/wp-json\/wp\/v2\/categories?post=649718"},{"taxonomy":"post_tag","embeddable":true,"href":"https:\/\/www.europesays.com\/pl\/wp-json\/wp\/v2\/tags?post=649718"}],"curies":[{"name":"wp","href":"https:\/\/api.w.org\/{rel}","templated":true}]}}