{"id":649740,"date":"2026-08-27T11:50:16","date_gmt":"2026-08-27T11:50:16","guid":{"rendered":"https:\/\/www.europesays.com\/pl\/649740\/"},"modified":"2026-08-27T11:50:16","modified_gmt":"2026-08-27T11:50:16","slug":"zderzenie-trzech-pojazdow-na-s17-kierowca-ciezarowki-nic-nie-poczul-i-odjechal-dwie-osoby-w-szpitalu","status":"publish","type":"post","link":"https:\/\/www.europesays.com\/pl\/649740\/","title":{"rendered":"Zderzenie trzech pojazd\u00f3w na S17, kierowca ci\u0119\u017car\u00f3wki nic nie poczu\u0142 i odjecha\u0142. Dwie osoby w szpitalu"},"content":{"rendered":"<p>Policjanci ustalili ju\u017c wst\u0119pne okoliczno\u015bci wypadku, jaki mia\u0142 dzi\u015b miejsce na drodze ekspresowej S12\/17 Lublin \u2013 Warszawa\/Pu\u0142awy w okolicach Kurowa. Jak ju\u017c informowali\u015bmy, po godzinie 10, na wysoko\u015bci miejscowo\u015bci Chrz\u0105ch\u00f3wek, czyli mi\u0119dzy w\u0119z\u0142ami Kur\u00f3w Wsch\u00f3d a Kur\u00f3w Zach\u00f3d, zderzy\u0142y si\u0119 trzy samochody: dwa osobowe i ci\u0119\u017carowy. Na miejscu interweniowa\u0142a stra\u017c po\u017carna, zespo\u0142y ratownictwa medycznego oraz policja.<\/p>\n<p>Jak nam przekazano, zdarzenie mia\u0142o miejsce na odcinku, gdzie z uwagi na prace drogowe zamkni\u0119ta zosta\u0142a jedna jezdnia i wprowadzono ruch dwukierunkowy.<\/p>\n<p>Wszystkie pojazdy porusza\u0142y si\u0119 w tym samym kierunku. Kieruj\u0105ca Volkswagenem 25-letnia kobieta zacz\u0119\u0142a zwalnia\u0107 za jad\u0105c\u0105 powoli ci\u0119\u017car\u00f3wk\u0105. Zaskoczy\u0142o to kieruj\u0105cego Oplem 49-latka. Nie zdo\u0142a\u0142 on wyhamowa\u0107 i znajduj\u0105ce si\u0119 przed nim auto. Si\u0142a zderzenia by\u0142a tak du\u017ca, \u017ce Volkswagen zosta\u0142 jeszcze wepchni\u0119ty w ty\u0142 ci\u0119\u017car\u00f3wki. Jej kierowca jednak nic nie poczu\u0142 i pojecha\u0142 dalej.<\/p>\n<p>Samochodami podr\u00f3\u017cowa\u0142o \u0142\u0105cznie pi\u0119\u0107 os\u00f3b. Dwie z nich, kobiet\u0119 z Volkswagena i pasa\u017cera opla przetransportowano do szpitala. Obecnie policjanci prowadz\u0105 dalsze czynno\u015bci wyja\u015bniaj\u0105ce w tej sprawie. Przez ponad dwie godziny droga by\u0142a ca\u0142kowicie zablokowana. Obecnie ruch zosta\u0142 wznowiony.<\/p>\n<p><img aria-describedby=\"caption-attachment-524760\" loading=\"lazy\" decoding=\"async\" class=\"size-medium wp-image-524760\" src=\"https:\/\/www.europesays.com\/pl\/wp-content\/uploads\/2026\/08\/143z27-640x614.jpg\" alt=\"Zderzenie trzech pojazd\u00f3w na S17, kierowca ci\u0119\u017car\u00f3wki nic nie poczu\u0142 i odjecha\u0142. Dwie osoby w szpitalu\" width=\"500\" height=\"480\"  \/><\/p>\n<p id=\"caption-attachment-524760\" class=\"wp-caption-text\">fot. policja<\/p>\n<p><img aria-describedby=\"caption-attachment-524761\" loading=\"lazy\" decoding=\"async\" class=\"size-medium wp-image-524761\" src=\"https:\/\/www.europesays.com\/pl\/wp-content\/uploads\/2026\/08\/143z26-640x435.jpg\" alt=\"Zderzenie trzech pojazd\u00f3w na S17, kierowca ci\u0119\u017car\u00f3wki nic nie poczu\u0142 i odjecha\u0142. Dwie osoby w szpitalu\" width=\"500\" height=\"340\"  \/><\/p>\n<p id=\"caption-attachment-524761\" class=\"wp-caption-text\">fot. policja<\/p>\n<p>\n                                    <a href=\"https:\/\/www.google.com\/preferences\/source?q=lublin112.pl\" target=\"_blank\" rel=\"noopener noreferrer nofollow\" onclick=\"if (!window.__cfRLUnblockHandlers) return false; gtag(&#039;event&#039;, &#039;google_preferred_source_click&#039;, {&#010;                                           &#039;link_url&#039;: this.href,&#010;                                           &#039;link_text&#039;: &#039;Ustaw lublin112.pl jako preferowane \u017ar\u00f3d\u0142o&#039;&#010;                                       });\" style=\"text-align:center;display:block;\" data-cf-modified-e2e0737c19d7858f93396313-=\"\"><br \/>\n                                        <img decoding=\"async\" src=\"https:\/\/www.europesays.com\/pl\/wp-content\/uploads\/2026\/08\/1787831416_687_lublin112-google-source.webp\" alt=\"Ustaw lublin112.pl jako preferowane \u017ar\u00f3d\u0142o w Google\" style=\"max-width: 70%;\"\/><br \/>\n                                    <\/a><br \/>\n                                    <\/p>\n","protected":false},"excerpt":{"rendered":"Policjanci ustalili ju\u017c wst\u0119pne okoliczno\u015bci wypadku, jaki mia\u0142 dzi\u015b miejsce na drodze ekspresowej S12\/17 Lublin \u2013 Warszawa\/Pu\u0142awy w&hellip;\n","protected":false},"author":2,"featured_media":649741,"comment_status":"","ping_status":"","sticky":false,"template":"","format":"standard","meta":{"footnotes":"","_share_on_mastodon":"0"},"categories":[51612],"tags":[105660,3431,1081,42,38,40,39,41,50530,20302,2588,93141],"class_list":["post-649740","post","type-post","status-publish","format-standard","has-post-thumbnail","category-lublin","tag-chrzachowek","tag-kolizja","tag-lublin","tag-pl","tag-poland","tag-polish","tag-polska","tag-polski","tag-s12","tag-s17","tag-wypadek","tag-wypadek-na-ekspresowce"],"share_on_mastodon":{"url":"https:\/\/pubeurope.com\/@pl\/117167328285985473","error":""},"_links":{"self":[{"href":"https:\/\/www.europesays.com\/pl\/wp-json\/wp\/v2\/posts\/649740","targetHints":{"allow":["GET"]}}],"collection":[{"href":"https:\/\/www.europesays.com\/pl\/wp-json\/wp\/v2\/posts"}],"about":[{"href":"https:\/\/www.europesays.com\/pl\/wp-json\/wp\/v2\/types\/post"}],"author":[{"embeddable":true,"href":"https:\/\/www.europesays.com\/pl\/wp-json\/wp\/v2\/users\/2"}],"replies":[{"embeddable":true,"href":"https:\/\/www.europesays.com\/pl\/wp-json\/wp\/v2\/comments?post=649740"}],"version-history":[{"count":0,"href":"https:\/\/www.europesays.com\/pl\/wp-json\/wp\/v2\/posts\/649740\/revisions"}],"wp:featuredmedia":[{"embeddable":true,"href":"https:\/\/www.europesays.com\/pl\/wp-json\/wp\/v2\/media\/649741"}],"wp:attachment":[{"href":"https:\/\/www.europesays.com\/pl\/wp-json\/wp\/v2\/media?parent=649740"}],"wp:term":[{"taxonomy":"category","embeddable":true,"href":"https:\/\/www.europesays.com\/pl\/wp-json\/wp\/v2\/categories?post=649740"},{"taxonomy":"post_tag","embeddable":true,"href":"https:\/\/www.europesays.com\/pl\/wp-json\/wp\/v2\/tags?post=649740"}],"curies":[{"name":"wp","href":"https:\/\/api.w.org\/{rel}","templated":true}]}}