{"id":649878,"date":"2026-08-27T13:10:15","date_gmt":"2026-08-27T13:10:15","guid":{"rendered":"https:\/\/www.europesays.com\/pl\/649878\/"},"modified":"2026-08-27T13:10:15","modified_gmt":"2026-08-27T13:10:15","slug":"dino-kontra-zwiazkowcy-w-gre-wchodzi-nawet-strajk-generalny","status":"publish","type":"post","link":"https:\/\/www.europesays.com\/pl\/649878\/","title":{"rendered":"Dino kontra zwi\u0105zkowcy. W gr\u0119 wchodzi nawet strajk generalny"},"content":{"rendered":"<p class=\"BlockCoreParagraph_BlockCoreParagraph__tg_l2 text-lg leading-[158.34%] py-2\">Od miesi\u0119cy trwa otwarta wojna mi\u0119dzy szefostwem sieci\u00a0<a class=\"underline text-black dark:text-white\" href=\"https:\/\/bizblog.spidersweb.pl\/dino-kontra-zwiazkowcy-brak-terminu-mediacji\" rel=\"nofollow noopener\" target=\"_blank\">Dino<\/a>\u00a0a zwi\u0105zkowcami z OPZZ Konfederacja Pracy. Ci drudzy maj\u0105 bardzo d\u0142ug\u0105 list\u0119 zarzut\u00f3w i wcze\u015bniej prosili ju\u017c o interwencj\u0119 Ministerstwo Rodziny, Pracy i Polityki Spo\u0142ecznej, a tak\u017ce Pa\u0144stwow\u0105 Inspekcj\u0119 Pracy. Dino przyj\u0119\u0142o inn\u0105 taktyk\u0119 i doniesie\u0144 zwi\u0105zkowc\u00f3w w \u017caden spos\u00f3b nie komentuje. W rozpisywane k\u0142\u00f3tnie w social media nie daje si\u0119 w \u017caden spos\u00f3b wci\u0105gn\u0105\u0107.\u00a0<\/p>\n<p class=\"BlockCoreParagraph_BlockCoreParagraph__tg_l2 text-lg leading-[158.34%] py-2\">Na razie trwa impas. W s\u0105dach tocz\u0105 si\u0119 sprawy dotycz\u0105ce zwalnianych pracownik\u00f3w. Obu stronom sporu trudno by\u0142o ustali\u0107 razem cokolwiek. W\u00a0<a class=\"underline text-black dark:text-white\" href=\"https:\/\/bizblog.spidersweb.pl\/rzad-bierze-sie-za-bony-kaucyjne\" rel=\"nofollow noopener\" target=\"_blank\">sklepach<\/a>\u00a0Dino ca\u0142y czas trwa pogotowie strajkowe i trwaj\u0105 te\u017c przygotowania do strajku generalnego, kt\u00f3ry zaplanowano na wrzesie\u0144. Ale ostatnio pojawi\u0142o si\u0119 \u015bwiate\u0142ko w tym tunelu i okazuje si\u0119, \u017ce jest jeszcze szansa, \u017ceby tego strajku w og\u00f3le nie by\u0142o.\u00a0<\/p>\n<p>\nDino i zwi\u0105zkowcy, czyli mediacje ostatniej szansy\n<\/p>\n<p class=\"BlockCoreParagraph_BlockCoreParagraph__tg_l2 text-lg leading-[158.34%] py-2\">Do tej pory albo mediacji mi\u0119dzy Dino a zwi\u0105zkowcami nie udawa\u0142o si\u0119 koniec ko\u0144c\u00f3w organizowa\u0107, albo ko\u0144czy\u0142y si\u0119 one bez \u017cadnej szansy na porozumienie. W ten spos\u00f3b wizja\u00a0<a class=\"underline text-black dark:text-white\" href=\"https:\/\/bizblog.spidersweb.pl\/zus-wiekszosc-pracownikow-za-strajkiem-generalnym\" rel=\"nofollow noopener\" target=\"_blank\">strajku<\/a>\u00a0generalnego we wrze\u015bniu stawa\u0142a si\u0119 coraz bardziej realna. Ale w ko\u0144cu kto\u015b w rz\u0105dzie mia\u0142 tupn\u0105\u0107 nog\u0105 i w efekcie dojdzie do jeszcze jednego spotkania mi\u0119dzy zwa\u015bnionymi stronami &#8211; zaplanowano je na 2 wrze\u015bnia.<\/p>\n<p>To prze\u0142omowy moment dla przysz\u0142o\u015bci wszystkich zatrudnionych w sieci. Wynik tych rozm\u00f3w oraz postawa zarz\u0105du bezpo\u015brednio zdecyduj\u0105 o tym, czy w sklepach i centrach dystrybucyjnych dojdzie do strajku generalnego &#8211; twiedzi OPZZ Konfederacja Pracy.<\/p>\n<p class=\"BlockCoreParagraph_BlockCoreParagraph__tg_l2 text-lg leading-[158.34%] py-2\">Mediacje odb\u0119d\u0105 si\u0119 w\u00a0<a class=\"underline text-black dark:text-white\" href=\"https:\/\/cpsdialog.gov.pl\/historia-cps\/\" target=\"_blank\" rel=\"noreferrer noopener nofollow\">Centrum Partnerstwa Spo\u0142ecznego \u201eDialog\u201d<\/a>\u00a0im. Andrzeja B\u0105czkowskiego w Warszawie. Zwi\u0105zkowcy obawiaj\u0105 si\u0119, \u017ce to spotkanie zako\u0144czy si\u0119 tak, jak wszystkie poprzednie, w kt\u00f3rych &#8211; jak przekonuj\u0105 &#8211; sie\u0107 Dino mia\u0142a lekcewa\u017cy\u0107 argumenty strony spo\u0142ecznej.\u00a0<\/p>\n<p>Decyzja nale\u017cy do zarz\u0105du Dino Polska. Je\u015bli podej\u015bcie do rozm\u00f3w po stronie sp\u00f3\u0142ki b\u0119dzie lekcewa\u017c\u0105ce, nie pozostanie nam nic innego, jak skorzysta\u0107 z ostatecznego prawa do protestu. B\u0105d\u017amy razem, \u015bled\u017amy przebieg mediacji i wykazujmy solidarno\u015b\u0107 &#8211; przekonuje OPZZ Konfederacja Pracy.<\/p>\n<p>\nD\u0142uga lista zarzut\u00f3w\n<\/p>\n<p class=\"BlockCoreParagraph_BlockCoreParagraph__tg_l2 text-lg leading-[158.34%] py-2\"><a class=\"underline text-black dark:text-white\" href=\"https:\/\/bizblog.spidersweb.pl\/jsw-zwiazkowcy-chca-gotowki-zamiast-pomocy-socjalnej\" rel=\"nofollow noopener\" target=\"_blank\">Zwi\u0105zkowcy<\/a>\u00a0domagaj\u0105 si\u0119 godnego traktowania i sprawiedliwych warunk\u00f3w pracy. Chc\u0105 odpowiedniego wzrostu wynagrodze\u0144, \u017ceby pensje odpowiada\u0142y rosn\u0105cym kosztom \u017cycia. Apeluj\u0105 r\u00f3wnie\u017c o zwi\u0119kszenie zatrudnienia, bo obecna obsadach w sklepach Dino jest ich zdaniem niewystarczaj\u0105ca. Nie zgadzaj\u0105 si\u0119 te\u017c na dalsze wykorzystywanie monitoringu w plac\u00f3wkach handlowych do dyscyplinowania pracownik\u00f3w. Do tego dochodz\u0105 \u017c\u0105dania dotycz\u0105ce powo\u0142ania do \u017cycia Zak\u0142adowego Funduszu \u015awiadcze\u0144 Socjalnych.<\/p>\n<p class=\"BlockCoreParagraph_BlockCoreParagraph__tg_l2 text-lg leading-[158.34%] py-2\">Wi\u0119cej o Dino przeczytasz w Bizblog Spider\u2019s Web:<\/p>\n<p>Nadrz\u0119dnym postulatem jest przestrzeganie prawa pracy. Chodzi o natychmiastowe zaprzestanie praktyk naruszaj\u0105cych prawa pracownicze przez Dino Polska &#8211; twierdz\u0105 zwi\u0105zkowcy z OPZZ Konfederacja Pracy.<\/p>\n<p class=\"BlockCoreParagraph_BlockCoreParagraph__tg_l2 text-lg leading-[158.34%] py-2\">Wcze\u015bniej zwi\u0105zkowcy oskar\u017cali te\u017c Dino o zwalnianie pracownik\u00f3w za udzia\u0142 w strajkach ostrzegawczych. Sie\u0107 mia\u0142a w ten spos\u00f3b pokaza\u0107, \u017ce udzia\u0142 w tego typu akcjach protestacyjnych nie pop\u0142aca i zniech\u0119ci\u0107 do udzia\u0142u w strajku generalnym.\u00a0<\/p>\n<p class=\"BlockCoreParagraph_BlockCoreParagraph__tg_l2 text-lg leading-[158.34%] py-2\">fot. Fotokon\/Shutterstock<\/p>\n<p><a aria-label=\"post\" href=\"https:\/\/bizblog.spidersweb.pl\/author\/michaltabaka\" rel=\"nofollow noopener\" target=\"_blank\"><\/p>\n<p class=\"m-0 line-clamp-3 text-[14px] font-[400] leading-[23px] text-[#101729] dark:text-[#ecf0ff]\">Dziennikarz serwisu Bizblog.pl. Zawodowo pisze ju\u017c od \u0107wier\u0107 wieku. Dawniej\u00a0m.in. Goniec G\u00f3rno\u015bl\u0105ski, Dziennik Zachodni, Magazyn Gospodarczy \u201eFakty\u201d. Wsp\u00f3\u0142pracowa\u0142\u00a0m.in. z Miesi\u0119cznikiem Finansowym \u201eBank\u201d. Zajmuje si\u0119 g\u0142\u00f3wnie sprawami gospodarczymi &#8211; z obszaru energetyki i jej transformacji. Pisze o g\u00f3rnikach, hutnikach, energetykach, odnawialnych \u017ar\u00f3d\u0142ach energii, a tak\u017ce o polityce j\u0105drowej, czy przysz\u0142ej strategii wodorowej. Nie obce mu s\u0105 te\u017c tematy zwi\u0105zane ze skutkami biznesowymi nast\u0119puj\u0105cych ju\u017c zmian klimatu. Specjalizuje si\u0119 r\u00f3wnie\u017c w kwestiach zwi\u0105zanych z usytuowaniem prawnym tak marihuany rekreacyjnej, jak i jej medycznej odmiany.<\/p>\n<p><\/a><\/p>\n","protected":false},"excerpt":{"rendered":"Od miesi\u0119cy trwa otwarta wojna mi\u0119dzy szefostwem sieci\u00a0Dino\u00a0a zwi\u0105zkowcami z OPZZ Konfederacja Pracy. Ci drudzy maj\u0105 bardzo d\u0142ug\u0105&hellip;\n","protected":false},"author":2,"featured_media":649879,"comment_status":"","ping_status":"","sticky":false,"template":"","format":"standard","meta":{"footnotes":"","_share_on_mastodon":"0"},"categories":[52249],"tags":[857,41997,42,38,40,39,41],"class_list":["post-649878","post","type-post","status-publish","format-standard","has-post-thumbnail","category-dino-polska","tag-dino","tag-dino-polska","tag-pl","tag-poland","tag-polish","tag-polska","tag-polski"],"share_on_mastodon":{"url":"https:\/\/pubeurope.com\/@pl\/117167641229880278","error":""},"_links":{"self":[{"href":"https:\/\/www.europesays.com\/pl\/wp-json\/wp\/v2\/posts\/649878","targetHints":{"allow":["GET"]}}],"collection":[{"href":"https:\/\/www.europesays.com\/pl\/wp-json\/wp\/v2\/posts"}],"about":[{"href":"https:\/\/www.europesays.com\/pl\/wp-json\/wp\/v2\/types\/post"}],"author":[{"embeddable":true,"href":"https:\/\/www.europesays.com\/pl\/wp-json\/wp\/v2\/users\/2"}],"replies":[{"embeddable":true,"href":"https:\/\/www.europesays.com\/pl\/wp-json\/wp\/v2\/comments?post=649878"}],"version-history":[{"count":0,"href":"https:\/\/www.europesays.com\/pl\/wp-json\/wp\/v2\/posts\/649878\/revisions"}],"wp:featuredmedia":[{"embeddable":true,"href":"https:\/\/www.europesays.com\/pl\/wp-json\/wp\/v2\/media\/649879"}],"wp:attachment":[{"href":"https:\/\/www.europesays.com\/pl\/wp-json\/wp\/v2\/media?parent=649878"}],"wp:term":[{"taxonomy":"category","embeddable":true,"href":"https:\/\/www.europesays.com\/pl\/wp-json\/wp\/v2\/categories?post=649878"},{"taxonomy":"post_tag","embeddable":true,"href":"https:\/\/www.europesays.com\/pl\/wp-json\/wp\/v2\/tags?post=649878"}],"curies":[{"name":"wp","href":"https:\/\/api.w.org\/{rel}","templated":true}]}}