{"id":649900,"date":"2026-08-27T13:27:31","date_gmt":"2026-08-27T13:27:31","guid":{"rendered":"https:\/\/www.europesays.com\/pl\/649900\/"},"modified":"2026-08-27T13:27:31","modified_gmt":"2026-08-27T13:27:31","slug":"polska-ma-coraz-wiecej-medykow-problem-w-tym-ze-nie-wszyscy-pracuja-w-zawodzie","status":"publish","type":"post","link":"https:\/\/www.europesays.com\/pl\/649900\/","title":{"rendered":"Polska ma coraz wi\u0119cej medyk\u00f3w. Problem w tym, \u017ce nie wszyscy pracuj\u0105 w zawodzie"},"content":{"rendered":"<p>\t\t&#13;<br \/>\nLiczba pracuj\u0105cych medyk\u00f3w ro\u015bnie, ale tempo wzrostu jest nier\u00f3wne. Najszybciej zwi\u0119ksza\u0142a si\u0119 liczba fizjoterapeut\u00f3w (+15,7 proc. od 2022 r.), wolniej lekarzy (+9,2 proc.) i piel\u0119gniarek (+4 proc.), a liczba po\u0142o\u017cnych wzros\u0142a tylko o 2 proc.&#13;<br \/>\nDost\u0119pno\u015b\u0107 lekarzy i piel\u0119gniarek pozostaje ni\u017csza ni\u017c \u015brednio w UE. Polska zajmowa\u0142a w 2024 r. 19. miejsce pod wzgl\u0119dem liczby lekarzy i 15. miejsce pod wzgl\u0119dem liczby piel\u0119gniarek na 10 tys. ludno\u015bci.\u00a0&#13;<br \/>\nLiczba os\u00f3b z prawem wykonywania zawodu jest wyra\u017anie wi\u0119ksza ni\u017c os\u00f3b faktycznie pracuj\u0105cych. Oznacza to, \u017ce cz\u0119\u015b\u0107 os\u00f3b uprawnionych nie pracuje obecnie w zawodzie.&#13;<\/p>\n<p>Z raportu &#8222;Zasoby kadrowe w wybranych zawodach medycznych na podstawie \u017ar\u00f3de\u0142 administracyjnych w 2025 r.&#8221; opublikowanego przez GUS wynika, \u017ce w 2025 r. liczba lekarzy pracuj\u0105cych bezpo\u015brednio z pacjentem wynios\u0142a 143,6 tys. os\u00f3b. To o 2,4 tys. (1,7 proc.) wi\u0119cej ni\u017c rok wcze\u015bniej. By\u0142 to jednak mniejszy wzrost ni\u017c w dw\u00f3ch poprzednich latach.<\/p>\n<p>Od 2022 r. liczba praktykuj\u0105cych lekarzy zwi\u0119kszy\u0142a si\u0119 \u0142\u0105cznie o 12,1 tys. (9,2 proc.). Nieco szybciej ros\u0142a liczba lekarek, w efekcie czego ich udzia\u0142 w og\u00f3lnej liczbie lekarzy wzr\u00f3s\u0142 z 58,6 proc. w 2022 r. do 59,2 proc. w 2025 r.<\/p>\n<p>Istotny wk\u0142ad w ten wzrost mieli lekarze z obywatelstwem ukrai\u0144skim. Ich liczba zwi\u0119kszy\u0142a si\u0119 z 1,1 tys. w 2022 r. do prawie 2,7 tys. w 2025 r., czyli o 132,5 proc.<\/p>\n<p>\t\t<img decoding=\"async\" loading=\"lazy\" alt=\"Liczba lekarzy pracuj\u0105cych z pacjentem. Fot. Materia\u0142y prasowe \/ GUS\" src=\"https:\/\/www.europesays.com\/pl\/wp-content\/uploads\/2026\/08\/138933.png\" width=\"990\" height=\"543\"\/><\/p>\n<p>\n\t\tLiczba lekarzy pracuj\u0105cych z pacjentem. Fot. Materia\u0142y prasowe \/ GUS\n\t<\/p>\n<p>Warto doda\u0107, \u017ce\u00a0 liczba mieszkaj\u0105cych w Polsce os\u00f3b, kt\u00f3re maj\u0105 prawo wykonywania zawodu lekarza, wynios\u0142a 171,2 tys., czyli o 27,7 tys. wi\u0119cej (o 19,3 proc. wi\u0119cej) ni\u017c liczba lekarzy pracuj\u0105cych z pacjentem.<\/p>\n<p>        <a href=\"https:\/\/www.pulshr.pl\/rynek-zdrowia\/10-tys-miejsc-na-medycynie-a-lekarzy-wciaz-brakuje-pacjenci-czekaja-miesiacami,120660.html\" class=\"read-more-box-img-cnt\" rel=\"nofollow noopener\" target=\"_blank\"><br \/>\n        \t            <img decoding=\"async\" src=\"https:\/\/www.europesays.com\/pl\/wp-content\/uploads\/2026\/08\/138026_r0_300.jpg\" class=\"read-more-box-img\" loading=\"lazy\" alt=\"10 tys. miejsc na medycynie, a lekarzy wci\u0105\u017c brakuje. Pacjenci czekaj\u0105 miesi\u0105cami\" width=\"300\" height=\"200\"\/><br \/>\n                    <\/a><\/p>\n<p>Polska poni\u017cej \u015bredniej UE. Du\u017ce r\u00f3\u017cnice w dost\u0119pno\u015bci lekarzy mi\u0119dzy wojew\u00f3dztwami<\/p>\n<p>Liczba lekarzy na 10 tys. ludno\u015bci jest miar\u0105 potencjalnej dost\u0119pno\u015bci us\u0142ug lekarskich. Z danych GUS-u wynika, \u017ce w 2025 r. najwy\u017csze warto\u015bci wska\u017anika odnotowano w wojew\u00f3dztwach mazowieckim (46,9) i \u0142\u00f3dzkim (45,4), a najni\u017csze w lubuskim (27,1), opolskim (28,1), warmi\u0144sko-mazurskim (28,3) i podkarpackim (30,5). \u015arednia dla Polski wynios\u0142a 38,5.<\/p>\n<p>W 2024 r. Polska zajmowa\u0142a 19. miejsce w\u015br\u00f3d 26 por\u00f3wnywanych pa\u0144stw UE pod wzgl\u0119dem liczby lekarzy na 10 tys. ludno\u015bci rezyduj\u0105cej. Wska\u017anik dla Polski wyni\u00f3s\u0142 38,6 wobec 45,2 dla UE (dane Eurostatu). Oznacza to ni\u017csz\u0105 ni\u017c przeci\u0119tna w UE potencjaln\u0105 dost\u0119pno\u015b\u0107 lekarzy.<\/p>\n<p>\t\t<img decoding=\"async\" loading=\"lazy\" alt=\"Liczba lekarzy pracuj\u0105cych z pacjentem na 10 tys. ludno\u015bci rezyduj\u0105cej w krajach Unii Europejskiej w 2024 r. Fot. Materia\u0142y prasowe \/ GUS\" src=\"https:\/\/www.europesays.com\/pl\/wp-content\/uploads\/2026\/08\/138934.png\" width=\"990\" height=\"543\"\/><\/p>\n<p>\n\t\tLiczba lekarzy pracuj\u0105cych z pacjentem na 10 tys. ludno\u015bci rezyduj\u0105cej w krajach Unii Europejskiej w 2024 r. Fot. Materia\u0142y prasowe \/ GUS\n\t<\/p>\n<p>Lekarze coraz cz\u0119\u015bciej maj\u0105 specjalizacj\u0119. Jakie wybieraj\u0105 najch\u0119tniej?<\/p>\n<p>63,9 proc. pracuj\u0105cych w Polsce lekarzy mia\u0142o co najmniej jedn\u0105 specjalizacj\u0119. Liczba lekarzy specjalist\u00f3w wynios\u0142a 91,8 tys. wobec 91,1 tys. w 2024 r.<\/p>\n<p>Najwi\u0119cej lekarzy specjalizowa\u0142o si\u0119 w:<\/p>\n<p>&#13;<br \/>\nchorobach wewn\u0119trznych (18,3 tys.),&#13;<br \/>\nmedycynie rodzinnej (11 tys.),&#13;<br \/>\npediatrii (7,6 tys.),&#13;<br \/>\npo\u0142o\u017cnictwie i ginekologii (6,2 tys.),&#13;<br \/>\nchirurgii og\u00f3lnej (5,8 tys.),&#13;<br \/>\nanestezjologii i intensywnej terapii (5,7 tys.),&#13;<br \/>\nkardiologii (5,2 tys.),&#13;<br \/>\nortopedii i traumatologii n. ruchu (4 tys.),&#13;<br \/>\npsychiatrii (3,9 tys.),&#13;<br \/>\nradiologii i diagnostyce obrazowej (3,9 tys.),&#13;<br \/>\nokulistyce (3,7 tys.),&#13;<br \/>\nneurologii (3,5 tys.),&#13;<br \/>\nchorobach p\u0142uc (2,4 tys.),&#13;<br \/>\notorynolaryngologii (2,1 tys.),&#13;<br \/>\ndermatologii i wenerologii (1,9 tys.).&#13;<\/p>\n<p>W 2025 r. pracowa\u0142o w Polsce 37 tys. lekarzy dentyst\u00f3w, z czego 73,5 proc. stanowi\u0142y kobiety. Ich liczba wzros\u0142a nieznacznie, o niespe\u0142na 0,1 tys. wzgl\u0119dem 2024 r., po wi\u0119kszych wzrostach w dw\u00f3ch poprzednich latach.<\/p>\n<p>Udzia\u0142 obywateli Ukrainy w\u015br\u00f3d pracuj\u0105cych dentyst\u00f3w spad\u0142 z 2,1 proc. w 2024 r. do 1,9 proc. w 2025 r.<\/p>\n<p>Piel\u0119gniarek jest wi\u0119cej, ale do \u015bredniej UE wci\u0105\u017c daleko<\/p>\n<p>Wed\u0142ug danych GUS-u w 2025 r. zaw\u00f3d piel\u0119gniarki lub piel\u0119gniarza wykonywa\u0142o 223 tys. os\u00f3b. To o 3,1 tys. (1,4 proc.) wi\u0119cej ni\u017c rok wcze\u015bniej. Od 2022 r. ich liczba wzros\u0142a o 8,7 tys. (4 proc.).<\/p>\n<p>Zaw\u00f3d ten nadal wykonuj\u0105 g\u0142\u00f3wnie kobiety, cho\u0107 ich udzia\u0142 zmniejszy\u0142 si\u0119 z 96,8 proc. w 2022 r. do 95,8 proc. w 2025 r.<\/p>\n<p>\t\t<img decoding=\"async\" loading=\"lazy\" alt=\"Liczba piel\u0119gniarek pracuj\u0105cych z pacjentem. Fot. Materia\u0142y prasowe \/ GUS\" src=\"https:\/\/www.europesays.com\/pl\/wp-content\/uploads\/2026\/08\/138937.png\" width=\"990\" height=\"543\"\/><\/p>\n<p>\n\t\tLiczba piel\u0119gniarek pracuj\u0105cych z pacjentem. Fot. Materia\u0142y prasowe \/ GUS\n\t<\/p>\n<p>W 2025 r. osoby z obywatelstwem ukrai\u0144skim stanowi\u0142y 0,7 proc. praktykuj\u0105cych w Polsce piel\u0119gniarek (1,6 tys. os\u00f3b) wobec 0,2 proc. (0,3 tys.) w 2022 r.<\/p>\n<p>Na 10 tys. mieszka\u0144c\u00f3w przypada\u0142o \u015brednio 59,7 piel\u0119gniarek. Najwy\u017cszy wska\u017anik odnotowano w wojew\u00f3dztwach \u015bwi\u0119tokrzyskim (73,5) i lubelskim (71,1), a najni\u017cszy w pomorskim (48,1), lubuskim (48,4), zachodniopomorskim (48,6) i wielkopolskim (48,8).<\/p>\n<p>        <a href=\"https:\/\/www.pulshr.pl\/rynek-zdrowia\/polki-nie-cha-byc-pielegniarkami-srednia-wieku-w-zawodzie-to-az-55-lat,119019.html\" class=\"read-more-box-img-cnt\" rel=\"nofollow noopener\" target=\"_blank\"><br \/>\n        \t            <img decoding=\"async\" src=\"https:\/\/www.europesays.com\/pl\/wp-content\/uploads\/2026\/08\/135952_r0_300.jpg\" class=\"read-more-box-img\" loading=\"lazy\" alt=\"Polki nie ch\u0105 by\u0107 piel\u0119gniarkami. \u015arednia wieku w zawodzie to a\u017c 55 lat\" width=\"300\" height=\"200\"\/><br \/>\n                    <\/a><\/p>\n<p>W 2024 r. Polska zajmowa\u0142a 15. miejsce w\u015br\u00f3d 24 por\u00f3wnywanych kraj\u00f3w UE pod wzgl\u0119dem liczby piel\u0119gniarek na 10 tys. ludno\u015bci. Wska\u017anik dla Polski wyni\u00f3s\u0142 60,1 wobec 80,7 dla UE, co oznacza ni\u017csz\u0105 potencjaln\u0105 dost\u0119pno\u015b\u0107 piel\u0119gniarek ni\u017c \u015brednio w Unii.<\/p>\n<p>\t\t<img decoding=\"async\" loading=\"lazy\" alt=\"Liczba piel\u0119gniarek pracuj\u0105cych z pacjentem na 10 tys. ludno\u015bci rezyduj\u0105cej  w krajach Unii Europejskiej w 2024 r. Fot. Materia\u0142y prasowe \/ GUS\" src=\"https:\/\/www.europesays.com\/pl\/wp-content\/uploads\/2026\/08\/138940.png\" width=\"990\" height=\"543\"\/><\/p>\n<p>\n\t\tLiczba piel\u0119gniarek pracuj\u0105cych z pacjentem na 10 tys. ludno\u015bci rezyduj\u0105cej  w krajach Unii Europejskiej w 2024 r. Fot. Materia\u0142y prasowe \/ GUS\n\t<\/p>\n<p>W 2025 r. w Polsce mieszka\u0142o 330,9 tys. os\u00f3b posiadaj\u0105cych prawo wykonywania zawodu piel\u0119gniarki wobec 323,6 tys. w 2024 r. Zdecydowan\u0105 wi\u0119kszo\u015b\u0107 stanowi\u0142y kobiety (96,5 proc.).<\/p>\n<p>\u015aredni wiek os\u00f3b uprawnionych do wykonywania zawodu wynosi\u0142 54 lata wobec 49 lat w\u015br\u00f3d piel\u0119gniarek pracuj\u0105cych bezpo\u015brednio z pacjentem.<\/p>\n<p>Po\u0142o\u017cnych przybywa bardzo powoli. Polska jednak w czo\u0142\u00f3wce UE<\/p>\n<p>Jak podaje GUS, w 2025 r. z pacjentkami pracowa\u0142o 29 tys. po\u0142o\u017cnych, o 0,6 proc. wi\u0119cej ni\u017c rok wcze\u015bniej. Od 2022 r. ich liczba wzros\u0142a o 0,6 tys. (2 proc.).<\/p>\n<p>Na 10 tys. kobiet przypada\u0142o \u015brednio 15 po\u0142o\u017cnych. Najwy\u017csze warto\u015bci wska\u017anika odnotowano w wojew\u00f3dztwach mazowieckim (17,6) i \u0142\u00f3dzkim (17,4), a najni\u017csz\u0105 w lubuskim (10,8).<\/p>\n<p>W 2024 r. Polska zajmowa\u0142a 3. miejsce w\u015br\u00f3d 25 por\u00f3wnywanych kraj\u00f3w UE pod wzgl\u0119dem liczby po\u0142o\u017cnych na 10 tys. ludno\u015bci rezyduj\u0105cej. Obliczony przez Eurostat wska\u017anik dla Polski wyni\u00f3s\u0142 7,9 wobec 3,8 dla UE.<\/p>\n<p>        <a href=\"https:\/\/www.pulshr.pl\/rynek-zdrowia\/prezes-zus-o-podwyzkach-dla-lekarzy-orzecznikow-to-nie-do-konca-prawda,120820.html\" class=\"read-more-box-img-cnt\" rel=\"nofollow noopener\" target=\"_blank\"><br \/>\n        \t            <img decoding=\"async\" src=\"https:\/\/www.europesays.com\/pl\/wp-content\/uploads\/2026\/08\/138215_r0_300.jpg\" class=\"read-more-box-img\" loading=\"lazy\" alt=\"Prezes ZUS o podwy\u017ckach dla lekarzy orzecznik\u00f3w. &quot;To nie do ko\u0144ca prawda&quot;\" width=\"300\" height=\"200\"\/><br \/>\n                    <\/a><\/p>\n<p>W 2025 r. w Polsce mieszka\u0142o 43,7 tys. os\u00f3b posiadaj\u0105cych prawo wykonywania zawodu po\u0142o\u017cnej wobec 42,9 tys. rok wcze\u015bniej. By\u0142o to o 14,7 tys. wi\u0119cej, ni\u017c wynosi liczba po\u0142o\u017cnych pracuj\u0105cych w zawodzie.<\/p>\n<p>Fizjoterapeut\u00f3w przybywa, ale co pi\u0105ty uprawniony nie pracuje w zawodzie<\/p>\n<p>W 2025 r. zaw\u00f3d fizjoterapeuty wykonywa\u0142o 64,6 tys. os\u00f3b, o 2,5 tys. (4 proc.) wi\u0119cej ni\u017c rok wcze\u015bniej. Od 2022 r. ich liczba wzros\u0142a o 8,8 tys. (15,7 proc.).<\/p>\n<p>Fizjoterapeutkami s\u0105 g\u0142\u00f3wnie kobiety, cho\u0107 ich udzia\u0142 nieznacznie spad\u0142 \u2013 z 72,8 proc. w 2022 r. do 71,7 proc. w 2025 r.<\/p>\n<p>\t\t<img decoding=\"async\" loading=\"lazy\" alt=\"Liczba fizjoterapeut\u00f3w pracuj\u0105cych z pacjentem.  Fot. Materia\u0142y prasowe \/ GUS\" src=\"https:\/\/www.europesays.com\/pl\/wp-content\/uploads\/2026\/08\/138938.png\" width=\"990\" height=\"543\"\/><\/p>\n<p>\n\t\tLiczba fizjoterapeut\u00f3w pracuj\u0105cych z pacjentem.  Fot. Materia\u0142y prasowe \/ GUS\n\t<\/p>\n<p>W 2025 r. na 10 tys. mieszka\u0144c\u00f3w przypada\u0142o \u015brednio 17,3 fizjoterapeut\u00f3w. Najwy\u017cszy wska\u017anik odnotowano w wojew\u00f3dztwach podkarpackim (22,5) i \u015bwi\u0119tokrzyskim (22,2), a najni\u017cszy w lubuskim (11,6).<\/p>\n<p>W 2024 r. Polska zajmowa\u0142a 7. miejsce w\u015br\u00f3d 26 por\u00f3wnywanych kraj\u00f3w UE pod wzgl\u0119dem liczby fizjoterapeut\u00f3w na 10 tys. ludno\u015bci rezyduj\u0105cej. Wska\u017anik dla Polski wyni\u00f3s\u0142 17 wobec 15,1 dla UE.<\/p>\n<p>W 2025 r. w Polsce mieszka\u0142o 84,6 tys. os\u00f3b posiadaj\u0105cych prawo wykonywania zawodu fizjoterapeuty wobec 81,2 tys. rok wcze\u015bniej. By\u0142o to o 20 tys. wi\u0119cej, ni\u017c wynosi liczba os\u00f3b aktualnie pracuj\u0105cych w zawodzie.<\/p>\n","protected":false},"excerpt":{"rendered":"&#13; Liczba pracuj\u0105cych medyk\u00f3w ro\u015bnie, ale tempo wzrostu jest nier\u00f3wne. Najszybciej zwi\u0119ksza\u0142a si\u0119 liczba fizjoterapeut\u00f3w (+15,7 proc. od&hellip;\n","protected":false},"author":2,"featured_media":649901,"comment_status":"","ping_status":"","sticky":false,"template":"","format":"standard","meta":{"footnotes":"","_share_on_mastodon":"0"},"categories":[12],"tags":[664,20494,127172,54614,127181,127175,127178,49352,99813,127176,127179,9233,40605,49350,40596,40610,127173,42,38,40,39,41,127177,127180,20493,54613,49351,99812,127171,127174],"class_list":["post-649900","post","type-post","status-publish","format-standard","has-post-thumbnail","category-polska","tag-typedefinedterm","tag-13400-html","tag-28749-html","tag-36933-html","tag-39931-html","tag-43036-html","tag-44921-html","tag-48975-html","tag-49339-html","tag-namedentysta","tag-namefizjoterapeuci","tag-namegus","tag-namelekarze","tag-namemedycy","tag-nameochrona-zdrowia","tag-namepielu0119gniarki","tag-namepou0142ou017cne","tag-pl","tag-poland","tag-polish","tag-polska","tag-polski","tag-urlhttps-www-pulshr-pl-lista-dentysta","tag-urlhttps-www-pulshr-pl-lista-fizjoterapeuci","tag-urlhttps-www-pulshr-pl-lista-gus","tag-urlhttps-www-pulshr-pl-lista-lekarze","tag-urlhttps-www-pulshr-pl-lista-medycy","tag-urlhttps-www-pulshr-pl-lista-ochrona-zdrowia","tag-urlhttps-www-pulshr-pl-lista-pielegniarki","tag-urlhttps-www-pulshr-pl-lista-polozne"],"share_on_mastodon":{"url":"","error":"Validation failed: Text character limit of 500 exceeded"},"_links":{"self":[{"href":"https:\/\/www.europesays.com\/pl\/wp-json\/wp\/v2\/posts\/649900","targetHints":{"allow":["GET"]}}],"collection":[{"href":"https:\/\/www.europesays.com\/pl\/wp-json\/wp\/v2\/posts"}],"about":[{"href":"https:\/\/www.europesays.com\/pl\/wp-json\/wp\/v2\/types\/post"}],"author":[{"embeddable":true,"href":"https:\/\/www.europesays.com\/pl\/wp-json\/wp\/v2\/users\/2"}],"replies":[{"embeddable":true,"href":"https:\/\/www.europesays.com\/pl\/wp-json\/wp\/v2\/comments?post=649900"}],"version-history":[{"count":0,"href":"https:\/\/www.europesays.com\/pl\/wp-json\/wp\/v2\/posts\/649900\/revisions"}],"wp:featuredmedia":[{"embeddable":true,"href":"https:\/\/www.europesays.com\/pl\/wp-json\/wp\/v2\/media\/649901"}],"wp:attachment":[{"href":"https:\/\/www.europesays.com\/pl\/wp-json\/wp\/v2\/media?parent=649900"}],"wp:term":[{"taxonomy":"category","embeddable":true,"href":"https:\/\/www.europesays.com\/pl\/wp-json\/wp\/v2\/categories?post=649900"},{"taxonomy":"post_tag","embeddable":true,"href":"https:\/\/www.europesays.com\/pl\/wp-json\/wp\/v2\/tags?post=649900"}],"curies":[{"name":"wp","href":"https:\/\/api.w.org\/{rel}","templated":true}]}}