{"id":649930,"date":"2026-08-27T13:46:14","date_gmt":"2026-08-27T13:46:14","guid":{"rendered":"https:\/\/www.europesays.com\/pl\/649930\/"},"modified":"2026-08-27T13:46:14","modified_gmt":"2026-08-27T13:46:14","slug":"nad-bialymstokiem-poleci-samolot-beda-prowadzone-prace-fotogrametryczne","status":"publish","type":"post","link":"https:\/\/www.europesays.com\/pl\/649930\/","title":{"rendered":"Nad Bia\u0142ymstokiem poleci samolot. B\u0119d\u0105 prowadzone prace fotogrametryczne"},"content":{"rendered":"\n<p>            <img decoding=\"async\" class=\"art-figimg\" src=\"https:\/\/www.europesays.com\/pl\/wp-content\/uploads\/2026\/08\/150556-e.jpg\" width=\"375\" height=\"250\" alt=\"Nad Bia\u0142ymstokiem poleci samolot. B\u0119d\u0105 prowadzone prace fotogrametryczne\" loading=\"lazy\" fetchpriority=\"high\"\/><br \/>\n            Fot: Pixabay.com<\/p>\n<p class=\"art-lid\">W pi\u0105tek, 28 sierpnia, nad cz\u0119\u015bci\u0105 Bia\u0142egostoku prowadzone b\u0119d\u0105 prace lotnicze zwi\u0105zane z realizacj\u0105 projektu dotycz\u0105cego Narwia\u0144skiego Parku Narodowego. Samolot b\u0119dzie wykonywa\u0142 pomiary i zdj\u0119cia terenu.<\/p>\n<p class=\"art-cont\">Prace zaplanowano w godzinach 8:00\u201317:00, cz\u0119\u015bciowo w granicach administracyjnych miasta. Zostan\u0105 wykonane z wykorzystaniem samolotu Piper Navajo Chieftain PA-31 o numerze rejestracyjnym SP-FPP.<\/p>\n<p>Statek powietrzny nale\u017cy do firmy MGGP Aero Sp. z o.o., kt\u00f3ra realizuje prace fotogrametryczne na potrzeby projektu \u201eNarwia\u0144ski Park Narodowy\u201d.<\/p>\n<p>Ze wzgl\u0119du na charakter prac samolot mo\u017ce wielokrotnie pojawia\u0107 si\u0119 nad okre\u015blonymi obszarami miasta.<\/p>\n<p>Fotogrametria lotnicza polega na pozyskiwaniu danych o terenie za pomoc\u0105 zdj\u0119\u0107 wykonywanych z powietrza.<\/p>\n<p class=\"art-autimg\">\n<p>                            <img decoding=\"async\" class=\"art-autimgi\" src=\"https:\/\/www.europesays.com\/pl\/wp-content\/uploads\/2026\/08\/1787838374_657_avatar_1x.jpg\" alt=\"Katarzyna Kozio\u0142\" width=\"64\" height=\"64\" loading=\"lazy\"\/><\/p>\n<p class=\"art-autname\">Katarzyna Kozio\u0142<\/p>\n<p>24@bialystokonline.pl<\/p>\n<p>Przeczytaj tak\u017ce<\/p>\n<p>&#13;<br \/>\n&#13;<br \/>\n&#13;<br \/>\n<img loading=\"lazy\" decoding=\"async\" src=\"https:\/\/www.europesays.com\/pl\/wp-content\/uploads\/2026\/08\/1787838374_851_adlog.gif\" width=\"0\" height=\"0\" alt=\"\" style=\"width: 0px; height: 0px;\"\/><\/p>\n<p>Popularne dzisiaj<\/p>\n","protected":false},"excerpt":{"rendered":"Fot: Pixabay.com W pi\u0105tek, 28 sierpnia, nad cz\u0119\u015bci\u0105 Bia\u0142egostoku prowadzone b\u0119d\u0105 prace lotnicze zwi\u0105zane z realizacj\u0105 projektu dotycz\u0105cego&hellip;\n","protected":false},"author":2,"featured_media":649931,"comment_status":"","ping_status":"","sticky":false,"template":"","format":"standard","meta":{"footnotes":"","_share_on_mastodon":"0"},"categories":[51614],"tags":[2151,54253,51731,113,51730,3754,51738,51735,4041,39221,1096,1089,399,17334,51736,2921,3840,51734,8736,1232,127195,120,7116,17265,19285,42,5083,38,40,39,41,39229,6309,1756,8815,38950,123,1030,800,4278,1323,51737,2879,127196,253],"class_list":["post-649930","post","type-post","status-publish","format-standard","has-post-thumbnail","category-bialystok","tag-bialystok","tag-bialystokaktualnosci","tag-bialystokonline","tag-biznes","tag-bstok","tag-dom","tag-drobne","tag-firm","tag-firmy","tag-fotogrametria","tag-hotele","tag-imprezy","tag-informacje","tag-katalog","tag-kina","tag-koncert","tag-lokale","tag-miejski","tag-mieszkanie","tag-motoryzacja","tag-nad-bialymstokiem-poleci-samolot-beda-prowadzone-prace-fotogrametryczne","tag-nauka","tag-ogloszenia","tag-on-line","tag-online","tag-pl","tag-podlasie","tag-poland","tag-polish","tag-polska","tag-polski","tag-pomiary","tag-portal","tag-praca","tag-repertuar","tag-rozklad","tag-rozrywka","tag-samolot","tag-teatr","tag-turystyka","tag-uroda","tag-urzedy","tag-zakupy","tag-zdjecia-lotnicze","tag-zdrowie"],"share_on_mastodon":{"url":"","error":""},"_links":{"self":[{"href":"https:\/\/www.europesays.com\/pl\/wp-json\/wp\/v2\/posts\/649930","targetHints":{"allow":["GET"]}}],"collection":[{"href":"https:\/\/www.europesays.com\/pl\/wp-json\/wp\/v2\/posts"}],"about":[{"href":"https:\/\/www.europesays.com\/pl\/wp-json\/wp\/v2\/types\/post"}],"author":[{"embeddable":true,"href":"https:\/\/www.europesays.com\/pl\/wp-json\/wp\/v2\/users\/2"}],"replies":[{"embeddable":true,"href":"https:\/\/www.europesays.com\/pl\/wp-json\/wp\/v2\/comments?post=649930"}],"version-history":[{"count":0,"href":"https:\/\/www.europesays.com\/pl\/wp-json\/wp\/v2\/posts\/649930\/revisions"}],"wp:featuredmedia":[{"embeddable":true,"href":"https:\/\/www.europesays.com\/pl\/wp-json\/wp\/v2\/media\/649931"}],"wp:attachment":[{"href":"https:\/\/www.europesays.com\/pl\/wp-json\/wp\/v2\/media?parent=649930"}],"wp:term":[{"taxonomy":"category","embeddable":true,"href":"https:\/\/www.europesays.com\/pl\/wp-json\/wp\/v2\/categories?post=649930"},{"taxonomy":"post_tag","embeddable":true,"href":"https:\/\/www.europesays.com\/pl\/wp-json\/wp\/v2\/tags?post=649930"}],"curies":[{"name":"wp","href":"https:\/\/api.w.org\/{rel}","templated":true}]}}