{"id":649940,"date":"2026-08-27T13:51:09","date_gmt":"2026-08-27T13:51:09","guid":{"rendered":"https:\/\/www.europesays.com\/pl\/649940\/"},"modified":"2026-08-27T13:51:09","modified_gmt":"2026-08-27T13:51:09","slug":"enea-ironman-70-3-poznan-zmiany-w-organizacji-ruchu-enea-ironman-70-3-poznan-zmiany-w-organizacji-ruchu","status":"publish","type":"post","link":"https:\/\/www.europesays.com\/pl\/649940\/","title":{"rendered":"Enea IRONMAN 70.3 Pozna\u0144 &#8211; zmiany w organizacji ruchu &#8211; Enea IRONMAN 70.3 Pozna\u0144 &#8211; zmiany w organizacji ruchu"},"content":{"rendered":"<p>Zdj\u0119cie ilustracyjne. fot. Bartosz Jankowski \/ ZDM<\/p>\n<p>Jak informuje Organizator, w weekend 28 &#8211; 30 sierpnia stolica Wielkopolski stanie si\u0119 najwa\u017cniejszym punktem na triathlonowej mapie naszego kraju. Z organizacj\u0105 zawod\u00f3w Enea IRONMAN 70.3 Pozna\u0144 wi\u0105\u017c\u0105 si\u0119 tymczasowe zmiany w organizacji ruchu i rozk\u0142adach komunikacji miejskiej.<\/p>\n<p>Sportowe emocje rozpoczn\u0105 si\u0119 ju\u017c w pi\u0105tek wieczorem &#8211; 28 sierpnia , o godz. 22:00 na tras\u0119 wyrusz\u0105 uczestnicy Night Run Pozna\u0144. Pi\u0119ciokilometrowa trasa biegu zosta\u0142a poprowadzona ulicami Ptasi\u0105, Bu\u0142garsk\u0105, Grunwaldzk\u0105 i W\u0119gorka, z met\u0105 na terenie Enea Stadionu. W godzinach 21:30 \u2013 23:00 cz\u0119\u015bciowo wy\u0142\u0105czone z ruchu zostan\u0105 wy\u017cej wymienione ulice.<br \/>&#13;<br \/>\nW niedziel\u0119 30 sierpnia utrudnienia b\u0119d\u0105 w Poznaniu \u00a0i w powiecie Pozna\u0144skim oraz Szamotulskim.<\/p>\n<p>Trasa rowerowa Enea IRONMAN 70.3 Pozna\u0144 przebiega po drogach w gminach Tarnowo Podg\u00f3rne, Dopiewo, Buk oraz Duszniki. Odcinki dr\u00f3g wojew\u00f3dzkich 306 i 307 b\u0119d\u0105 czasowo wy\u0142\u0105czane z ruchu.<\/p>\n<p>Utrudnienia na drodze Buk &#8211; Duszniki &#8211; Wilczyna spodziewane s\u0105 w godzinach od 9.00 do 14.30.<\/p>\n<p>W godz. 7:00 \u2013 12:00 wy\u0142\u0105czone z ruchu b\u0119d\u0105 tak\u017ce ul. Chojnicka \u2013 Podjazdowa \u2013 Kierska \u2013 Sadowa w Kiekrzu, ul. Kobylnicka \u2013 Lusowska w Sadach oraz ul. Pozna\u0144ska \u2013 Nowa \u2013 Zakrzewska w Lusowie.<\/p>\n<p>W Poznaniu w godzinach od 7:30 do 15:30 cz\u0119\u015bciowo zamkni\u0119te dla ruchu zostan\u0105: ulica Bukowska na zach\u00f3d od ul. Bu\u0142garskiej oraz ul. Bu\u0142garska. Ruch ul. Bu\u0142garsk\u0105 b\u0119dzie jednokierunkowy jezdni\u0105 wschodni\u0105 od ul. Grunwaldzkiej do ul. Bukowskiej, a ruch ul. Bukowsk\u0105 (w tym do lotniska \u0141awica) b\u0119dzie jednokierunkowy w kierunku wylotowym od ul. Bukowskiej do granic miasta. Wjazd i wyjazd na ul. Ptasi\u0105 i Wa\u0142brzysk\u0105 na czas zawod\u00f3w b\u0119dzie mo\u017cliwy od ul. Strzegomskiej i Marceli\u0144skiej.<\/p>\n<p>Szczeg\u00f3\u0142owe informacje nt. planowanych zmian w organizacji ruchu i komunikacji miejskiej w czasie zawod\u00f3w mo\u017cna znale\u017a\u0107 na stronach <a href=\"https:\/\/ironmanpoznan.com.pl\/utrudnienia-w-ruchu\/\" rel=\"nofollow noopener\" target=\"_blank\">https:\/\/ironmanpoznan.com.pl\/utrudnienia-w-ruchu\/<\/a> oraz <a href=\"https:\/\/www.ztm.poznan.pl\/\" rel=\"nofollow noopener\" target=\"_blank\">www.ztm.poznan.pl<\/a><\/p>\n<p>\u015aluzy na trasie wy\u015bcigu w Powiecie Pozna\u0144skim, Szamotulskim i w Poznaniu<\/p>\n<p>U\u0142atwiaj\u0105c komunikacj\u0119 mieszka\u0144com na wybranych skrzy\u017cowaniach zostan\u0105 utworzone \u015bluzy umo\u017cliwiaj\u0105ce przejazd w poprzek trasy:<\/p>\n<p>MIASTO POZNA\u0143<\/p>\n<p>&#13;<br \/>\n\tPodjazdowa\/Kierska \u2013 Ko\u015bciuszki\/Biwakowa&#13;<br \/>\n\tBukowska \u2013 S\u0142awi\u0144ska&#13;<br \/>\n\tBukowska \u2013 Z\u0142otowska&#13;<br \/>\n\tBukowska \u2013 Le\u015bnych Skrzat\u00f3w&#13;<br \/>\n\tBukowska \u2013 Kolorowa&#13;<br \/>\n\tBukowska \u2013 Bu\u0142garska\/Polska&#13;<br \/>\n\tBu\u0142garska \u2013 Polska&#13;<br \/>\n\tBu\u0142garska \u2013 \u0141ubie\u0144ska&#13;<br \/>\n\tBu\u0142garska \u2013 Marceli\u0144ska&#13;<br \/>\n\tBu\u0142garska \u2013 Marsza\u0142kowska&#13;<br \/>\n\tBu\u0142garska \u2013 Ptasia&#13;<\/p>\n<p>POWIAT POZNA\u0143SKI<\/p>\n<p>&#13;<br \/>\n\tKobylniki: Szamotulska (DW-184) \u2013 Kierska \/ Sadowa&#13;<br \/>\n\tSieros\u0142aw: Prosta \/ Le\u015bna \u2013 DW-307&#13;<br \/>\n\tWi\u0119ckowice: Tarnowska \/ Gromadzka \u2013 DW-307&#13;<br \/>\n\tWi\u0119ckowice: Kr\u00f3tka \u2013 Akacjowa&#13;<br \/>\n\tD\u0105browa: Bukowska (DW-307) \u2013 Szkolna&#13;<br \/>\n\tWysogotowo: Bukowska (DW-307) \u2013 Batorowska&#13;<br \/>\n\tBukowska (DW-307) \u2013 Wierzbowa&#13;<br \/>\n\tBukowska (DW-307) \u2013 Sk\u00f3rzewska \/ Rynkowa&#13;<br \/>\n\tBuk, \u015aw. Rocha (DW-306) \u2013 Smugi&#13;<br \/>\n\tBuk, Bohater\u00f3w Bukowskich (DW-306) \u2013 Ogrodowa&#13;<br \/>\n\tNiepruszewo: Pozna\u0144ska (DW-307) \u2013 Le\u015bna \/ Jod\u0142owa&#13;<br \/>\n\tNiepruszewo: Pozna\u0144ska \/ Akacjowa \/ Starowiejska&#13;<\/p>\n<p>Specjalna nawigacja i infolinia<\/p>\n<p>Aby u\u0142atwi\u0107 \u017cycie mieszka\u0144com i kierowcom, wprowadzone zostanie szereg dzia\u0142a\u0144 informacyjnych. Wzd\u0142u\u017c trasy zawod\u00f3w zawieszone zosta\u0142y \u017c\u00f3\u0142te tablice informacyjne, na kt\u00f3rych mo\u017cna znale\u017a\u0107 dat\u0119 i godziny zamkni\u0119cia danego odcinka trasy. Kierowcy mog\u0105 tak\u017ce skorzysta\u0107 z bezp\u0142atnej nawigacji Waze, kt\u00f3ra wskazuj\u0105c drog\u0119 przejazdu b\u0119dzie uwzgl\u0119dnia\u0142a wy\u0142\u0105czenia dr\u00f3g zwi\u0105zane z zawodami.<br \/>&#13;<br \/>\n\u00a0<br \/>&#13;<br \/>\nDodatkowo, pod numerem telefonu 500 261 000 funkcjonowa\u0107 b\u0119dzie specjalna infolinia, na kt\u00f3rej b\u0119dzie mo\u017cna uzyska\u0107 szczeg\u00f3\u0142owe informacje i porady dotycz\u0105ce objazd\u00f3w w trakcie trwania zawod\u00f3w. Infolinia b\u0119dzie dost\u0119pna w poni\u017cszych terminach:<\/p>\n<p>&#13;<br \/>\n\tpi\u0105tek, 28 sierpnia : 15:00 &#8211; 23:00&#13;<br \/>\n\tsobota, 29 sierpnia : 10:00 &#8211; 20:00&#13;<br \/>\n\tniedziela, 30 sierpnia : 7:00 &#8211; 17:00&#13;<\/p>\n<p>Szczeg\u00f3\u0142owy program wydarzenia dost\u0119pny jest na stronie:<br \/>&#13;<br \/>\n<a href=\"https:\/\/ironmanpoznan.com.pl\/program\/\" rel=\"nofollow noopener\" target=\"_blank\">https:\/\/ironmanpoznan.com.pl\/program\/<\/a><\/p>\n","protected":false},"excerpt":{"rendered":"Zdj\u0119cie ilustracyjne. fot. Bartosz Jankowski \/ ZDM Jak informuje Organizator, w weekend 28 &#8211; 30 sierpnia stolica Wielkopolski&hellip;\n","protected":false},"author":2,"featured_media":649941,"comment_status":"","ping_status":"","sticky":false,"template":"","format":"standard","meta":{"footnotes":"","_share_on_mastodon":"0"},"categories":[51609],"tags":[1854,42,38,40,39,41,1817,63873,57564,63872,3806,55490,33725],"class_list":["post-649940","post","type-post","status-publish","format-standard","has-post-thumbnail","category-poznan","tag-drogi","tag-pl","tag-poland","tag-polish","tag-polska","tag-polski","tag-poznan","tag-poznanskie","tag-ulice","tag-w-pozaniu","tag-zarzad","tag-zarzad-drog-miejskich","tag-zdm"],"share_on_mastodon":{"url":"https:\/\/pubeurope.com\/@pl\/117167802957901166","error":""},"_links":{"self":[{"href":"https:\/\/www.europesays.com\/pl\/wp-json\/wp\/v2\/posts\/649940","targetHints":{"allow":["GET"]}}],"collection":[{"href":"https:\/\/www.europesays.com\/pl\/wp-json\/wp\/v2\/posts"}],"about":[{"href":"https:\/\/www.europesays.com\/pl\/wp-json\/wp\/v2\/types\/post"}],"author":[{"embeddable":true,"href":"https:\/\/www.europesays.com\/pl\/wp-json\/wp\/v2\/users\/2"}],"replies":[{"embeddable":true,"href":"https:\/\/www.europesays.com\/pl\/wp-json\/wp\/v2\/comments?post=649940"}],"version-history":[{"count":0,"href":"https:\/\/www.europesays.com\/pl\/wp-json\/wp\/v2\/posts\/649940\/revisions"}],"wp:featuredmedia":[{"embeddable":true,"href":"https:\/\/www.europesays.com\/pl\/wp-json\/wp\/v2\/media\/649941"}],"wp:attachment":[{"href":"https:\/\/www.europesays.com\/pl\/wp-json\/wp\/v2\/media?parent=649940"}],"wp:term":[{"taxonomy":"category","embeddable":true,"href":"https:\/\/www.europesays.com\/pl\/wp-json\/wp\/v2\/categories?post=649940"},{"taxonomy":"post_tag","embeddable":true,"href":"https:\/\/www.europesays.com\/pl\/wp-json\/wp\/v2\/tags?post=649940"}],"curies":[{"name":"wp","href":"https:\/\/api.w.org\/{rel}","templated":true}]}}