{"id":649956,"date":"2026-08-27T13:59:13","date_gmt":"2026-08-27T13:59:13","guid":{"rendered":"https:\/\/www.europesays.com\/pl\/649956\/"},"modified":"2026-08-27T13:59:13","modified_gmt":"2026-08-27T13:59:13","slug":"media-linetty-blisko-powrotu-do-ekstraklasy-zostaly-testy-medyczne","status":"publish","type":"post","link":"https:\/\/www.europesays.com\/pl\/649956\/","title":{"rendered":"Media. Linetty blisko powrotu do Ekstraklasy. Zosta\u0142y testy medyczne"},"content":{"rendered":"\n<p class=\"contentpart contentpart--default contentpart--text\" data-position=\"0\"><a href=\"https:\/\/sportowefakty.wp.pl\/pilka-nozna\/karol-linetty\" rel=\"nofollow noopener\" target=\"_blank\">Karol Linetty<\/a>\u00a0po rozstaniu z\u00a0Kocaelisporem trenowa\u0142 go\u015bcinnie na obiektach Lecha Pozna\u0144. Mistrzowie Polski nie byli jednak zainteresowani tym, by podpisa\u0107 umow\u0119 ze swoim by\u0142ym zawodnikiem.<\/p>\n<p class=\"contentpart contentpart--default contentpart--text\" data-position=\"1\">31-latek najprawdopodobniej do\u0142\u0105czy do <a href=\"https:\/\/sportowefakty.wp.pl\/pilka-nozna\/slask-wroclaw\" rel=\"nofollow noopener\" target=\"_blank\">\u015al\u0105ska Wroc\u0142aw<\/a>. Tak\u0105 informacj\u0119 przekaza\u0142 Piotr Janas z &#8222;Gazety Wroc\u0142awskiej&#8221;. Dziennikarz napisa\u0142, \u017ce strony ustali\u0142y ju\u017c niemal wszystkie warunki wsp\u00f3\u0142pracy.<\/p>\n<p>  <img decoding=\"async\" src=\"https:\/\/v.wpimg.pl\/X3dwLnN2d1IFFTpdYUl6R0ZNbgcnEHQREVV2TGEGbUtRT2MdOlZ2RBQUKABgQjQcDRotCStBd1IAAWMeIlM7VgwYIAorQAdEFFk_GCkQJQ\" alt=\"\" width=\"45\" height=\"58\" loading=\"lazy\"\/>  <\/p>\n<p class=\"contentpart contentpart--default contentpart--text\" data-position=\"2\">ZOBACZ WIDEO: Polak \u017cyje w Hiszpanii jak w raju. &#8222;Nie musz\u0119 si\u0119 martwi\u0107 o jutro&#8221;<\/p>\n<p class=\"contentpart contentpart--default contentpart--text\" data-position=\"4\">47-krotny reprezentant Polski musi jeszcze przej\u015b\u0107 testy medyczne, a po nich podpisze kontrakt. O t\u0119 kwesti\u0119 zosta\u0142 zapytany trener beniaminka na przedmeczowej konferencji prasowej.<\/p>\n<p class=\"contentpart contentpart--default contentpart--text\" data-position=\"5\">&#8211;\u00a0B\u0119d\u0119 szczery: rozmawiali\u015bmy na ten temat w klubie i b\u0119d\u0119 bardzo zadowolony, je\u015bli do nas trafi &#8211; odpowiedzia\u0142 Ante Simundza. Jego dru\u017cyna w ostatnim czasie straci\u0142a na d\u0142u\u017cszy czas Micha\u0142a Mokrzyckiego.<\/p>\n<p class=\"contentpart contentpart--default contentpart--text\" data-position=\"6\">W trakcie meczu \u015al\u0105ska z Cracovi\u0105 \u015brodkowy pomocnik\u00a0zerwa\u0142 wi\u0119zad\u0142o krzy\u017cowe w kolanie. Wroc\u0142awianie w pi\u0119ciu meczach ligowych zdobyli pi\u0119\u0107 punkt\u00f3w. Zajmuj\u0105 12. miejsce w tabeli <a href=\"https:\/\/sportowefakty.wp.pl\/pilka-nozna\/pko-ekstraklasa\" rel=\"nofollow noopener\" target=\"_blank\">PKO Ekstraklasy<\/a>.<\/p>\n","protected":false},"excerpt":{"rendered":"Karol Linetty\u00a0po rozstaniu z\u00a0Kocaelisporem trenowa\u0142 go\u015bcinnie na obiektach Lecha Pozna\u0144. Mistrzowie Polski nie byli jednak zainteresowani tym, by&hellip;\n","protected":false},"author":2,"featured_media":649957,"comment_status":"","ping_status":"","sticky":false,"template":"","format":"standard","meta":{"footnotes":"","_share_on_mastodon":"0"},"categories":[24],"tags":[84630,269,1724,42,38,40,39,41,697,127,126],"class_list":["post-649956","post","type-post","status-publish","format-standard","has-post-thumbnail","category-sport","tag-karol-linetty","tag-pilka-nozna","tag-pko-ekstraklasa","tag-pl","tag-poland","tag-polish","tag-polska","tag-polski","tag-slask-wroclaw","tag-sport","tag-sports"],"share_on_mastodon":{"url":"https:\/\/pubeurope.com\/@pl\/117167834102613090","error":""},"_links":{"self":[{"href":"https:\/\/www.europesays.com\/pl\/wp-json\/wp\/v2\/posts\/649956","targetHints":{"allow":["GET"]}}],"collection":[{"href":"https:\/\/www.europesays.com\/pl\/wp-json\/wp\/v2\/posts"}],"about":[{"href":"https:\/\/www.europesays.com\/pl\/wp-json\/wp\/v2\/types\/post"}],"author":[{"embeddable":true,"href":"https:\/\/www.europesays.com\/pl\/wp-json\/wp\/v2\/users\/2"}],"replies":[{"embeddable":true,"href":"https:\/\/www.europesays.com\/pl\/wp-json\/wp\/v2\/comments?post=649956"}],"version-history":[{"count":0,"href":"https:\/\/www.europesays.com\/pl\/wp-json\/wp\/v2\/posts\/649956\/revisions"}],"wp:featuredmedia":[{"embeddable":true,"href":"https:\/\/www.europesays.com\/pl\/wp-json\/wp\/v2\/media\/649957"}],"wp:attachment":[{"href":"https:\/\/www.europesays.com\/pl\/wp-json\/wp\/v2\/media?parent=649956"}],"wp:term":[{"taxonomy":"category","embeddable":true,"href":"https:\/\/www.europesays.com\/pl\/wp-json\/wp\/v2\/categories?post=649956"},{"taxonomy":"post_tag","embeddable":true,"href":"https:\/\/www.europesays.com\/pl\/wp-json\/wp\/v2\/tags?post=649956"}],"curies":[{"name":"wp","href":"https:\/\/api.w.org\/{rel}","templated":true}]}}