{"id":650142,"date":"2026-08-27T15:49:14","date_gmt":"2026-08-27T15:49:14","guid":{"rendered":"https:\/\/www.europesays.com\/pl\/650142\/"},"modified":"2026-08-27T15:49:14","modified_gmt":"2026-08-27T15:49:14","slug":"el-ms-2027-izrael-polska-gdzie-ogladac-mecz-eliminacji-ms-o-ktorej-start","status":"publish","type":"post","link":"https:\/\/www.europesays.com\/pl\/650142\/","title":{"rendered":"El. M\u015a 2027. Izrael &#8211; Polska. Gdzie ogl\u0105da\u0107 mecz eliminacji M\u015a? O kt\u00f3rej start?"},"content":{"rendered":"\n<p class=\"contentpart contentpart--default contentpart--text\" data-position=\"0\">El. <a href=\"https:\/\/sportowefakty.wp.pl\/koszykowka\/ms-2027\" rel=\"nofollow noopener\" target=\"_blank\">M\u015a 2027<\/a>. <a href=\"https:\/\/sportowefakty.wp.pl\/koszykowka\/reprezentacja-izraela\" rel=\"nofollow noopener\" target=\"_blank\">Izrael<\/a>\u00a0&#8211; <a href=\"https:\/\/sportowefakty.wp.pl\/koszykowka\/reprezentacja-polski-mezczyzn\" rel=\"nofollow noopener\" target=\"_blank\">Polska<\/a>. Czy mecz b\u0119dzie w telewizji? Gdzie ogl\u0105da\u0107?<\/p>\n<p class=\"contentpart contentpart--default contentpart--text\" data-position=\"1\">Spotkanie odb\u0119dzie si\u0119 w czwartek, 27 sierpnia 2026 roku o godzinie 20:00 w ramach 1. kolejki drugiej fazy eliminacji M\u015a 2027. Po sze\u015bciu kolejkach Polacy s\u0105 liderem grupy z kompletem sze\u015bciu zwyci\u0119stw, natomiast reprezentacja Izraela zajmuje ostatnie miejsce z bilansem dw\u00f3ch wygranych i czterech pora\u017cek.<\/p>\n<p>  <img decoding=\"async\" src=\"https:\/\/v.wpimg.pl\/X3dwLnN2d1IFFTpdYUl6R0ZNbgcnEHQREVV2TGEGbUtRT2MdOlZ2RBQUKABgQjQcDRotCStBd1IAAWMeIlM7VgwYIAorQAdEFFk_GCkQJQ\" alt=\"\" width=\"45\" height=\"58\" loading=\"lazy\"\/>  <\/p>\n<p class=\"contentpart contentpart--default contentpart--text\" data-position=\"2\">Transmisja telewizyjna z tego wydarzenia b\u0119dzie dost\u0119pna na kanale TVP Sport.<\/p>\n<p class=\"contentpart contentpart--default contentpart--text\" data-position=\"3\">Mecz Izrael &#8211; Polska w internecie. Gdzie znale\u017a\u0107 stream online z eliminacji M\u015a?<\/p>\n<p class=\"contentpart contentpart--default contentpart--text\" data-position=\"4\">Stream online z tego spotkania b\u0119dzie dost\u0119pny na stronie i w aplikacji TVP Sport (sport.tvp.pl) oraz w serwisie Pilot WP. Tekstow\u0105 relacj\u0119 LIVE przeprowadzi portal WP SportoweFakty.<\/p>\n<p class=\"contentpart contentpart--default contentpart--text\" data-position=\"5\"><a href=\"https:\/\/sportowefakty.wp.pl\/koszykowka\/relacja-na-zywo\/181123\/izrael-polska-live\" rel=\"nofollow noopener\" target=\"blank\">Darmowa relacja LIVE z meczu Izrael &#8211; Polska w ramach eliminacji M\u015a na WP SportoweFakty<\/a><\/p>\n<p class=\"contentpart contentpart--default contentpart--text\" data-position=\"6\">Pocz\u0105tek meczu Izrael &#8211; Polska: godz. 20:00. Transmisja TV: TVP Sport. Stream online: sport.tvp.pl. Relacja LIVE: WP SportoweFakty.<\/p>\n<p>  <img decoding=\"async\" src=\"https:\/\/v.wpimg.pl\/X3dwLnN2d1IFFTpdYUl6R0ZNbgcnEHQREVV2TGEGbUtRT2MdOlZ2RBQUKABgQjQcDRotCStBd1IAAWMeIlM7VgwYIAorQAdEFFk_GCkQJQ\" alt=\"\" width=\"45\" height=\"58\" loading=\"lazy\"\/>  <\/p>\n<p class=\"contentpart contentpart--default contentpart--text\" data-position=\"7\">ZOBACZ WIDEO: \u015awiat pozna\u0142 jej talent. &#8222;Rodzi si\u0119 w\u0142a\u015bnie nowa polska supergwiazda?&#8221;<\/p>\n","protected":false},"excerpt":{"rendered":"El. M\u015a 2027. Izrael\u00a0&#8211; Polska. Czy mecz b\u0119dzie w telewizji? Gdzie ogl\u0105da\u0107? Spotkanie odb\u0119dzie si\u0119 w czwartek, 27&hellip;\n","protected":false},"author":2,"featured_media":650143,"comment_status":"","ping_status":"","sticky":false,"template":"","format":"standard","meta":{"footnotes":"","_share_on_mastodon":"0"},"categories":[12],"tags":[91,2449,47021,42,38,40,39,41,539],"class_list":["post-650142","post","type-post","status-publish","format-standard","has-post-thumbnail","category-polska","tag-izrael","tag-koszykowka","tag-ms-2027","tag-pl","tag-poland","tag-polish","tag-polska","tag-polski","tag-reprezentacje"],"share_on_mastodon":{"url":"https:\/\/pubeurope.com\/@pl\/117168266666769569","error":""},"_links":{"self":[{"href":"https:\/\/www.europesays.com\/pl\/wp-json\/wp\/v2\/posts\/650142","targetHints":{"allow":["GET"]}}],"collection":[{"href":"https:\/\/www.europesays.com\/pl\/wp-json\/wp\/v2\/posts"}],"about":[{"href":"https:\/\/www.europesays.com\/pl\/wp-json\/wp\/v2\/types\/post"}],"author":[{"embeddable":true,"href":"https:\/\/www.europesays.com\/pl\/wp-json\/wp\/v2\/users\/2"}],"replies":[{"embeddable":true,"href":"https:\/\/www.europesays.com\/pl\/wp-json\/wp\/v2\/comments?post=650142"}],"version-history":[{"count":0,"href":"https:\/\/www.europesays.com\/pl\/wp-json\/wp\/v2\/posts\/650142\/revisions"}],"wp:featuredmedia":[{"embeddable":true,"href":"https:\/\/www.europesays.com\/pl\/wp-json\/wp\/v2\/media\/650143"}],"wp:attachment":[{"href":"https:\/\/www.europesays.com\/pl\/wp-json\/wp\/v2\/media?parent=650142"}],"wp:term":[{"taxonomy":"category","embeddable":true,"href":"https:\/\/www.europesays.com\/pl\/wp-json\/wp\/v2\/categories?post=650142"},{"taxonomy":"post_tag","embeddable":true,"href":"https:\/\/www.europesays.com\/pl\/wp-json\/wp\/v2\/tags?post=650142"}],"curies":[{"name":"wp","href":"https:\/\/api.w.org\/{rel}","templated":true}]}}