{"id":650232,"date":"2026-08-27T16:44:18","date_gmt":"2026-08-27T16:44:18","guid":{"rendered":"https:\/\/www.europesays.com\/pl\/650232\/"},"modified":"2026-08-27T16:44:18","modified_gmt":"2026-08-27T16:44:18","slug":"kandydatka-razem-chce-zmian-w-krakowie-stawia-na-mieszkania-prace-i-transport","status":"publish","type":"post","link":"https:\/\/www.europesays.com\/pl\/650232\/","title":{"rendered":"Kandydatka Razem chce zmian w Krakowie. Stawia na mieszkania, prac\u0119 i transport"},"content":{"rendered":"<p>\n\t\t\tRazem mo\u017cemy zbudowa\u0107 Krak\u00f3w, kt\u00f3ry naprawd\u0119 dzia\u0142a dla ludzi \u2013 przekonywa\u0142a w czwartek kandydatka Partii Razem na prezydenta miasta Aleksandra Owca. Jako trzy filary swojego programu wymieni\u0142a: mieszkania dla ludzi, pewn\u0105 prac\u0119, nowoczesny transport.\n\t\t<\/p>\n<p>\t\t\t\t\t\t&#13;<br \/>\nKandydatka Partii Razem na prezydenta Krakowa Aleksandra Owca przedstawi\u0142a g\u0142\u00f3wne za\u0142o\u017cenia swojego programu wyborczego. &#13;<br \/>\nW\u015br\u00f3d jego trzech filar\u00f3w wymieni\u0142a mieszkania dla mieszka\u0144c\u00f3w, pewn\u0105 prac\u0119 oraz rozw\u00f3j nowoczesnego transportu. &#13;<br \/>\nOwca chce m.in. w\u0142\u0105czy\u0107 na rynek cz\u0119\u015b\u0107 pustostan\u00f3w, ograniczy\u0107 najem kr\u00f3tkoterminowy oraz rozbudowa\u0107 sie\u0107 tramwajow\u0105 i zintegrowa\u0107 transport miejski z kolej\u0105.&#13;<br \/>\n&#13;<\/p>\n<p>Jak poinformowa\u0142a Aleksandra Owca podczas briefingu na Rynku Podg\u00f3rskim, w \u015brod\u0119 komitet wyborczy z\u0142o\u017cy\u0142 w miejskiej komisji wyborczej listy z podpisami pozwalaj\u0105ce zarejestrowa\u0107 jej kandydatur\u0119 w przedterminowych wyborach prezydenta Krakowa. Wed\u0142ug niej oficjalna rejestracja nast\u0105pi prawdopodobnie w poniedzia\u0142ek.<\/p>\n<p>&#13;<br \/>\n&#13;<\/p>\n<p>\t\t\t\t\t<a href=\"https:\/\/www.portalsamorzadowy.pl\/polityka-i-spoleczenstwo\/23-osoby-chca-rzadzic-w-krakowie-zaczyna-sie-ostra-walka-o-wladze,673757.html\" class=\"read-more-box-img-cnt\" rel=\"nofollow noopener\" target=\"_blank\"><br \/>\n\t\t\t\t<img decoding=\"async\" loading=\"lazy\" width=\"300\" height=\"200\" src=\"https:\/\/www.europesays.com\/pl\/wp-content\/uploads\/2026\/08\/298652_r0_300.jpg\" alt=\"23 osoby chc\u0105 rz\u0105dzi\u0107 w Krakowie. Zaczyna si\u0119 ostra walka o w\u0142adz\u0119\" class=\"read-more-box-img\"\/><br \/>\n\t\t\t<\/a><\/p>\n<p>&#13;<br \/>\nProgram Aleksandry Owcy ma trzy filary: mieszkania, praca i transport\u00a0&#13;<\/p>\n<p>Zdaniem Owcy pod jej kandydatur\u0105 podpisa\u0142y si\u0119 osoby, kt\u00f3re &#8222;wierz\u0105 w to, \u017ce razem mo\u017cemy zbudowa\u0107 Krak\u00f3w, kt\u00f3ry naprawd\u0119 dzia\u0142a dla ludzi&#8221;.<\/p>\n<p>&#13;<br \/>\n&#13;<\/p>\n<p>Najwy\u017cszy czas wybra\u0107 prezydenta, prezydentk\u0119, kt\u00f3ry faktycznie b\u0119dzie dzia\u0142a\u0142 dla ludzi. Mamy ju\u017c do\u015b\u0107 na patrzenia, jak ludzie, kt\u00f3rzy s\u0105 od lat u w\u0142adzy w Krakowie, roztrwaniaj\u0105 nasz potencja\u0142, marnuj\u0105 nasz\u0105 przysz\u0142o\u015b\u0107 i w imi\u0119 jaki\u015b sto\u0142k\u00f3w dla partyjnych koleg\u00f3w, w imi\u0119 politycznych d\u0142ug\u00f3w, tak naprawd\u0119 zostawiaj\u0105 w tyle normalnych ludzi, kt\u00f3rzy tutaj chc\u0105 mieszka\u0107 i pracowa\u0107<\/p>\n<p>&#13;<br \/>\n&#13;<\/p>\n<p>&#8211; podkre\u015bli\u0142a przedstawicielka Partii Razem.<\/p>\n<p>&#13;<\/p>\n<p>Poinformowa\u0142a, \u017ce jej program bazuje na trzech podstawowych filarach: mieszkania dla ludzi, pewna praca, nowoczesny transport.<\/p>\n<p>&#13;<\/p>\n<p>&#8211; To s\u0105 filary oparte na tym, co moim zdaniem jest dla mieszkanek i mieszka\u0144c\u00f3w Krakowa najwa\u017cniejsze &#8211; oceni\u0142a Owca.<\/p>\n<p>&#13;<\/p>\n<p>Podkre\u015bli\u0142a, \u017ce w obliczu wysokich cen i braku dost\u0119pno\u015bci mieszka\u0144 priorytetowa jest polityka mieszkaniowa.<\/p>\n<p>&#13;<\/p>\n<p>Kandydatka postuluje przywr\u00f3cenie na rynek pustostan\u00f3w, kt\u00f3rych liczb\u0119 szacuje na ok. 70 tysi\u0119cy, a tak\u017ce &#8222;postawienie granicy dzikiemu najmowi kr\u00f3tkoterminowemu&#8221;.<\/p>\n<p>&#13;<\/p>\n<p>&#8211; Ca\u0142y rynek, zar\u00f3wno najmu jak i zakupu mieszka\u0144 przez ludzi, kt\u00f3rzy chc\u0105 tutaj normalnie \u017cy\u0107, jest absolutnie chory &#8211; oceni\u0142a kandydatka.<\/p>\n<p>&#13;<\/p>\n<p>Odnosz\u0105c si\u0119 do postulatu &#8222;pewnej pracy&#8221;, oceni\u0142a, \u017ce poprzednie ekipy opar\u0142y przysz\u0142o\u015b\u0107 Krakowa na rozwoju mi\u0119dzynarodowych korporacji obs\u0142uguj\u0105cych procesy biznesowe, kt\u00f3re teraz redukuj\u0105 miejsca pracy z powodu coraz szerszego wykorzystania sztucznej inteligencji oraz przenoszenia ich do pa\u0144stw z ni\u017cszymi kosztami pracy.<\/p>\n<p>&#13;<\/p>\n<p>&#8211; Miasto na to milczy, nie reaguje, w \u017cadnej spos\u00f3b nie wp\u0142ywa na to, jak to wygl\u0105da. Musimy stworzy\u0107 programy, kt\u00f3re b\u0119d\u0105 wspiera\u0142y ludzi trac\u0105cych prac\u0119, a tak\u017ce narz\u0119dzia wspieraj\u0105ce m\u0142odych ludzi dopiero wchodz\u0105cych na rynek pracy. Miasto ma do tego narz\u0119dzia &#8211; przekonywa\u0142a Owca.<\/p>\n<p>&#13;<\/p>\n<p>Wed\u0142ug niej tak\u017ce miasto Krak\u00f3w &#8222;musi sta\u0107 si\u0119 z powrotem porz\u0105dnym i wiarygodnym pracodawc\u0105&#8221;.<\/p>\n<p>&#13;<\/p>\n<p>&#8211; Pracowniczki i pracownicy miejskich instytucji kultury, szpitali, muze\u00f3w, teatr\u00f3w musz\u0105 mie\u0107 pewno\u015b\u0107 co do tego, \u017ce ich prawa pracownicze b\u0119d\u0105 przestrzegane (\u2026). Doprowadz\u0119 do tego, \u017ce te miejskie instytucje b\u0119d\u0105 po prostu porz\u0105dnym pracodawc\u0105 &#8211; zadeklarowa\u0142a kandydatka Razem.<\/p>\n<p>&#13;<\/p>\n<p>\t\t\t\t\t<a href=\"https:\/\/www.portalsamorzadowy.pl\/polityka-i-spoleczenstwo\/wyscig-o-fotel-prezydenta-krakowa-nabiera-tempa-pierwszy-kandydat-gotowy-do-rejestracji,673643.html\" class=\"read-more-box-img-cnt\" rel=\"nofollow noopener\" target=\"_blank\"><br \/>\n\t\t\t\t<img decoding=\"async\" loading=\"lazy\" width=\"300\" height=\"200\" src=\"https:\/\/www.europesays.com\/pl\/wp-content\/uploads\/2026\/08\/298607_r0_300.jpg\" alt=\"Wy\u015bcig o fotel prezydenta Krakowa nabiera tempa. Pierwszy kandydat gotowy do rejestracji\" class=\"read-more-box-img\"\/><br \/>\n\t\t\t<\/a><\/p>\n<p>&#13;<br \/>\nJeden, tani, wsp\u00f3lny bilet integruj\u0105cy komunikacj\u0119 miejsk\u0105 i kolej&#13;<\/p>\n<p>W jej opinii Krak\u00f3w posiada bardzo dobry system transportu publicznego z nowoczesnym taborem, ale musi on zosta\u0107 rozbudowany o nowe linie tramwajowe, na kt\u00f3re od lat czekaj\u0105 mieszka\u0144cy, m.in. na Azory i osiedle Kliny. Owca opowiedzia\u0142a si\u0119 za budow\u0105 metra z wykorzystaniem funduszy centralnych, ale &#8211; jak zauwa\u017cy\u0142a &#8211; nie mo\u017ce to si\u0119 odbywa\u0107 kosztem rozwoju transportu tramwajowego.<\/p>\n<p>&#13;<\/p>\n<p>Chce tak\u017ce wprowadzenia taniego, wsp\u00f3lnego biletu integruj\u0105cego transport miejski i kolej oraz rozbudowy i uzupe\u0142nienie sieci dr\u00f3g rowerowych.<\/p>\n<p>&#13;<\/p>\n<p>Przedterminowe wybory na prezydenta Krakowa odb\u0119d\u0105 si\u0119 27 wrze\u015bnia po tym, jak w maju w referendum odwo\u0142any zosta\u0142 z tej funkcji Aleksander Miszalski (KO).<\/p>\n<p>&#13;<\/p>\n<p>\t\t\t\t\t<a href=\"https:\/\/www.portalsamorzadowy.pl\/polityka-i-spoleczenstwo\/18-dzielnic-18-centrow-bezpieczenstwa-kandydat-pis-przedstawia-plan-dla-krakowa,673537.html\" class=\"read-more-box-img-cnt\" rel=\"nofollow noopener\" target=\"_blank\"><br \/>\n\t\t\t\t<img decoding=\"async\" loading=\"lazy\" width=\"300\" height=\"200\" src=\"https:\/\/www.europesays.com\/pl\/wp-content\/uploads\/2026\/08\/298573_r0_300.jpg\" alt=\"18 dzielnic, 18 centr\u00f3w bezpiecze\u0144stwa. Kandydat PiS przedstawia plan dla Krakowa\" class=\"read-more-box-img\"\/><br \/>\n\t\t\t<\/a><\/p>\n<p>&#13;<\/p>\n<p>Opr\u00f3cz Aleksandry Owcy (Partia Razem) swoj\u0105 kandydatur\u0119 w wyborach zapowiedzieli m.in.: Micha\u0142 Drewnicki (PiS), Bartosz Boche\u0144czak (Konfederacja), \u0141ukasz Giba\u0142a (klub radnych Krak\u00f3w dla Mieszka\u0144c\u00f3w), Daria Gosek-Popio\u0142ek (Lewica), Micha\u0142 Klimek (Konfederacja Korony Polskiej), Monika Pi\u0105tkowska (popierana przez KO i PSL).<\/p>\n<p><img decoding=\"async\" style=\"max-width:80px;\" loading=\"lazy\" src=\"https:\/\/www.europesays.com\/pl\/wp-content\/uploads\/2026\/08\/1787849058_523_081834.png\"\/><\/p>\n","protected":false},"excerpt":{"rendered":"Razem mo\u017cemy zbudowa\u0107 Krak\u00f3w, kt\u00f3ry naprawd\u0119 dzia\u0142a dla ludzi \u2013 przekonywa\u0142a w czwartek kandydatka Partii Razem na prezydenta&hellip;\n","protected":false},"author":2,"featured_media":650233,"comment_status":"","ping_status":"","sticky":false,"template":"","format":"standard","meta":{"footnotes":"","_share_on_mastodon":"0"},"categories":[51606],"tags":[664,1178,10703,86024,90040,10706,54244,54247,90037,54250,1304,54248,90038,10701,90035,54242,54245,10704,86022,42,38,40,39,41,54249,90039,10702,90036,54243,10705,86023,54246],"class_list":["post-650232","post","type-post","status-publish","format-standard","has-post-thumbnail","category-krakow","tag-typedefinedterm","tag-0-html","tag-134-html","tag-13953-html","tag-25017-html","tag-255-html","tag-381-html","tag-54247","tag-8974-html","tag-9979-html","tag-krakow","tag-namealeksander-miszalski","tag-namealeksandra-owca","tag-namekraku00f3w","tag-namepartia-razem","tag-namereferendum","tag-nameserwis-wybory","tag-namewojewu00f3dztwo-mau0142opolskie","tag-namewybory-przedterminowe","tag-pl","tag-poland","tag-polish","tag-polska","tag-polski","tag-urlhttps-www-portalsamorzadowy-pl-klucze-aleksander-miszalski","tag-urlhttps-www-portalsamorzadowy-pl-klucze-aleksandra-owca","tag-urlhttps-www-portalsamorzadowy-pl-klucze-krakow","tag-urlhttps-www-portalsamorzadowy-pl-klucze-partia-razem","tag-urlhttps-www-portalsamorzadowy-pl-klucze-referendum","tag-urlhttps-www-portalsamorzadowy-pl-klucze-wojewodztwo-malopolskie","tag-urlhttps-www-portalsamorzadowy-pl-klucze-wybory-przedterminowe","tag-urlhttps-www-portalsamorzadowy-pl-polityka-i-spoleczenstwo-podserwis-serwis-wybory"],"share_on_mastodon":{"url":"","error":"Validation failed: Text character limit of 500 exceeded"},"_links":{"self":[{"href":"https:\/\/www.europesays.com\/pl\/wp-json\/wp\/v2\/posts\/650232","targetHints":{"allow":["GET"]}}],"collection":[{"href":"https:\/\/www.europesays.com\/pl\/wp-json\/wp\/v2\/posts"}],"about":[{"href":"https:\/\/www.europesays.com\/pl\/wp-json\/wp\/v2\/types\/post"}],"author":[{"embeddable":true,"href":"https:\/\/www.europesays.com\/pl\/wp-json\/wp\/v2\/users\/2"}],"replies":[{"embeddable":true,"href":"https:\/\/www.europesays.com\/pl\/wp-json\/wp\/v2\/comments?post=650232"}],"version-history":[{"count":0,"href":"https:\/\/www.europesays.com\/pl\/wp-json\/wp\/v2\/posts\/650232\/revisions"}],"wp:featuredmedia":[{"embeddable":true,"href":"https:\/\/www.europesays.com\/pl\/wp-json\/wp\/v2\/media\/650233"}],"wp:attachment":[{"href":"https:\/\/www.europesays.com\/pl\/wp-json\/wp\/v2\/media?parent=650232"}],"wp:term":[{"taxonomy":"category","embeddable":true,"href":"https:\/\/www.europesays.com\/pl\/wp-json\/wp\/v2\/categories?post=650232"},{"taxonomy":"post_tag","embeddable":true,"href":"https:\/\/www.europesays.com\/pl\/wp-json\/wp\/v2\/tags?post=650232"}],"curies":[{"name":"wp","href":"https:\/\/api.w.org\/{rel}","templated":true}]}}