{"id":650422,"date":"2026-08-27T18:43:16","date_gmt":"2026-08-27T18:43:16","guid":{"rendered":"https:\/\/www.europesays.com\/pl\/650422\/"},"modified":"2026-08-27T18:43:16","modified_gmt":"2026-08-27T18:43:16","slug":"polska-chce-250-mln-euro-kary-dla-wlasciciela-facebooka-ke-zbada-polskie-dowody-kresy","status":"publish","type":"post","link":"https:\/\/www.europesays.com\/pl\/650422\/","title":{"rendered":"Polska chce 250 mln euro kary dla w\u0142a\u015bciciela Facebooka. KE zbada polskie dowody \u00bb Kresy"},"content":{"rendered":"<p>Polska zwr\u00f3ci\u0142a si\u0119 do Komisji Europejskiej o na\u0142o\u017cenie na Met\u0119 250 mln euro kary za niewystarczaj\u0105ce dzia\u0142ania przeciwko oszuka\u0144czym reklamom i tre\u015bciom. KE potwierdzi\u0142a, \u017ce uwzgl\u0119dni materia\u0142y przekazane przez polskie w\u0142adze w prowadzonym wobec Mety post\u0119powaniu dotycz\u0105cym DSA.<\/p>\n<p>Polska zwr\u00f3ci\u0142a si\u0119 do Komisji Europejskiej o na\u0142o\u017cenie na Met\u0119 kary w wysoko\u015bci 250 mln euro. Minister cyfryzacji i wicepremier Krzysztof Gawkowski zarzuci\u0142 koncernowi, \u017ce nie podejmuje wystarczaj\u0105cych dzia\u0142a\u0144 w celu usuwania oszuka\u0144czych reklam, fa\u0142szywych tre\u015bci i promocji nielegalnych aplikacji.<\/p>\n<p>W czwartek Gawkowski poinformowa\u0142 o skierowaniu do KE pisma w tej sprawie. Dokument z 26 sierpnia opiera si\u0119 mi\u0119dzy innymi na testach przeprowadzonych przez CERT Polska, krajowy zesp\u00f3\u0142 reagowania na incydenty cyberbezpiecze\u0144stwa.<\/p>\n<p>W ramach test\u00f3w zidentyfikowano 122 reklamy zaklasyfikowane jako oszuka\u0144cze. Meta w 106 przypadkach, czyli 86,8 proc. zg\u0142osze\u0144, nie zdecydowa\u0142a si\u0119 na ich usuni\u0119cie. Dziesi\u0119\u0107 reklam zosta\u0142o usuni\u0119tych, a w sze\u015bciu przypadkach nie udzielono odpowiedzi.<\/p>\n<p>\u201eMamy twarde dowody na to, \u017ce platforma nie dzia\u0142a w najlepszym interesie u\u017cytkownik\u00f3w, lecz we w\u0142asnym interesie, co pozwala jej zarabia\u0107 na wprowadzaj\u0105cych w b\u0142\u0105d reklamach\u201d \u2013 powiedzia\u0142 minister cyfryzacji Krzysztof Gawkowski podczas konferencji prasowej.<\/p>\n<p>Gawkowski oceni\u0142, \u017ce dotychczasowe apele o zmian\u0119 sposobu dzia\u0142ania Mety nie przynios\u0142y oczekiwanych rezultat\u00f3w.<\/p>\n<p>\u201eMin\u0105\u0142 ju\u017c czas, kiedy mogli\u015bmy m\u00f3wi\u0107: \u00bbpoprawcie si\u0119\u00ab, a oni odpowiadali: \u00bbpoprawiamy si\u0119\u00ab, podczas gdy obywatele nadal tego nie odczuwali. Teraz nadszed\u0142 czas na kary\u201d \u2013 powiedzia\u0142 Gawkowski.<\/p>\n<p>Minister wezwa\u0142 r\u00f3wnie\u017c Met\u0119 do \u201enatychmiastowego wprowadzenia skutecznych narz\u0119dzi do eliminowania oszustw, fa\u0142szywych reklam oraz promocji nielegalnych aplikacji\u201d.<\/p>\n<p>Komisja Europejska prowadzi w\u0142asne dochodzenie<\/p>\n<p>Rzecznik Komisji Europejskiej ds. cyfryzacji Thomas Regnier potwierdzi\u0142, \u017ce KE otrzyma\u0142a pismo Gawkowskiego. Zaznaczy\u0142, \u017ce problem oszuka\u0144czych reklam i deepfake\u2019\u00f3w jest przedmiotem dzia\u0142a\u0144 Komisji.<\/p>\n<p>\u201eOszuka\u0144cze reklamy i deepfake\u2019i tego typu to, oczywi\u015bcie, bardzo powa\u017cny problem i traktujemy go powa\u017cnie\u201d \u2013 powiedzia\u0142 PAP rzecznik KE.<\/p>\n<p>Regnier poinformowa\u0142, \u017ce Komisja Europejska prowadzi ju\u017c post\u0119powanie przeciwko Mecie na podstawie Aktu o us\u0142ugach cyfrowych. W jego ramach analizowane s\u0105 mi\u0119dzy innymi nielegalne tre\u015bci, w tym deepfake\u2019i. Komisja wst\u0119pnie stwierdzi\u0142a, \u017ce Meta narusza przepisy DSA.<\/p>\n<p>Polska zamierza przekaza\u0107 materia\u0142y zgromadzone w ramach krajowych dzia\u0142a\u0144, a Komisja zadeklarowa\u0142a, \u017ce je przeanalizuje.<\/p>\n<p>\u201eW zwi\u0105zku z tym dochodzeniem z zadowoleniem przyjmujemy wszelkie materia\u0142y, w tym od w\u0142adz krajowych i Polski. Z pewno\u015bci\u0105 przyjrzymy si\u0119 wszystkim tym dowodom i we\u017amiemy je pod uwag\u0119 w naszym dochodzeniu\u201d \u2013 podkre\u015bli\u0142 Regnier.<\/p>\n<p>KE wskazuje na niewdro\u017cenie DSA w Polsce<\/p>\n<p>Rzecznik Komisji Europejskiej zwr\u00f3ci\u0142 jednocze\u015bnie uwag\u0119 na problemy z egzekwowaniem Aktu o us\u0142ugach cyfrowych w Polsce. Wed\u0142ug niego kraj nie upowa\u017cni\u0142 krajowego koordynatora us\u0142ug cyfrowych, kt\u00f3ry odpowiada\u0142by za egzekwowanie przepis\u00f3w DSA.<\/p>\n<p>\u201eAby m\u00f3c prawid\u0142owo egzekwowa\u0107 DSA, polegamy r\u00f3wnie\u017c na pa\u0144stwach cz\u0142onkowskich, a w tym przypadku mamy powa\u017cny problem z Polsk\u0105, poniewa\u017c Polska nie upowa\u017cni\u0142a krajowego koordynatora us\u0142ug cyfrowych\u201d \u2013 zaznaczy\u0142 Regnier.<\/p>\n<p>Doda\u0142, \u017ce organ odpowiedzialny za egzekwowanie DSA w Polsce nie jest aktywny, a polskie w\u0142adze op\u00f3\u017aniaj\u0105 jego powo\u0142anie. Przypomnia\u0142 r\u00f3wnie\u017c, \u017ce w ubieg\u0142ym roku Komisja Europejska pozwa\u0142a Polsk\u0119 do Trybuna\u0142u Sprawiedliwo\u015bci Unii Europejskiej w zwi\u0105zku z niewdro\u017ceniem tych rozwi\u0105za\u0144.<\/p>\n<p>Meta odpowiada na zarzuty<\/p>\n<p>Meta przekaza\u0142a agencji Reuters, \u017ce podejmuje dzia\u0142ania maj\u0105ce ogranicza\u0107 oszustwa na swoich platformach. Firma wskaza\u0142a na inwestycje w technologie oraz wsp\u00f3\u0142prac\u0119 z bran\u017c\u0105 i organami \u015bcigania.<\/p>\n<p>\u201eOszu\u015bci to uporczywi przest\u0119pcy, kt\u00f3rzy stosuj\u0105 coraz bardziej wyrafinowane metody. Dlatego nadal intensywnie inwestujemy w technologie i partnerstwa \u2013 zar\u00f3wno z bran\u017c\u0105, jak i organami \u015bcigania \u2013 aby wykrywa\u0107 i usuwa\u0107 oszust\u00f3w, a ostatecznie ich powstrzyma\u0107\u201d \u2013 napisano w o\u015bwiadczeniu.<\/p>\n<p>Polska chce wsp\u00f3\u0142pracy pa\u0144stw europejskich<\/p>\n<p>Gawkowski zapowiedzia\u0142, \u017ce podczas zbli\u017caj\u0105cego si\u0119 szczytu G20 b\u0119dzie zabiega\u0142 o poparcie europejskich przyw\u00f3dc\u00f3w dla wsp\u00f3lnych dzia\u0142a\u0144 wobec praktyk Mety.<\/p>\n<p>\u201ePowinna to by\u0107 wsp\u00f3lna inicjatywa, kt\u00f3ra poka\u017ce, \u017ce mamy mocne argumenty i jeste\u015bmy zdeterminowani, by ograniczy\u0107 dzia\u0142ania Mety\u201d \u2013 powiedzia\u0142.<\/p>\n<p>Minister uzasadnia\u0142 wysoko\u015b\u0107 proponowanej kary skal\u0105 dzia\u0142alno\u015bci Mety oraz szkodami, jakie oszuka\u0144cze tre\u015bci maj\u0105 powodowa\u0107 w\u015br\u00f3d u\u017cytkownik\u00f3w w Polsce. Jego zdaniem 250 mln euro \u201emog\u0142oby stanowi\u0107 realny i odstraszaj\u0105cy \u015brodek egzekwowania prawa\u201d.<\/p>\n<p>Sp\u00f3r Mety z Rafa\u0142em Brzosk\u0105<\/p>\n<p>Post\u0119powanie dotycz\u0105ce oszuka\u0144czych reklam jest kontynuacj\u0105 dzia\u0142a\u0144 Polski wobec Mety.<\/p>\n<p>W drugiej po\u0142owie sierpnia wicepremier i minister cyfryzacji Krzysztof Gawkowski\u00a0<a href=\"https:\/\/kresy.pl\/wydarzenia\/meta-pozwala-na-kradziez-wizerunku-i-falszywe-reklamy-gawkowski-nie-jestescie-ponad-prawem\/\" rel=\"nofollow noopener\" target=\"_blank\">skrytykowa\u0142 Met\u0119 za spos\u00f3b reagowania na fa\u0142szywe reklamy<\/a>\u00a0wykorzystuj\u0105ce wizerunki znanych os\u00f3b do oszustw. By\u0142a to odpowied\u017a na wpis prezesa InPostu Rafa\u0142a Brzoski, kt\u00f3ry wskaza\u0142 na reklamy wykorzystuj\u0105ce jego wizerunek oraz wizerunki innych os\u00f3b publicznych m.in. do promowania fa\u0142szywych inwestycji.<\/p>\n<p>Polski zarz\u0105d firmy nazwa\u0142 \u201emarionetkami\u201d i zarzuci\u0142 mu \u201eudzia\u0142 w przest\u0119pstwie\u201d. Poinformowa\u0142 r\u00f3wnie\u017c, \u017ce po nag\u0142o\u015bnieniu problemu na Instagramie jego konto zosta\u0142o zablokowane.<\/p>\n<p>18 sierpnia wicepremier i minister cyfryzacji Krzysztof Gawkowski skierowa\u0142 do Mety pismo dotycz\u0105ce oszuka\u0144czych reklam na Facebooku i Instagramie. Resort oczekiwa\u0142 informacji o dzia\u0142aniach podejmowanych przez platform\u0119 oraz o skali problemu.<\/p>\n<p>26 sierpnia Gawkowski poinformowa\u0142, \u017ce otrzyma\u0142 odpowied\u017a firmy.<\/p>\n<p>Z przedstawionych przez niego informacji wynika, \u017ce Meta przyzna\u0142a w odpowiedzi, i\u017c problem oszuka\u0144czych reklam wyst\u0119puje na du\u017c\u0105 skal\u0119. Jednocze\u015bnie, zdaniem ministra, firma nie przedstawi\u0142a przekonuj\u0105cych i skutecznych metod zapewniaj\u0105cych u\u017cytkownikom ochron\u0119 przed tego rodzaju tre\u015bciami.<\/p>\n<p>\t\t\t<a href=\"https:\/\/kresy.pl\/przekaz-darowizne\/\" rel=\"nofollow noopener\" target=\"_blank\"><img decoding=\"async\" src=\"https:\/\/www.europesays.com\/pl\/wp-content\/uploads\/2026\/08\/1787856194_739_oxfordBanner.png\" alt=\"Jeste\u015bmy najbardziej rzetelnymi mediami w Polsce\"\/><\/a><\/p>\n<p>\t\t\t<a href=\"https:\/\/kresy.pl\/przekaz-darowizne\/\" rel=\"nofollow noopener\" target=\"_blank\"><img decoding=\"async\" src=\"https:\/\/www.europesays.com\/pl\/wp-content\/uploads\/2026\/08\/1787856196_617_oxfordBanner-mobile.png\" alt=\"Jeste\u015bmy najbardziej rzetelnymi mediami w Polsce\"\/><\/a><\/p>\n<p lang=\"pl-PL\">Kresy.pl\/<a href=\"https:\/\/www.reuters.com\/world\/europe\/poland-asks-eu-fine-meta-250-million-urges-action-against-scams-false-ads-2026-08-27\/\" rel=\"nofollow noopener\" target=\"_blank\">Reuters<\/a><\/p>\n","protected":false},"excerpt":{"rendered":"Polska zwr\u00f3ci\u0142a si\u0119 do Komisji Europejskiej o na\u0142o\u017cenie na Met\u0119 250 mln euro kary za niewystarczaj\u0105ce dzia\u0142ania przeciwko&hellip;\n","protected":false},"author":2,"featured_media":650423,"comment_status":"","ping_status":"","sticky":false,"template":"","format":"standard","meta":{"footnotes":"","_share_on_mastodon":"0"},"categories":[12],"tags":[5192,6233,491,42,38,40,39,41,43576,104],"class_list":["post-650422","post","type-post","status-publish","format-standard","has-post-thumbnail","category-polska","tag-facebook","tag-komisja-europejska","tag-meta","tag-pl","tag-poland","tag-polish","tag-polska","tag-polski","tag-thomas-regnier","tag-unia-europejska"],"share_on_mastodon":{"url":"https:\/\/pubeurope.com\/@pl\/117168951863085903","error":""},"_links":{"self":[{"href":"https:\/\/www.europesays.com\/pl\/wp-json\/wp\/v2\/posts\/650422","targetHints":{"allow":["GET"]}}],"collection":[{"href":"https:\/\/www.europesays.com\/pl\/wp-json\/wp\/v2\/posts"}],"about":[{"href":"https:\/\/www.europesays.com\/pl\/wp-json\/wp\/v2\/types\/post"}],"author":[{"embeddable":true,"href":"https:\/\/www.europesays.com\/pl\/wp-json\/wp\/v2\/users\/2"}],"replies":[{"embeddable":true,"href":"https:\/\/www.europesays.com\/pl\/wp-json\/wp\/v2\/comments?post=650422"}],"version-history":[{"count":0,"href":"https:\/\/www.europesays.com\/pl\/wp-json\/wp\/v2\/posts\/650422\/revisions"}],"wp:featuredmedia":[{"embeddable":true,"href":"https:\/\/www.europesays.com\/pl\/wp-json\/wp\/v2\/media\/650423"}],"wp:attachment":[{"href":"https:\/\/www.europesays.com\/pl\/wp-json\/wp\/v2\/media?parent=650422"}],"wp:term":[{"taxonomy":"category","embeddable":true,"href":"https:\/\/www.europesays.com\/pl\/wp-json\/wp\/v2\/categories?post=650422"},{"taxonomy":"post_tag","embeddable":true,"href":"https:\/\/www.europesays.com\/pl\/wp-json\/wp\/v2\/tags?post=650422"}],"curies":[{"name":"wp","href":"https:\/\/api.w.org\/{rel}","templated":true}]}}