{"id":650428,"date":"2026-08-27T18:46:11","date_gmt":"2026-08-27T18:46:11","guid":{"rendered":"https:\/\/www.europesays.com\/pl\/650428\/"},"modified":"2026-08-27T18:46:11","modified_gmt":"2026-08-27T18:46:11","slug":"wszystko-jasne-rozlosowano-faze-ligowa-ligi-mistrzow-sportowefakty","status":"publish","type":"post","link":"https:\/\/www.europesays.com\/pl\/650428\/","title":{"rendered":"Wszystko jasne. Rozlosowano faz\u0119 ligow\u0105 Ligi Mistrz\u00f3w &#8211; SportoweFakty"},"content":{"rendered":"<ol>\n<li><a href=\"https:\/\/news.google.com\/rss\/articles\/CBMiogFBVV95cUxNaDhPVnlwbi1CXzRjTWJMTFRzZ1JBcldZalBDN05lc3RXTW5lei1pVHZPeF9KMFpmcGNVTDNpeGZSMTZEUFc0WmlYcmV2cG40U1pvQkVndHBtUmdUR3k5MTdvbmNodEQtLWFLSUtpUFBDU1dvVFlVcDRKYlFkaHAzZS0ydVQ1M3J5aFhtcmdNVmVMWG8tblRDX3FEMVpsWlhYSEE?oc=5\" target=\"_blank\" rel=\"nofollow noopener\">Wszystko jasne. Rozlosowano faz\u0119 ligow\u0105 Ligi Mistrz\u00f3w<\/a>&nbsp;&nbsp;SportoweFakty<\/li>\n<li><a href=\"https:\/\/news.google.com\/rss\/articles\/CBMiygFBVV95cUxNbWMyaXRqSnBlWjJNRUhaVDdBeW5adTk2OWZXazk1MHYtSllmUFFLYU5YSjZZNF9tNkhlS1ZYODZnODEwSWtNR2RKMXk0VE11T3g0YVozdmNmUGpRQl9OS2l1WS1yRzhMand6cjJCT0E0T3QtN2E3TzdxWnRpbjF6a1hwb05fVk4yMDNseFZKbFhoV2xEYUlBMl9iVnBjZlB2VHVDb0xTamZLLVNEa1VLdWpESFduT3JFMGNCdHlGWnpaWWg1RHB6bGVR?oc=5\" target=\"_blank\" rel=\"nofollow noopener\">Ale\u017c hity w Lidze Mistrz\u00f3w. I to z Polakami. Oto wyniki losowania<\/a>&nbsp;&nbsp;Przegl\u0105d Sportowy<\/li>\n<li><a href=\"https:\/\/news.google.com\/rss\/articles\/CBMisgFBVV95cUxQb2twTmJhMm90YmVsT2ExM2ttV3JCMzRKcGg1QjlYSV8xVTdwOWZndzNyTlUyVkhwSFFXbk1EVldEcXAxUTRRTDJ2XzY5QjNBWkV5TTdGdmplYVJmdDRIU18xYzBIOTlXbG1IM29NbjdxZ0UtUExzajRPN1hQajBQbnBkcEtJdnotMzYyeTdiVG42QmRaYTBXakRoNTY5Wm9KZlRtTmJ5cnlqdlUydWItUWJ3?oc=5\" target=\"_blank\" rel=\"nofollow noopener\">Wielkie hity w Lidze Mistrz\u00f3w! Oto wyniki losowania fazy ligowej<\/a>&nbsp;&nbsp;Sport.pl<\/li>\n<li><a href=\"https:\/\/news.google.com\/rss\/articles\/CBMiyAFBVV95cUxNYUwyaXVOa0VHTXVJbmpXNEluVUhIZ0VCc25FV29yb296RW1jUUJSN3MxVmttdjhmRXJvYnRWU0RFQkg0VFlNRW5udjZDVkJwZHRHNUxpc1owTnRGY3l2UWRrN2tNTW1MMkR0N0dWQ3Fxd2c3VnRSVHZ4bndlMGZ3VW1aOERrYmNjMWxZbk43ZmhYanFRVjR6MFBNVkY5VGljeS00Unh1VldqVlV1N3c2VkU4VmtzNFhvUmdmbHMzc3Y5eGFfdU1LaA?oc=5\" target=\"_blank\" rel=\"nofollow noopener\">Oto droga Szcz\u0119snego do Ligi Mistrz\u00f3w. Poznali\u015bmy ca\u0142\u0105 drabink\u0119<\/a>&nbsp;&nbsp;Interia Sport<\/li>\n<li><a href=\"https:\/\/news.google.com\/rss\/articles\/CBMikAFBVV95cUxNN2JHSjNDSUJ5RzRmQ2RQd082TXNnWkN6TERWX01CaTR3ZTAxZkFUczBYVmQwQ2JiR0tid2NQMmw0YUtBVU41T0pPRUdpLWxKajFKdmJncEs0cEpjVEx0UC14bUtDYlpVZ0lVQm1uU1ZrZ1NBNjJIVy1ZcXg1eDFIY0ZpV0wyczNFdTVfamctUWk?oc=5\" target=\"_blank\" rel=\"nofollow noopener\">Losowanie Ligi Mistrz\u00f3w [NA \u017bYWO]<\/a>&nbsp;&nbsp;SportoweFakty<\/li>\n<\/ol>\n","protected":false},"excerpt":{"rendered":"Wszystko jasne. Rozlosowano faz\u0119 ligow\u0105 Ligi Mistrz\u00f3w&nbsp;&nbsp;SportoweFakty Ale\u017c hity w Lidze Mistrz\u00f3w. I to z Polakami. Oto wyniki&hellip;\n","protected":false},"author":2,"featured_media":650429,"comment_status":"","ping_status":"","sticky":false,"template":"","format":"standard","meta":{"footnotes":"","_share_on_mastodon":"0"},"categories":[24],"tags":[693,270,946,269,278,42,38,40,39,41,127,126],"class_list":["post-650428","post","type-post","status-publish","format-standard","has-post-thumbnail","category-sport","tag-europejskie-puchary","tag-liga-mistrzow","tag-monako","tag-pilka-nozna","tag-pilka-w-europie","tag-pl","tag-poland","tag-polish","tag-polska","tag-polski","tag-sport","tag-sports"],"share_on_mastodon":{"url":"https:\/\/pubeurope.com\/@pl\/117168962729282497","error":""},"_links":{"self":[{"href":"https:\/\/www.europesays.com\/pl\/wp-json\/wp\/v2\/posts\/650428","targetHints":{"allow":["GET"]}}],"collection":[{"href":"https:\/\/www.europesays.com\/pl\/wp-json\/wp\/v2\/posts"}],"about":[{"href":"https:\/\/www.europesays.com\/pl\/wp-json\/wp\/v2\/types\/post"}],"author":[{"embeddable":true,"href":"https:\/\/www.europesays.com\/pl\/wp-json\/wp\/v2\/users\/2"}],"replies":[{"embeddable":true,"href":"https:\/\/www.europesays.com\/pl\/wp-json\/wp\/v2\/comments?post=650428"}],"version-history":[{"count":0,"href":"https:\/\/www.europesays.com\/pl\/wp-json\/wp\/v2\/posts\/650428\/revisions"}],"wp:featuredmedia":[{"embeddable":true,"href":"https:\/\/www.europesays.com\/pl\/wp-json\/wp\/v2\/media\/650429"}],"wp:attachment":[{"href":"https:\/\/www.europesays.com\/pl\/wp-json\/wp\/v2\/media?parent=650428"}],"wp:term":[{"taxonomy":"category","embeddable":true,"href":"https:\/\/www.europesays.com\/pl\/wp-json\/wp\/v2\/categories?post=650428"},{"taxonomy":"post_tag","embeddable":true,"href":"https:\/\/www.europesays.com\/pl\/wp-json\/wp\/v2\/tags?post=650428"}],"curies":[{"name":"wp","href":"https:\/\/api.w.org\/{rel}","templated":true}]}}