{"id":650536,"date":"2026-08-27T19:54:09","date_gmt":"2026-08-27T19:54:09","guid":{"rendered":"https:\/\/www.europesays.com\/pl\/650536\/"},"modified":"2026-08-27T19:54:09","modified_gmt":"2026-08-27T19:54:09","slug":"rusza-budowa-dino-w-bartnikach-siec-szuka-juz-pracownikow-do-nowego-marketu","status":"publish","type":"post","link":"https:\/\/www.europesays.com\/pl\/650536\/","title":{"rendered":"Rusza budowa Dino w Bartnikach. Sie\u0107 szuka ju\u017c pracownik\u00f3w do nowego marketu"},"content":{"rendered":"<p> &#13;<br \/>\n\t&#13;<br \/>\n\t\t\t\t&#13;<br \/>\n\t\t&#13;<br \/>\n\t\t&#13;<br \/>\n\t\t&#13;<br \/>\n&#13;<br \/>\n\t\tRusza budowa Dino w Bartnikach. Sie\u0107 szuka ju\u017c pracownik\u00f3w do nowego marketu | InfoPrzasnysz<\/p>\n<p>\t&#13;<br \/>\n&#13;<br \/>\n&#13;<br \/>\n\t\t&#13;<br \/>\n\t\t&#13;<\/p>\n<p>wpDiscuz<\/p>\n<p>Insert<\/p>\n<p>\t\t&#13;<\/p>\n<p>\t&#13;<br \/>\n&#13;<\/p>\n","protected":false},"excerpt":{"rendered":"&#13; &#13; &#13; &#13; &#13; &#13; &#13; Rusza budowa Dino w Bartnikach. Sie\u0107 szuka ju\u017c pracownik\u00f3w do nowego&hellip;\n","protected":false},"author":2,"featured_media":650537,"comment_status":"","ping_status":"","sticky":false,"template":"","format":"standard","meta":{"footnotes":"","_share_on_mastodon":"0"},"categories":[52249],"tags":[127262,857,41997,105396,34051,52705,125,42,38,40,39,41],"class_list":["post-650536","post","type-post","status-publish","format-standard","has-post-thumbnail","category-dino-polska","tag-bartniki","tag-dino","tag-dino-polska","tag-dino-przasnysz","tag-gmina-przasnysz","tag-lokalny-biznes","tag-newsy","tag-pl","tag-poland","tag-polish","tag-polska","tag-polski"],"share_on_mastodon":{"url":"https:\/\/pubeurope.com\/@pl\/117169230044982507","error":""},"_links":{"self":[{"href":"https:\/\/www.europesays.com\/pl\/wp-json\/wp\/v2\/posts\/650536","targetHints":{"allow":["GET"]}}],"collection":[{"href":"https:\/\/www.europesays.com\/pl\/wp-json\/wp\/v2\/posts"}],"about":[{"href":"https:\/\/www.europesays.com\/pl\/wp-json\/wp\/v2\/types\/post"}],"author":[{"embeddable":true,"href":"https:\/\/www.europesays.com\/pl\/wp-json\/wp\/v2\/users\/2"}],"replies":[{"embeddable":true,"href":"https:\/\/www.europesays.com\/pl\/wp-json\/wp\/v2\/comments?post=650536"}],"version-history":[{"count":0,"href":"https:\/\/www.europesays.com\/pl\/wp-json\/wp\/v2\/posts\/650536\/revisions"}],"wp:featuredmedia":[{"embeddable":true,"href":"https:\/\/www.europesays.com\/pl\/wp-json\/wp\/v2\/media\/650537"}],"wp:attachment":[{"href":"https:\/\/www.europesays.com\/pl\/wp-json\/wp\/v2\/media?parent=650536"}],"wp:term":[{"taxonomy":"category","embeddable":true,"href":"https:\/\/www.europesays.com\/pl\/wp-json\/wp\/v2\/categories?post=650536"},{"taxonomy":"post_tag","embeddable":true,"href":"https:\/\/www.europesays.com\/pl\/wp-json\/wp\/v2\/tags?post=650536"}],"curies":[{"name":"wp","href":"https:\/\/api.w.org\/{rel}","templated":true}]}}