{"id":650836,"date":"2026-08-27T23:02:14","date_gmt":"2026-08-27T23:02:14","guid":{"rendered":"https:\/\/www.europesays.com\/pl\/650836\/"},"modified":"2026-08-27T23:02:14","modified_gmt":"2026-08-27T23:02:14","slug":"klaudia-el-dursi-zadebiutowala-w-sopocie-w-sieci-lawina-komentarzy","status":"publish","type":"post","link":"https:\/\/www.europesays.com\/pl\/650836\/","title":{"rendered":"Klaudia El Dursi zadebiutowa\u0142a w Sopocie. W sieci lawina komentarzy"},"content":{"rendered":"<p>Czwarty dzie\u0144 <a href=\"https:\/\/plejada.pl\/temat\/top-of-the-top-sopot-festival\/nb7kbq7\" id=\"99ac1712-e5e2-42a7-9bb1-a87ff0b8ab51\" rel=\"nofollow noopener\" target=\"_blank\">Top of the Top Sopot Festival<\/a> podzielono na dwa wyj\u0105tkowe koncerty transmitowane przez TVN. Wiecz\u00f3r rozpocz\u0105\u0142 si\u0119 od widowiska &#8222;Top of the Rock&#8221;, podczas kt\u00f3rego na scenie Opery Le\u015bnej pojawi\u0142y si\u0119 gwiazdy polskiej muzyki: Lady Pank, Perfect &amp; \u0141ukasz Drapa\u0142a, Ma\u0142gorzata Ostrowska, Kobranocka, IRA TRIO czy D\u017cem. W roli prowadz\u0105cych widzowie zobaczyli <a href=\"https:\/\/plejada.pl\/temat\/klaudia-el-dursi\/7e295eq\" id=\"35e2315a-e602-4b43-89c1-a885396dbb30\" rel=\"nofollow noopener\" target=\"_blank\">Klaudi\u0119 El Dursi<\/a> i Mateusza H\u0142adkiego.Dalszy ci\u0105g artyku\u0142u pod materia\u0142em wideoKlaudia El Dursi zadebiutowa\u0142a w Sopocie. W sieci lawina komentarzyNie tylko muzyczne wyst\u0119py, ale i wyb\u00f3r prowadz\u0105cych wzbudzi\u0142y spore emocje. Klaudia El Dursi<a href=\"https:\/\/plejada.pl\/newsy\/klaudia-el-dursi-blyszczy-na-scenie-w-sopocie-jej-kreacja-robi-wrazenie\/wcgxkcg\" id=\"75d0b993-607f-4e65-849d-f09b2c40f902\" rel=\"nofollow noopener\" target=\"_blank\"> zachwyci\u0142a cz\u0119\u015b\u0107 widz\u00f3w zmys\u0142ow\u0105, gorsetow\u0105 kreacj\u0105<\/a> bez rami\u0105czek, ozdobion\u0105 cekinami w szampa\u0144skim odcieniu. Mateusz H\u0142adki postawi\u0142 na klasyk\u0119 \u2014 dwurz\u0119dowy garnitur ze z\u0142otymi akcentami.<img class=\"ods-a-photo ods-a-photo--background\" src=\"https:\/\/www.europesays.com\/pl\/wp-content\/uploads\/2026\/08\/1787871731_366_HY9k9lBaHR0cHM6Ly9vY2RuLmV1L3B1bHNjbXMvTURBXy8zZTE2YzZmZTVlNmE5YjNkMDZhMGY5ZmM3ZGQyN2M2Yi5qcGeRlQLNA.jpeg\" height=\"301\" width=\"450\" alt=\"Gra\u017cyna Szapo\u0142owska\" loading=\"lazy\" fetchpriority=\"low\" decoding=\"async\"\/><\/p>\n<p>Para pr\u00f3bowa\u0142a nawi\u0105za\u0107 kontakt z publiczno\u015bci\u0105, jednak ich styl prowadzenia spotka\u0142 si\u0119 z mieszanymi reakcjami. W sieci natychmiast pojawi\u0142a si\u0119 lawina komentarzy. Jedni byli zachwyceni. &#8222;Super prowadz\u0105ca, pani Klaudia ubrana przepi\u0119knie z klas\u0105&#8221;, &#8222;Pi\u0119kna para&#8221;, &#8222;Ulubie\u0144cy&#8221;, &#8222;Cudowni prowadz\u0105cy&#8221; \u2014 czytamy w entuzjastycznych wpisach.<\/p>\n<p>Nie zabrak\u0142o jednak g\u0142os\u00f3w krytycznych. Cz\u0119\u015b\u0107 internaut\u00f3w podkre\u015bla\u0142a, \u017ce duet znany z program\u00f3w rozrywkowych nie pasowa\u0142 do charakteru rockowego wieczoru. &#8222;Nie znam pary prowadz\u0105cej&#8221;, &#8222;Ci pa\u0144stwo to dramat niestety&#8221;, &#8222;Ta pani nie pasuje do prowadzenia tego koncertu, powinien by\u0107 kto\u015b z pazurem muzycznym&#8221; \u2014 komentowali widzowie.<\/p>\n<p><img class=\"ods-a-photo ods-a-photo--background\" src=\"https:\/\/www.europesays.com\/pl\/wp-content\/uploads\/2026\/08\/ydIk9lGaHR0cHM6Ly9vY2RuLmV1L3B1bHNjbXMvTURBXy9iZTk1ZTdlZi03ZGE3LTQxMjMtOTZmMy0xYTAzZDBjN2Y5OGYuanBlZ.jpeg\" height=\"627\" width=\"940\" alt=\"Klaudia el Dursi, Mateusz H\u0142adki\" loading=\"lazy\" fetchpriority=\"auto\" decoding=\"auto\" url=\"https:\/\/ocdn.eu\/pulscms\/MDA_\/be95e7ef-7da7-4123-96f3-1a03d0c7f98f.jpeg\" description=\"Klaudia el Dursi, Mateusz H\u0142adki\" author=\"PAP\/Andrzej Jackowski\" source=\"\" link=\"\"\/><\/p>\n<p>PAP\/Andrzej Jackowski<\/p>\n<p>Klaudia el Dursi, Mateusz H\u0142adki<\/p>\n<p><img class=\"ods-a-photo ods-a-photo--background\" src=\"https:\/\/www.europesays.com\/pl\/wp-content\/uploads\/2026\/08\/DsIk9lGaHR0cHM6Ly9vY2RuLmV1L3B1bHNjbXMvTURBXy9kZjhmN2JjMS03NWMyLTQ4MzMtODBmMC1hYzlkZmY2NmJiYmEuanBlZ.jpeg\" height=\"627\" width=\"940\" alt=\"Klaudia el Dursi\" loading=\"lazy\" fetchpriority=\"auto\" decoding=\"auto\" url=\"https:\/\/ocdn.eu\/pulscms\/MDA_\/df8f7bc1-75c2-4833-80f0-ac9dff66bbba.jpeg\" description=\"Klaudia el Dursi\" author=\"PAP\/Andrzej Jackowski\" source=\"\" link=\"\"\/><\/p>\n<p>PAP\/Andrzej Jackowski<\/p>\n<p>Klaudia el Dursi<\/p>\n<p>Dzi\u0119kujemy, \u017ce przeczyta\u0142a\u015b\/e\u015b nasz artyku\u0142 do ko\u0144ca. W serwisie Plejada.pl ka\u017cdego dnia piszemy o najwa\u017cniejszych wydarzeniach show-biznesowych. B\u0105d\u017a na bie\u017c\u0105co!<a rel=\"nofollow noopener\" href=\"https:\/\/profile.google.com\/cp\/Cg0vZy8xMWJ6X19wdHBx\" id=\"ed68a6ed-505a-424c-9d12-b7eb55b1e7ff\" target=\"_blank\"> Obserwuj<\/a> Plejad\u0119 w Google. Odwied\u017a nas tak\u017ce na<a rel=\"nofollow noopener\" href=\"https:\/\/www.facebook.com\/plejadapl\" id=\"74eb0ff2-9b66-4622-9743-dd29330343e5\" target=\"_blank\"> Facebooku<\/a>,<a rel=\"nofollow noopener\" href=\"https:\/\/www.instagram.com\/plejadapl\/\" id=\"4dfa3ae8-acbf-4f22-b40d-7f3b7515f02f\" target=\"_blank\"> Instagramie<\/a>,<a rel=\"nofollow noopener\" href=\"https:\/\/www.youtube.com\/c\/plejada\" id=\"f5be239a-dbfc-40a2-a7bf-68698dac46da\" target=\"_blank\"> YouTubie<\/a> oraz<a rel=\"nofollow noopener\" href=\"https:\/\/www.tiktok.com\/@plejada_pl\" id=\"b37fbd26-a05d-4bdd-9fbd-24c019b65132\" target=\"_blank\"> TikToku<\/a>.Chcesz podzieli\u0107 si\u0119 ciekawym newsem lub zaproponowa\u0107 temat? Skontaktuj si\u0119 z nami, pisz\u0105c maila na adres: <a rel=\"nofollow noopener\" href=\"https:\/\/plejada.pl\/newsy\/klaudia-el-dursi-zadebiutowala-w-sopocie-w-sieci-lawina-komentarzy\/mailto:plejada@redakcjaonet.pl\" id=\"1196e52b-8e83-49c7-997c-fbca581e74d4\" target=\"_blank\">plejada@redakcjaonet.pl<\/a>.<script async src=\"\/\/www.instagram.com\/embed.js\"><\/script><script async src=\"\/\/www.tiktok.com\/embed.js\"><\/script><\/p>\n","protected":false},"excerpt":{"rendered":"Czwarty dzie\u0144 Top of the Top Sopot Festival podzielono na dwa wyj\u0105tkowe koncerty transmitowane przez TVN. Wiecz\u00f3r rozpocz\u0105\u0142&hellip;\n","protected":false},"author":2,"featured_media":650837,"comment_status":"","ping_status":"","sticky":false,"template":"","format":"standard","meta":{"footnotes":"","_share_on_mastodon":"0"},"categories":[22],"tags":[61195,122,37297,314,42019,48,125,46,42,38,40,39,41,123,47,1063,126324,318],"class_list":["post-650836","post","type-post","status-publish","format-standard","has-post-thumbnail","category-rozrywka","tag-bottomfeed_styl","tag-entertainment","tag-festiwal_w_sopocie","tag-klaudia_el_dursi","tag-mateusz_hladki","tag-nat_styl","tag-newsy","tag-omp","tag-pl","tag-poland","tag-polish","tag-polska","tag-polski","tag-rozrywka","tag-screening_general","tag-sopot","tag-top_of_the_top_sopot_festival","tag-tvn"],"share_on_mastodon":{"url":"https:\/\/pubeurope.com\/@pl\/117169970686128714","error":""},"_links":{"self":[{"href":"https:\/\/www.europesays.com\/pl\/wp-json\/wp\/v2\/posts\/650836","targetHints":{"allow":["GET"]}}],"collection":[{"href":"https:\/\/www.europesays.com\/pl\/wp-json\/wp\/v2\/posts"}],"about":[{"href":"https:\/\/www.europesays.com\/pl\/wp-json\/wp\/v2\/types\/post"}],"author":[{"embeddable":true,"href":"https:\/\/www.europesays.com\/pl\/wp-json\/wp\/v2\/users\/2"}],"replies":[{"embeddable":true,"href":"https:\/\/www.europesays.com\/pl\/wp-json\/wp\/v2\/comments?post=650836"}],"version-history":[{"count":0,"href":"https:\/\/www.europesays.com\/pl\/wp-json\/wp\/v2\/posts\/650836\/revisions"}],"wp:featuredmedia":[{"embeddable":true,"href":"https:\/\/www.europesays.com\/pl\/wp-json\/wp\/v2\/media\/650837"}],"wp:attachment":[{"href":"https:\/\/www.europesays.com\/pl\/wp-json\/wp\/v2\/media?parent=650836"}],"wp:term":[{"taxonomy":"category","embeddable":true,"href":"https:\/\/www.europesays.com\/pl\/wp-json\/wp\/v2\/categories?post=650836"},{"taxonomy":"post_tag","embeddable":true,"href":"https:\/\/www.europesays.com\/pl\/wp-json\/wp\/v2\/tags?post=650836"}],"curies":[{"name":"wp","href":"https:\/\/api.w.org\/{rel}","templated":true}]}}