{"id":650844,"date":"2026-08-27T23:06:14","date_gmt":"2026-08-27T23:06:14","guid":{"rendered":"https:\/\/www.europesays.com\/pl\/650844\/"},"modified":"2026-08-27T23:06:14","modified_gmt":"2026-08-27T23:06:14","slug":"zamieszanie-wokol-nato-nuclear-sharing-w-polsce-nocny-komunikat-szefa-mon-2","status":"publish","type":"post","link":"https:\/\/www.europesays.com\/pl\/650844\/","title":{"rendered":"Zamieszanie wok\u00f3\u0142 NATO Nuclear Sharing w Polsce. Nocny komunikat szefa MON"},"content":{"rendered":"<p>W czwartek Brukseli wiceszef MON Pawe\u0142 Zalewski spotka\u0142 si\u0119 ze swoim ameryka\u0144skim odpowiednikiem Elbridge&#8217;em Colbym. Jak relacjonowa\u0142, rozmowy dotyczy\u0142y m.in. wzmocnienia Sojuszu P\u00f3\u0142nocnoatlantyckiego przez realizacj\u0119 planu NATO 3.0 oraz potencjalnych miejsc sta\u0142ego stacjonowania wojsk ameryka\u0144skich w Polsce.<\/p>\n<p>Dalszy ci\u0105g artyku\u0142u pod materia\u0142em wideo<\/p>\n<p>Zalewski zosta\u0142 zapytany, czy przysz\u0142a obecno\u015b\u0107 wojskowa USA w Polsce mog\u0142aby obejmowa\u0107 zdolno\u015bci nuklearne. \u2014 Nie. Chcia\u0142bym to powiedzie\u0107 bardzo jasno i otwarcie. Polska nie chce mie\u0107 g\u0142owic nuklearnych na swoim terytorium \u2014 odpar\u0142 wiceszef MON.<\/p>\n<p class=\"ods-o-frame-in-text__paragraph\">UKRAINA OSTRZEGA PRZED ROSYJSKIMI PLANAMI<\/p>\n<p><img class=\"ods-a-photo ods-a-photo--background\" src=\"https:\/\/www.europesays.com\/pl\/wp-content\/uploads\/2026\/08\/OqYk9lBaHR0cHM6Ly9vY2RuLmV1L3B1bHNjbXMvTURBXy8wYzFiNjhiMTRkZWU0ODc3YjhlNWM0NmRhMGRjZTlmMS5qcGeRlQLNA.jpeg\" height=\"308\" width=\"450\" alt=\"W\u0142adimir Putin\" loading=\"lazy\" fetchpriority=\"low\" decoding=\"async\"\/><\/p>\n<p>Doda\u0142, \u017ce jednocze\u015bnie Polska chce by\u0107 cz\u0119\u015bci\u0105 nuklearnego odstraszania NATO, ale to nie oznacza obecno\u015bci g\u0142owic na jej terytorium.<\/p>\n<p>W czwartek wieczorem wiceszef resortu obrony doprecyzowa\u0142 sw\u0105 wypowied\u017a na X. &#8222;Polski rz\u0105d w\u0142a\u015bnie uzyska\u0142 mo\u017cliwo\u015b\u0107 udzia\u0142u w programie DCA (Dual Capabilities Airborne \u2014 PAP), kt\u00f3ry jest wst\u0119pem do Nuclear Sharing. Ale to nie oznacza sk\u0142adowania broni nuklearnej w Polsce. To nie jest ani mo\u017cliwe, ani po\u017c\u0105dane&#8221; \u2014 napisa\u0142.<\/p>\n<p>Minister obrony narodowej z jasnym przes\u0142aniem w sprawie NATO Nuclear Sharing<\/p>\n<p>Do tej kwestii \u2014 tak\u017ce na X \u2014 odni\u00f3s\u0142 si\u0119 wieczorem szef MON. &#8222;Rozwiewaj\u0105c wszelkie w\u0105tpliwo\u015bci: Polska jest niezmiennie zainteresowana udzia\u0142em w programie NATO Nuclear Sharing&#8221; \u2014 podkre\u015bli\u0142 wicepremier Kosiniak-Kamysz. Doda\u0142, \u017ce Polska prowadzi tak\u017ce rozmowy na temat propozycji uczestnictwa w europejskim nuklearnym parasolu ochronnym.<\/p>\n<p>&#8222;Stanowisko naszego rz\u0105du jest w tych kwestiach jednoznaczne&#8221; \u2014 zaznaczy\u0142 szef resortu obrony.<\/p>\n<p>Na wypowied\u017a Zalewskiego zareagowa\u0142 tak\u017ce w czwartek wieczorem szef prezydenckiego Biura Polityki Mi\u0119dzynarodowej Marcin Przydacz. &#8222;Polska konsekwentnie od lat deklarowa\u0142a i nadal deklaruje gotowo\u015b\u0107 do ponoszenia wi\u0119kszej odpowiedzialno\u015bci za polityk\u0119 odstraszania realizowan\u0105 przez NATO, w tym w domenie nuklearnej. Kolejne polskie rz\u0105dy zg\u0142asza\u0142y gotowo\u015b\u0107 naszego kraju do udzia\u0142u w programie Nuclear Sharing&#8221; \u2014 napisa\u0142 na X.<\/p>\n<p>Do s\u0142\u00f3w Zalewskiego odni\u00f3s\u0142 si\u0119 wieczorem tak\u017ce gen. Stanis\u0142aw Koziej, by\u0142y szef Biura Bezpiecze\u0144stwa Narodowego i b. wiceszef resortu obrony. &#8222;Publiczna deklaracja przedstawiciela rz\u0105du, \u017ce Polska NIE CHCE mie\u0107 g\u0142owic nuklearnych na swoim terytorium to niezrozumia\u0142y b\u0142\u0105d strategiczny w dziedzinie odstraszania. BJ (broni j\u0105drowej \u2014 PAP) nie musimy mie\u0107 u siebie, ale powinni\u015bmy m\u00f3c j\u0105 mie\u0107 i to w\u0142a\u015bnie ma wiedzie\u0107 Putin&#8221; \u2014 oceni\u0142.<\/p>\n<p>NATO Nuclear Sharing. Co to za program?<\/p>\n<p>Nuclear Sharing to program NATO, w ramach kt\u00f3rego Stany Zjednoczone rozmieszczaj\u0105 bro\u0144 j\u0105drow\u0105 na terytoriach wybranych pa\u0144stw cz\u0142onkowskich nieposiadaj\u0105cych w\u0142asnego arsena\u0142u nuklearnego. Obecnie uczestnicz\u0105 w nim Niemcy, W\u0142ochy, Holandia, Belgia i Turcja. Chodzi o ameryka\u0144skie bomby grawitacyjne rodziny B61, kt\u00f3re w czasie pokoju pozostaj\u0105 pod wy\u0142\u0105czn\u0105 kontrol\u0105 i dozorem USA. Ich ewentualne u\u017cycie wymaga\u0142oby decyzji politycznej w ramach natowskiej Grupy Planowania Nuklearnego, zgody prezydenta USA oraz pa\u0144stwa gospodarza; dopiero w\u00f3wczas \u0142adunki mog\u0142yby zosta\u0107 przekazane sojuszniczym samolotom podw\u00f3jnego przeznaczenia.<\/p>\n<p>Pa\u0144stwa uczestnicz\u0105ce zapewniaj\u0105 w tym uk\u0142adzie samoloty i przeszkolonych pilot\u00f3w. Zar\u00f3wno arsena\u0142, jak i lotnictwo s\u0105 obecnie modernizowane \u2014 starsze bomby zast\u0119powane s\u0105 precyzyjn\u0105 wersj\u0105 B61-12, a samoloty takie jak F-16 czy Tornado \u2014 my\u015bliwcami F-35A. Wed\u0142ug szacunk\u00f3w organizacji pozarz\u0105dowych, m.in. Federation of American Scientists, w Europie sk\u0142adowanych jest ok. 100 ameryka\u0144skich bomb B61.<\/p>\n","protected":false},"excerpt":{"rendered":"W czwartek Brukseli wiceszef MON Pawe\u0142 Zalewski spotka\u0142 si\u0119 ze swoim ameryka\u0144skim odpowiednikiem Elbridge&#8217;em Colbym. Jak relacjonowa\u0142, rozmowy&hellip;\n","protected":false},"author":2,"featured_media":650845,"comment_status":"","ping_status":"","sticky":false,"template":"","format":"standard","meta":{"footnotes":"","_share_on_mastodon":"0"},"categories":[12],"tags":[61195,32,33,3222,36,37,27,49,34,35,786,28,31,48,160,25,46,2169,55,42,38,40,39,41,47,29,30,26,617,3146],"class_list":["post-650844","post","type-post","status-publish","format-standard","has-post-thumbnail","category-polska","tag-bottomfeed_styl","tag-breaking-news","tag-breakingnews","tag-bron_nuklearna","tag-featured-news","tag-featurednews","tag-headlines","tag-kraj","tag-latest-news","tag-latestnews","tag-mon_ministerstwo_obrony","tag-naglowki","tag-najwazniejsze-artykuly","tag-nat_styl","tag-nato","tag-news","tag-omp","tag-pap","tag-phx","tag-pl","tag-poland","tag-polish","tag-polska","tag-polski","tag-screening_general","tag-top-stories","tag-topstories","tag-wiadomosci","tag-wladyslaw_kosiniak_kamysz","tag-wojsko_polskie"],"share_on_mastodon":{"url":"https:\/\/pubeurope.com\/@pl\/117169985783796251","error":""},"_links":{"self":[{"href":"https:\/\/www.europesays.com\/pl\/wp-json\/wp\/v2\/posts\/650844","targetHints":{"allow":["GET"]}}],"collection":[{"href":"https:\/\/www.europesays.com\/pl\/wp-json\/wp\/v2\/posts"}],"about":[{"href":"https:\/\/www.europesays.com\/pl\/wp-json\/wp\/v2\/types\/post"}],"author":[{"embeddable":true,"href":"https:\/\/www.europesays.com\/pl\/wp-json\/wp\/v2\/users\/2"}],"replies":[{"embeddable":true,"href":"https:\/\/www.europesays.com\/pl\/wp-json\/wp\/v2\/comments?post=650844"}],"version-history":[{"count":0,"href":"https:\/\/www.europesays.com\/pl\/wp-json\/wp\/v2\/posts\/650844\/revisions"}],"wp:featuredmedia":[{"embeddable":true,"href":"https:\/\/www.europesays.com\/pl\/wp-json\/wp\/v2\/media\/650845"}],"wp:attachment":[{"href":"https:\/\/www.europesays.com\/pl\/wp-json\/wp\/v2\/media?parent=650844"}],"wp:term":[{"taxonomy":"category","embeddable":true,"href":"https:\/\/www.europesays.com\/pl\/wp-json\/wp\/v2\/categories?post=650844"},{"taxonomy":"post_tag","embeddable":true,"href":"https:\/\/www.europesays.com\/pl\/wp-json\/wp\/v2\/tags?post=650844"}],"curies":[{"name":"wp","href":"https:\/\/api.w.org\/{rel}","templated":true}]}}