{"id":650890,"date":"2026-08-27T23:33:11","date_gmt":"2026-08-27T23:33:11","guid":{"rendered":"https:\/\/www.europesays.com\/pl\/650890\/"},"modified":"2026-08-27T23:33:11","modified_gmt":"2026-08-27T23:33:11","slug":"jezioro-ontario-znika-z-amerykanskich-map-trump-zdecydowal","status":"publish","type":"post","link":"https:\/\/www.europesays.com\/pl\/650890\/","title":{"rendered":"Jezioro Ontario znika z ameryka\u0144skich map. Trump zdecydowa\u0142"},"content":{"rendered":"\n<p>&#13;<br \/>\nPrezydent USA og\u0142osi\u0142, \u017ce\u00a0decyzja ma\u00a0obowi\u0105zywa\u0107 &#8222;ze skutkiem natychmiastowym&#8221;. Na\u00a0tym jednak nie\u00a0poprzesta\u0142. Podczas wyst\u0105pienia w\u00a0Gabinecie Owalnym zacz\u0105\u0142 m\u00f3wi\u0107 tak\u017ce o\u00a0Atlantyku i\u00a0Pacyfiku. &#13;\n<\/p>\n<p>Jezioro Ontario staje si\u0119 &#8222;Jeziorem Ameryki&#8221;<\/p>\n<p>&#13;<br \/>\nDonald Trump podpisa\u0142 rozporz\u0105dzenie w\u00a0czwartek, 27 sierpnia, w\u00a0Gabinecie Owalnym. Dokument dotyczy zmiany nazwy jeziora Ontario na\u00a0&#8222;Jezioro Ameryki&#8221;. Prezydent USA przekaza\u0142, \u017ce\u00a0decyzja ma\u00a0obowi\u0105zywa\u0107 od\u00a0razu. \u2013\u00a0&#8222;Jezioro Ameryki&#8221; by\u0142o czym\u015b, o\u00a0czym my\u015bla\u0142em od\u00a0dawna \u2013\u00a0powiedzia\u0142 Trump. Jak zapewnia\u0142, jego administracja dope\u0142ni\u0142a ju\u017c formalno\u015bci zwi\u0105zanych ze\u00a0zmian\u0105 nazwy. \u2013\u00a0Z\u0142o\u017cyli\u015bmy wszystkie niezb\u0119dne dokumenty, wszystko inne \u2013\u00a0m\u00f3wi\u0142. &#13;\n<\/p>\n<p>&#13;<br \/>\nSam pomys\u0142 Trump przedstawi\u0142 publicznie dwa dni wcze\u015bniej. We\u00a0wpisie zamieszczonym na\u00a0Truth Social po\u0142\u0105czy\u0142 mo\u017cliwo\u015b\u0107 zmiany nazwy jeziora z\u00a0pogarszaj\u0105cymi si\u0119 relacjami z\u00a0Kanad\u0105. &#8222;Stany Zjednoczone powa\u017cnie rozwa\u017caj\u0105 zmian\u0119 nazwy jeziora Ontario na\u00a0Jezioro Ameryki, bo\u00a0nie spodziewamy si\u0119 prowadzenia dalej wielu interes\u00f3w z\u00a0Ontario. Dzi\u0119kuj\u0119 za\u00a0uwag\u0119 w\u00a0tej kwestii!&#8221; \u2013\u00a0napisa\u0142. &#13;\n<\/p>\n<p>To nie\u00a0pierwsza zmiana nazwy za\u00a0Trumpa<\/p>\n<p>&#13;<br \/>\nZmiana nazwy jeziora Ontario nie\u00a0jest pierwsz\u0105 tego typu decyzj\u0105 Trumpa po\u00a0rozpocz\u0119ciu drugiej kadencji. Wcze\u015bniej prezydent zmieni\u0142 u\u017cywan\u0105 przez ameryka\u0144skie w\u0142adze federalne nazw\u0119 Zatoki Meksyka\u0144skiej na\u00a0Zatok\u0119 Ameryka\u0144sk\u0105. Przywr\u00f3ci\u0142 r\u00f3wnie\u017c nazw\u0119 Mount McKinley najwy\u017cszemu szczytowi Ameryki P\u00f3\u0142nocnej. Wcze\u015bniej szczyt oficjalnie nosi\u0142 nazw\u0119 Denali. &#13;\n<\/p>\n<p>&#13;<br \/>\nW czwartek Trump przypomnia\u0142 o\u00a0zmianie nazwy zatoki. \u2013\u00a0Jak wiecie, wzi\u0119li\u015bmy co\u015b, co\u00a0nazywa si\u0119 Zatok\u0105 Meksyka\u0144sk\u0105 i\u00a0zmienili\u015bmy to. Teraz to\u00a0ju\u017c ca\u0142kiem rutynowo Zatoka Ameryka\u0144ska \u2013\u00a0powiedzia\u0142. &#13;\n<\/p>\n<p>&#8222;Teraz potrzebujemy tylko oceanu&#8221;<\/p>\n<p>&#13;<br \/>\nPo podpisaniu rozporz\u0105dzenia dotycz\u0105cego jeziora Ontario Trump poszed\u0142 o\u00a0krok dalej. Zacz\u0105\u0142 m\u00f3wi\u0107 o\u00a0nazwach ocean\u00f3w. \u2013\u00a0Mamy zatok\u0119 i\u00a0mamy jezioro. Teraz wszystko, czego potrzebujemy, to\u00a0ocean \u2013\u00a0stwierdzi\u0142. &#13;\n<\/p>\n<p>&#13;<br \/>\nPrezydent wymieni\u0142 nast\u0119pnie dwa oceany otaczaj\u0105ce Stany Zjednoczone. \u2013\u00a0Wi\u0119c mo\u017ce b\u0119dziemy musieli zmieni\u0107 nazw\u0119 Atlantyku i\/lub Pacyfiku. Mo\u017ce zmienimy oba \u2013\u00a0powiedzia\u0142. Trump nie\u00a0przedstawi\u0142 przy tym \u017cadnej konkretnej propozycji nowych nazw ani nie\u00a0zapowiedzia\u0142 podpisania kolejnych dokument\u00f3w. &#13;\n<\/p>\n<p>&#13;<br \/>\n   Czytaj te\u017c:<br \/><a href=\"https:\/\/dorzeczy.pl\/opinie\/934219\/tajemnicza-misja-szefa-cia-w-moskwie-trump-zdradza-nowe-szczegoly.html\" rel=\"follow nofollow noopener\" data-schema=\"DORZECZY\" data-image=\"https:\/\/img.dorzeczy.pl\/_thumb\/a4\/26\/a01a8e134fdf1849306d04c31d86.jpeg\" target=\"_blank\">Tajemnicza misja szefa CIA w\u00a0Moskwie. Trump zdradza nowe szczeg\u00f3\u0142y<\/a>   Czytaj te\u017c:<br \/><a href=\"https:\/\/dorzeczy.pl\/ekonomia\/933940\/trump-zawiesil-rozpatrywanie-wnioskow-wizowych-do-usa-na-calym-swiecie.html\" rel=\"follow nofollow noopener\" data-schema=\"DORZECZY\" data-image=\"https:\/\/img.dorzeczy.pl\/_thumb\/22\/fe\/5ddd14943be652305a8bc9dd1b6a.jpeg\" target=\"_blank\">Wizy do\u00a0USA wstrzymane na\u00a0ca\u0142ym \u015bwiecie. Radykalna decyzja Trumpa<\/a>&#13;<\/p>\n","protected":false},"excerpt":{"rendered":"&#13; Prezydent USA og\u0142osi\u0142, \u017ce\u00a0decyzja ma\u00a0obowi\u0105zywa\u0107 &#8222;ze skutkiem natychmiastowym&#8221;. Na\u00a0tym jednak nie\u00a0poprzesta\u0142. Podczas wyst\u0105pienia w\u00a0Gabinecie Owalnym zacz\u0105\u0142 m\u00f3wi\u0107&hellip;\n","protected":false},"author":2,"featured_media":650891,"comment_status":"","ping_status":"","sticky":false,"template":"","format":"standard","meta":{"footnotes":"","_share_on_mastodon":"0"},"categories":[14],"tags":[6784,32,33,63,1835,98,27,127301,127300,193,34,35,125660,28,31,25,102,18485,40,41,80,29,30,71,26,127302,82,83,84],"class_list":["post-650890","post","type-post","status-publish","format-standard","has-post-thumbnail","category-swiat","tag-atlantyk","tag-breaking-news","tag-breakingnews","tag-cla","tag-donald-trump","tag-dorzeczy","tag-headlines","tag-jezioro-ameryki","tag-jezioro-ontario","tag-kanada","tag-latest-news","tag-latestnews","tag-mark-carney","tag-naglowki","tag-najwazniejsze-artykuly","tag-news","tag-opinie","tag-pacyfik","tag-polish","tag-polski","tag-swiat","tag-top-stories","tag-topstories","tag-usa","tag-wiadomosci","tag-wielkie-jeziora","tag-world","tag-world-news","tag-worldnews"],"share_on_mastodon":{"url":"https:\/\/pubeurope.com\/@pl\/117170091202307520","error":""},"_links":{"self":[{"href":"https:\/\/www.europesays.com\/pl\/wp-json\/wp\/v2\/posts\/650890","targetHints":{"allow":["GET"]}}],"collection":[{"href":"https:\/\/www.europesays.com\/pl\/wp-json\/wp\/v2\/posts"}],"about":[{"href":"https:\/\/www.europesays.com\/pl\/wp-json\/wp\/v2\/types\/post"}],"author":[{"embeddable":true,"href":"https:\/\/www.europesays.com\/pl\/wp-json\/wp\/v2\/users\/2"}],"replies":[{"embeddable":true,"href":"https:\/\/www.europesays.com\/pl\/wp-json\/wp\/v2\/comments?post=650890"}],"version-history":[{"count":0,"href":"https:\/\/www.europesays.com\/pl\/wp-json\/wp\/v2\/posts\/650890\/revisions"}],"wp:featuredmedia":[{"embeddable":true,"href":"https:\/\/www.europesays.com\/pl\/wp-json\/wp\/v2\/media\/650891"}],"wp:attachment":[{"href":"https:\/\/www.europesays.com\/pl\/wp-json\/wp\/v2\/media?parent=650890"}],"wp:term":[{"taxonomy":"category","embeddable":true,"href":"https:\/\/www.europesays.com\/pl\/wp-json\/wp\/v2\/categories?post=650890"},{"taxonomy":"post_tag","embeddable":true,"href":"https:\/\/www.europesays.com\/pl\/wp-json\/wp\/v2\/tags?post=650890"}],"curies":[{"name":"wp","href":"https:\/\/api.w.org\/{rel}","templated":true}]}}