{"id":650940,"date":"2026-08-28T00:11:14","date_gmt":"2026-08-28T00:11:14","guid":{"rendered":"https:\/\/www.europesays.com\/pl\/650940\/"},"modified":"2026-08-28T00:11:14","modified_gmt":"2026-08-28T00:11:14","slug":"el-ms-2027-sa-wielcy-kapitalny-mecz-polakow","status":"publish","type":"post","link":"https:\/\/www.europesays.com\/pl\/650940\/","title":{"rendered":"El. M\u015a 2027. S\u0105 wielcy! Kapitalny mecz Polak\u00f3w"},"content":{"rendered":"\n<p class=\"contentpart contentpart--default contentpart--text\" data-position=\"0\">Si\u00f3dme z rz\u0119du zwyci\u0119stwo Polak\u00f3w w\u00a0<a href=\"https:\/\/sportowefakty.wp.pl\/koszykowka\/el-ms-2027\" rel=\"nofollow noopener\" target=\"_blank\">kwalifikacjach M\u015a 2027<\/a>! W Rydze Bia\u0142o-Czerwoni nie dali szans Izraelczykom. Rekordowo prowadzili r\u00f3\u017cnic\u0105 nawet 22 punkt\u00f3w, a kolejny koncert w barwach narodowych da\u0142\u00a0<a href=\"https:\/\/sportowefakty.wp.pl\/koszykowka\/mateusz-ponitka\" rel=\"nofollow noopener\" target=\"_blank\">Mateusz Ponitka<\/a>.<\/p>\n<p class=\"contentpart contentpart--default contentpart--text\" data-position=\"1\">Gdy &#8222;Poni&#8221; ubiera koszulk\u0119 <a href=\"https:\/\/sportowefakty.wp.pl\/koszykowka\/reprezentacja-polski-mezczyzn\" rel=\"nofollow noopener\" target=\"_blank\">reprezentacji Polski<\/a>\u00a0to wiedz, \u017ce b\u0119dze grubo. Izraelczycy nie mieli na niego \u017cadnej odpowiedzi. \u017badnego pomys\u0142u. Ponitka par\u0142 do przodu z jasnym celem: kolejna wygrana w drodze do Kataru.<\/p>\n<p>  <img decoding=\"async\" src=\"https:\/\/v.wpimg.pl\/X3dwLnN2d1IFFTpdYUl6R0ZNbgcnEHQREVV2TGEGbUtRT2MdOlZ2RBQUKABgQjQcDRotCStBd1IAAWMeIlM7VgwYIAorQAdEFFk_GCkQJQ\" alt=\"\" width=\"45\" height=\"58\" loading=\"lazy\"\/>  <\/p>\n<p class=\"contentpart contentpart--default contentpart--text\" data-position=\"2\">ZOBACZ WIDEO: Dwa pa\u0142ace, stadnina i setki hektar\u00f3w. Tak wygl\u0105da maj\u0105tek legendy<\/p>\n<p class=\"contentpart contentpart--default contentpart--text\" data-position=\"4\">Zako\u0144czy\u0142 pojedynek z linijk\u0105 24 punkt\u00f3w, dziewi\u0119ciu asyst, sze\u015bciu zbi\u00f3rek i czterech blok\u00f3w. Kapitan na misji nie bierze je\u0144c\u00f3w i idzie na maksa.<\/p>\n<p class=\"contentpart contentpart--default contentpart--text\" data-position=\"5\">Bia\u0142o-Czerwoni byli faworytem, a w\u015br\u00f3d rywali a\u017c nadto widoczny by\u0142 brak\u00a0<a href=\"https:\/\/sportowefakty.wp.pl\/koszykowka\/deni-avdija\" rel=\"nofollow noopener\" target=\"_blank\">Deniego Avdiji<\/a>. Defensywa Polak\u00f3w &#8222;zabra\u0142a&#8221; te\u017c gr\u0119\u00a0<a href=\"https:\/\/sportowefakty.wp.pl\/koszykowka\/yam-madar\" rel=\"nofollow noopener\" target=\"_blank\">Yamowi Madarowi<\/a>. Zosta\u0142 jedynie\u00a0<a href=\"https:\/\/sportowefakty.wp.pl\/koszykowka\/roman-sorkin\" rel=\"nofollow noopener\" target=\"_blank\">Roman Sorkin<\/a>, kt\u00f3ry zrobi\u0142 swoje notuj\u0105c 26 oczek.<\/p>\n<p class=\"contentpart contentpart--default contentpart--text\" data-position=\"6\">Od pierwszego gwizdka nasi koszykarze ruszyli pewnie i mocno po swoje. Do Ponitki dobr\u0105 gr\u0105 dopasowali si\u0119 &#8222;juniorzy&#8221;, czyli\u00a0<a href=\"https:\/\/sportowefakty.wp.pl\/koszykowka\/andrzej-pluta-junior\" rel=\"nofollow noopener\" target=\"_blank\">Andrzej Pluta<\/a>\u00a0i\u00a0<a href=\"https:\/\/sportowefakty.wp.pl\/koszykowka\/igor-milicic-jr\" rel=\"nofollow noopener\" target=\"_blank\">Igor Milici\u0107<\/a>. Pod koszami poza zasi\u0119giem by\u0142\u00a0<a href=\"https:\/\/sportowefakty.wp.pl\/koszykowka\/aleksander-balcerowski\" rel=\"nofollow noopener\" target=\"_blank\">Aleksander Balcerowski<\/a>.<\/p>\n<p>  <img decoding=\"async\" src=\"https:\/\/v.wpimg.pl\/X3dwLnN2d1IFFTpdYUl6R0ZNbgcnEHQREVV2TGEGbUtRT2MdOlZ2RBQUKABgQjQcDRotCStBd1IAAWMeIlM7VgwYIAorQAdEFFk_GCkQJQ\" alt=\"\" width=\"45\" height=\"58\" loading=\"lazy\"\/>  <\/p>\n<p class=\"contentpart contentpart--default contentpart--text\" data-position=\"7\">Ju\u017c w pierwszej kwarcie Bia\u0142o-Czerwoni mieli dwucyfrow\u0105 przewag\u0119, kt\u00f3r\u0105 trzymali do samego ko\u0144ca. Izraelczycy starali si\u0119 wr\u00f3ci\u0107. Dystans do pogoni by\u0142 jednak daleki. Z -22 uda\u0142o si\u0119 zej\u015b\u0107 do dziesi\u0119ciu oczek w czwartej kwarcie, gdy wpad\u0142o kilka tr\u00f3jek, a pod koszem szala\u0142 wspomniany Sorkin.<\/p>\n<p class=\"contentpart contentpart--default contentpart--text\" data-position=\"8\">Podopieczni Milicicia wytrzymali jednak ci\u015bnienie, a ko\u0144c\u00f3wka ponownie nale\u017ca\u0142a do Ponitki. Jego si\u0142a, energia i rz\u0105dza zwyci\u0119stwa rozsadza\u0142y pust\u0105 Xiaomi Aren\u0119 w Rydze.\u00a0<\/p>\n<p class=\"contentpart contentpart--default contentpart--text\" data-position=\"9\">Ju\u017c w niedziel\u0119 (30 sierpnia) na Bia\u0142o-Czerwonych czeka kolejna ods\u0142ona walki o koszykarski mundial. W tr\u00f3jmiejskiej Ergo Arenie Polacy zmierz\u0105 si\u0119 z aktualnymi mistrzami \u015bwiata, Niemcami. Pocz\u0105tek o godz. 14:45.<\/p>\n<p class=\"contentpart contentpart--default contentpart--text\" data-position=\"10\">To mo\u017ce by\u0107 pi\u0119kne popo\u0142udnie w Tr\u00f3jmie\u015bcie. W\u0142a\u015bnie wtedy Bia\u0142o-Czerwoni mog\u0105 \u015bwi\u0119towa\u0107 awans na M\u015a w Katarze. Oby!<\/p>\n<p>  <img decoding=\"async\" src=\"https:\/\/v.wpimg.pl\/X3dwLnN2d1IFFTpdYUl6R0ZNbgcnEHQREVV2TGEGbUtRT2MdOlZ2RBQUKABgQjQcDRotCStBd1IAAWMeIlM7VgwYIAorQAdEFFk_GCkQJQ\" alt=\"\" width=\"45\" height=\"58\" loading=\"lazy\"\/>  <\/p>\n<p class=\"contentpart contentpart--default contentpart--text\" data-position=\"11\"><a href=\"https:\/\/sportowefakty.wp.pl\/koszykowka\/reprezentacja-izraela\" rel=\"nofollow noopener\" target=\"_blank\">Izrael<\/a>\u00a0&#8211;\u00a0<a href=\"https:\/\/sportowefakty.wp.pl\/koszykowka\/reprezentacja-polski-mezczyzn\" rel=\"nofollow noopener\" target=\"_blank\">Polska<\/a>\u00a086:106 (15:23, 27:32, 18:25, 26:26)<\/p>\n<p class=\"contentpart contentpart--default contentpart--text\" data-position=\"12\">Izrael:\u00a0Roman Sorkin 26, Yam Madar 13, Adam Ariel 12, Tamir Blatt 11, Khadeen Carrington 10, Rafi Menco 5, Itay Segev 4, Yair Kravitz 3, Netanel Artzi 2, Guy Palatin 0, Lior Carriera 0.<\/p>\n<p class=\"contentpart contentpart--default contentpart--text\" data-position=\"13\">Polska:\u00a0Mateusz Ponitka 24, Jordan Loyd 18, Aleksander Balcerowski 17, Igor Milici\u0107 13, Andrzej Pluta 11, Jaros\u0142aw Zyskowski 7, Dominik Olejniczak 6, Micha\u0142 Soko\u0142owski 5, Kamil \u0141\u0105czy\u0144ski 3, Przemys\u0142aw \u017bo\u0142nierewicz 1.<\/p>\n","protected":false},"excerpt":{"rendered":"Si\u00f3dme z rz\u0119du zwyci\u0119stwo Polak\u00f3w w\u00a0kwalifikacjach M\u015a 2027! W Rydze Bia\u0142o-Czerwoni nie dali szans Izraelczykom. Rekordowo prowadzili r\u00f3\u017cnic\u0105&hellip;\n","protected":false},"author":2,"featured_media":650941,"comment_status":"","ping_status":"","sticky":false,"template":"","format":"standard","meta":{"footnotes":"","_share_on_mastodon":"0"},"categories":[5],"tags":[32,33,26353,36,37,27,91,2449,34,35,75,47021,28,31,25,42,38,40,39,41,539,20922,29,30,26],"class_list":["post-650940","post","type-post","status-publish","format-standard","has-post-thumbnail","category-naglowki","tag-breaking-news","tag-breakingnews","tag-el-ms-2027","tag-featured-news","tag-featurednews","tag-headlines","tag-izrael","tag-koszykowka","tag-latest-news","tag-latestnews","tag-lotwa","tag-ms-2027","tag-naglowki","tag-najwazniejsze-artykuly","tag-news","tag-pl","tag-poland","tag-polish","tag-polska","tag-polski","tag-reprezentacje","tag-ryga","tag-top-stories","tag-topstories","tag-wiadomosci"],"share_on_mastodon":{"url":"https:\/\/pubeurope.com\/@pl\/117170241751129302","error":""},"_links":{"self":[{"href":"https:\/\/www.europesays.com\/pl\/wp-json\/wp\/v2\/posts\/650940","targetHints":{"allow":["GET"]}}],"collection":[{"href":"https:\/\/www.europesays.com\/pl\/wp-json\/wp\/v2\/posts"}],"about":[{"href":"https:\/\/www.europesays.com\/pl\/wp-json\/wp\/v2\/types\/post"}],"author":[{"embeddable":true,"href":"https:\/\/www.europesays.com\/pl\/wp-json\/wp\/v2\/users\/2"}],"replies":[{"embeddable":true,"href":"https:\/\/www.europesays.com\/pl\/wp-json\/wp\/v2\/comments?post=650940"}],"version-history":[{"count":0,"href":"https:\/\/www.europesays.com\/pl\/wp-json\/wp\/v2\/posts\/650940\/revisions"}],"wp:featuredmedia":[{"embeddable":true,"href":"https:\/\/www.europesays.com\/pl\/wp-json\/wp\/v2\/media\/650941"}],"wp:attachment":[{"href":"https:\/\/www.europesays.com\/pl\/wp-json\/wp\/v2\/media?parent=650940"}],"wp:term":[{"taxonomy":"category","embeddable":true,"href":"https:\/\/www.europesays.com\/pl\/wp-json\/wp\/v2\/categories?post=650940"},{"taxonomy":"post_tag","embeddable":true,"href":"https:\/\/www.europesays.com\/pl\/wp-json\/wp\/v2\/tags?post=650940"}],"curies":[{"name":"wp","href":"https:\/\/api.w.org\/{rel}","templated":true}]}}