{"id":650984,"date":"2026-08-28T00:44:12","date_gmt":"2026-08-28T00:44:12","guid":{"rendered":"https:\/\/www.europesays.com\/pl\/650984\/"},"modified":"2026-08-28T00:44:12","modified_gmt":"2026-08-28T00:44:12","slug":"paulina-krupinska-skradla-show-w-sopocie-mieniaca-sie-kreacja-robi-wrazenie","status":"publish","type":"post","link":"https:\/\/www.europesays.com\/pl\/650984\/","title":{"rendered":"Paulina Krupi\u0144ska skrad\u0142a show w Sopocie. Mieni\u0105ca si\u0119 kreacja robi wra\u017cenie"},"content":{"rendered":"<p>Czwarty, ostatni dzie\u0144 <a href=\"https:\/\/plejada.pl\/temat\/top-of-the-top-sopot-festival\/nb7kbq7\" id=\"7b57a8d2-89df-4c9c-8ffd-1a896064755e\" rel=\"nofollow noopener\" target=\"_blank\">Top of the Top Sopot Festival<\/a> tradycyjnie podzielono na kilka cz\u0119\u015bci, a nad przebiegiem wydarzenia czuwali uwielbiani przez widz\u00f3w gospodarze. W\u015br\u00f3d nich nie mog\u0142o zabrakn\u0105\u0107 <a href=\"https:\/\/plejada.pl\/temat\/paulina-krupinska\/blrkwd9\" id=\"0ea8696b-2acb-4fee-b9fd-c17388894f07\" rel=\"nofollow noopener\" target=\"_blank\">Pauliny Krupi\u0144skiej<\/a>, kt\u00f3ra od lat doskonale odnajduje si\u0119 w roli prowadz\u0105cej telewizyjne widowiska. Tym razem partnerowa\u0142 jej Damian Micha\u0142owski.Dalszy ci\u0105g artyku\u0142u pod materia\u0142em wideoPaulina Krupi\u0144ska skrad\u0142a show w Sopocie. Mieni\u0105ca si\u0119 kreacja robi wra\u017cenie<\/p>\n<p>Krupi\u0144ska poprowadzi\u0142a drug\u0105 cz\u0119\u015b\u0107 koncertowego wieczoru. Na scenie zachwyca\u0142a nie tylko profesjonalizmem, ale r\u00f3wnie\u017c przemy\u015blan\u0105 stylizacj\u0105. Zanim jeszcze chwyci\u0142a za mikrofon, rozgrza\u0142a do czerwono\u015bci \u015bciank\u0119, prezentuj\u0105c si\u0119 w zjawiskowej, zdobionej sukni w intensywnym odcieniu czerwieni. Kreacja wyr\u00f3\u017cnia\u0142a si\u0119 g\u0142\u0119bokim, lej\u0105cym si\u0119 dekoltem, kt\u00f3ry nadawa\u0142 ca\u0142o\u015bci lekko\u015bci i wieczorowego charakteru.<\/p>\n<blockquote class=\"ods-o-quote\"><p><img loading=\"lazy\" class=\"ods-a-photo ods-a-author-avatar__single__img\" src=\"https:\/\/www.europesays.com\/pl\/wp-content\/uploads\/2026\/08\/PtPk9lBaHR0cHM6Ly9vY2RuLmV1L3B1bHNjbXMvTURBXy9hYjVkODdlNTRhMWQ1MTVmYWMyNTUzMDFkODIzMGU4Ny5qcGeRkwU8P.jpeg\" height=\"30\" width=\"30\" alt=\"Kuba Sienkiewicz\" fetchpriority=\"auto\" decoding=\"auto\"\/><\/p>\n<p>Kuba Sienkiewicz<\/p>\n<\/blockquote>\n<p>Projekt sukni \u0142\u0105czy\u0142 opi\u0119t\u0105 mini z d\u0142ugim, ci\u0105gn\u0105cym si\u0119 po ziemi do\u0142em, a przezroczysta siateczka obsypana drobnymi, b\u0142yszcz\u0105cymi elementami subtelnie eksponowa\u0142a nogi prezenterki. Stylizacj\u0119 dope\u0142ni\u0142y rozpuszczone, swobodnie pofalowane w\u0142osy, masywna srebrna bi\u017cuteria oraz \u015bwietlisty makija\u017c z akcentem na naturalny glow.<\/p>\n<p>1\/4Paulina Krupi\u0144ska<img class=\"ods-a-photo ods-a-photo--background\" src=\"https:\/\/www.europesays.com\/pl\/wp-content\/uploads\/2026\/08\/7Azk9lBaHR0cHM6Ly9vY2RuLmV1L3B1bHNjbXMvTURBXy85YTBiNmUyNDJlMjcxOGVmNWRhY2I3ODdjYTcxYzY2MS5qcGeRkwXNB.jpeg\" height=\"800\" width=\"533\" alt=\"Paulina Krupi\u0144ska\" loading=\"lazy\" fetchpriority=\"auto\" decoding=\"auto\" url=\"https:\/\/ocdn.eu\/pulscms\/MDA_\/9a0b6e242e2718ef5dacb787ca71c661.jpg\" description=\"Paulina Krupi\u0144ska\" author=\"Marcin Gadomski \/ AKPA\" source=\"\"\/><\/p>\n<p>Marcin Gadomski \/ AKPA<\/p>\n<p>Paulina Krupi\u0144ska<\/p>\n<p>2\/4Paulina Krupi\u0144ska, Damian Micha\u0142owski<img class=\"ods-a-photo ods-a-photo--background\" src=\"https:\/\/www.europesays.com\/pl\/wp-content\/uploads\/2026\/08\/UQwk9lGaHR0cHM6Ly9vY2RuLmV1L3B1bHNjbXMvTURBXy8wNDc0MmU4ZC1mMmUxLTQzYjgtYjFkOS05MDQyZjFhMmIyMzAuanBlZ.jpeg\" height=\"800\" width=\"533\" alt=\"Paulina Krupi\u0144ska, Damian Micha\u0142owski\" loading=\"lazy\" fetchpriority=\"auto\" decoding=\"auto\" url=\"https:\/\/ocdn.eu\/pulscms\/MDA_\/04742e8d-f2e1-43b8-b1d9-9042f1a2b230.jpeg\" description=\"Paulina Krupi\u0144ska, Damian Micha\u0142owski\" author=\"PAP\/Andrzej Jackowski\" source=\"\"\/><\/p>\n<p>PAP\/Andrzej Jackowski<\/p>\n<p>Paulina Krupi\u0144ska, Damian Micha\u0142owski<\/p>\n<p>3\/4Paulina Krupi\u0144ska, Damian Micha\u0142owski<img class=\"ods-a-photo ods-a-photo--background\" src=\"https:\/\/www.europesays.com\/pl\/wp-content\/uploads\/2026\/08\/4IQk9lGaHR0cHM6Ly9vY2RuLmV1L3B1bHNjbXMvTURBXy9kNjQwM2U2Mi02NWJjLTQ4OGEtYmJjYy0yNmIwYWVhNGE4MzcuanBlZ.jpeg\" height=\"627\" width=\"940\" alt=\"Paulina Krupi\u0144ska, Damian Micha\u0142owski\" loading=\"lazy\" fetchpriority=\"auto\" decoding=\"auto\" url=\"https:\/\/ocdn.eu\/pulscms\/MDA_\/d6403e62-65bc-488a-bbcc-26b0aea4a837.jpeg\" description=\"Paulina Krupi\u0144ska, Damian Micha\u0142owski\" author=\"PAP\/Andrzej Jackowski\" source=\"\"\/><\/p>\n<p>PAP\/Andrzej Jackowski<\/p>\n<p>Paulina Krupi\u0144ska, Damian Micha\u0142owski<\/p>\n<p>4\/4Paulina Krupi\u0144ska i Damian Micha\u0142owski<\/p>\n<p>Dzi\u0119kujemy, \u017ce przeczyta\u0142a\u015b\/e\u015b nasz artyku\u0142 do ko\u0144ca. W serwisie Plejada.pl ka\u017cdego dnia piszemy o najwa\u017cniejszych wydarzeniach show-biznesowych. B\u0105d\u017a na bie\u017c\u0105co i obserwuj Plejad\u0119 w <a href=\"http:\/\/news.google.com\/publications\/CAAiEF0PeAlb7W1llpV_mwV2rL4qFAgKIhBdD3gJW-1tZZaVf5sFdqy-?hl=pl&amp;gl=PL&amp;ceid=PL%3Apl\" rel=\"nofollow noopener\" target=\"_blank\">Wiadomo\u015bciach Google<\/a>. Odwied\u017a nas tak\u017ce na <a href=\"http:\/\/facebook.com\/plejadapl\" rel=\"nofollow noopener\" target=\"_blank\">Facebooku<\/a> , <a href=\"http:\/\/instagram.com\/plejadapl\/\" rel=\"nofollow noopener\" target=\"_blank\">Instagramie<\/a>, <a href=\"http:\/\/youtube.com\/c\/plejada\" rel=\"nofollow noopener\" target=\"_blank\">YouTubie<\/a> i <a href=\"http:\/\/tiktok.com\/@plejada_pl\" rel=\"nofollow noopener\" target=\"_blank\">TikToku<\/a>. <\/p>\n<p>Chcesz podzieli\u0107 si\u0119 ciekawym newsem lub zaproponowa\u0107 temat? Skontaktuj si\u0119 z nami, pisz\u0105c maila na adres: plejada@redakcjaonet.pl.<\/p>\n<p><script async src=\"\/\/www.instagram.com\/embed.js\"><\/script><script async src=\"\/\/www.tiktok.com\/embed.js\"><\/script><\/p>\n","protected":false},"excerpt":{"rendered":"Czwarty, ostatni dzie\u0144 Top of the Top Sopot Festival tradycyjnie podzielono na kilka cz\u0119\u015bci, a nad przebiegiem wydarzenia&hellip;\n","protected":false},"author":2,"featured_media":650985,"comment_status":"","ping_status":"","sticky":false,"template":"","format":"standard","meta":{"footnotes":"","_share_on_mastodon":"0"},"categories":[5],"tags":[61195,32,33,36,37,37297,27,34,35,28,31,48,25,125,46,2236,42,38,40,39,41,47,1063,29,126324,30,318,26],"class_list":["post-650984","post","type-post","status-publish","format-standard","has-post-thumbnail","category-naglowki","tag-bottomfeed_styl","tag-breaking-news","tag-breakingnews","tag-featured-news","tag-featurednews","tag-festiwal_w_sopocie","tag-headlines","tag-latest-news","tag-latestnews","tag-naglowki","tag-najwazniejsze-artykuly","tag-nat_styl","tag-news","tag-newsy","tag-omp","tag-paulina_krupinska","tag-pl","tag-poland","tag-polish","tag-polska","tag-polski","tag-screening_general","tag-sopot","tag-top-stories","tag-top_of_the_top_sopot_festival","tag-topstories","tag-tvn","tag-wiadomosci"],"share_on_mastodon":{"url":"https:\/\/pubeurope.com\/@pl\/117170370370457807","error":""},"_links":{"self":[{"href":"https:\/\/www.europesays.com\/pl\/wp-json\/wp\/v2\/posts\/650984","targetHints":{"allow":["GET"]}}],"collection":[{"href":"https:\/\/www.europesays.com\/pl\/wp-json\/wp\/v2\/posts"}],"about":[{"href":"https:\/\/www.europesays.com\/pl\/wp-json\/wp\/v2\/types\/post"}],"author":[{"embeddable":true,"href":"https:\/\/www.europesays.com\/pl\/wp-json\/wp\/v2\/users\/2"}],"replies":[{"embeddable":true,"href":"https:\/\/www.europesays.com\/pl\/wp-json\/wp\/v2\/comments?post=650984"}],"version-history":[{"count":0,"href":"https:\/\/www.europesays.com\/pl\/wp-json\/wp\/v2\/posts\/650984\/revisions"}],"wp:featuredmedia":[{"embeddable":true,"href":"https:\/\/www.europesays.com\/pl\/wp-json\/wp\/v2\/media\/650985"}],"wp:attachment":[{"href":"https:\/\/www.europesays.com\/pl\/wp-json\/wp\/v2\/media?parent=650984"}],"wp:term":[{"taxonomy":"category","embeddable":true,"href":"https:\/\/www.europesays.com\/pl\/wp-json\/wp\/v2\/categories?post=650984"},{"taxonomy":"post_tag","embeddable":true,"href":"https:\/\/www.europesays.com\/pl\/wp-json\/wp\/v2\/tags?post=650984"}],"curies":[{"name":"wp","href":"https:\/\/api.w.org\/{rel}","templated":true}]}}