{"id":651008,"date":"2026-08-28T01:01:10","date_gmt":"2026-08-28T01:01:10","guid":{"rendered":"https:\/\/www.europesays.com\/pl\/651008\/"},"modified":"2026-08-28T01:01:10","modified_gmt":"2026-08-28T01:01:10","slug":"wroclaw-apeluje-o-safe-dla-edukacji-absolutnie-konieczna-inwestycja","status":"publish","type":"post","link":"https:\/\/www.europesays.com\/pl\/651008\/","title":{"rendered":"Wroc\u0142aw apeluje o SAFE dla edukacji. &#8222;Absolutnie konieczna inwestycja&#8221;"},"content":{"rendered":"<p>\u2013 Wiem, \u017ce te pensje nie s\u0105 atrakcyjne \u2013 przyznaje wiceprezydent Wroc\u0142awia Ryszard Kessler, pytany o braki kadrowe w szko\u0142ach. W rozmowie z Wroc\u0142awskimi Faktami tu\u017c przed rozpocz\u0119ciem roku szkolnego opowiada tak\u017ce o przepe\u0142nionych klasach, demografii, pieni\u0105dzach na kszta\u0142cenie i priorytetach Wroc\u0142awia w tych aspektach. I apeluje o program SAFE dla edukacji.<\/p>\n<p>\u2013 Malwin\u0105 Gadawa: Gdyby pan by\u0142 dzisiaj rodzicem dziecka rozpoczynaj\u0105cego nauk\u0119 w jednej z wroc\u0142awskich szk\u00f3\u0142, czego by si\u0119 pan najbardziej obawia\u0142?<\/p>\n<p>\u2013 Wiceprezydent Wroc\u0142awia, Ryszard Kessler: To zale\u017cy, jak\u0105 plac\u00f3wk\u0119 mamy na my\u015bli. Je\u017celi by\u0142oby to przedszkole i szko\u0142a podstawowa, raczej nie ma powod\u00f3w do obaw. W szko\u0142ach ponadpodstawowych, mam tu na my\u015bli przede wszystkim liceum, obawia\u0142bym si\u0119 przepe\u0142nionych klas. We wszystkich szko\u0142ach natomiast obawia\u0142bym si\u0119 zagro\u017ce\u0144 wyp\u0142ywaj\u0105cych ze \u015bwiata zewn\u0119trznego.<\/p>\n<p>\u2013 No w\u0142a\u015bnie, je\u017celi ju\u017c jeste\u015bmy przy przepe\u0142nionych klasach. Ostatnio miasto chwali\u0142o si\u0119 nowoczesnym Zespo\u0142em Szkolno-Przedszkolnym przy ulicy Zwyci\u0119skiej, kt\u00f3rego budowa poch\u0142on\u0119\u0142a 100 milion\u00f3w z\u0142otych. Tymczasem dla cz\u0119\u015bci rodzic\u00f3w wci\u0105\u017c codzienno\u015bci\u0105 jest nauka ich dzieci na dwie zmiany.<\/p>\n<p>\u2013 We Wroc\u0142awiu s\u0105 szko\u0142y, gdzie uczniowie zaczynaj\u0105 nauk\u0119 p\u00f3\u017aniej ni\u017c o godz. 8.00. We Wroc\u0142awiu dwuzmianowo\u015b\u0107 dotyczy klas 1-3 i s\u0105 to w szczeg\u00f3lno\u015bci szko\u0142y znajduj\u0105ce si\u0119 na po\u0142udniu Wroc\u0142awia. Jagodno, Broch\u00f3w czy Wojszyce. Prosz\u0119 pami\u0119ta\u0107, \u017ce przez zmiany wprowadzone przez rz\u0105d Prawa i Sprawiedliwo\u015bci do szko\u0142y jednego roku posz\u0142o p\u00f3\u0142tora rocznika i po prostu to s\u0105 jeszcze efekty tych zmian. Wspomnia\u0142a Pani o ZSP nr 27 przy u. Zwyci\u0119skiej. W tej szkole 1 wrze\u015bnia nauk\u0119 rozpocznie 600 uczni\u00f3w i 100 przedszkolak\u00f3w.<\/p>\n<p>\u2013 A jak Wroc\u0142aw poradzi sobie z problemem demograficznym, bo owszem rozbudowuj\u0105 si\u0119 obrze\u017ca Wroc\u0142awia, czego efektem s\u0105 nowe inwestycje w plac\u00f3wki edukacyjne, ale \u201estarzeje si\u0119\u201d samo centrum miasta. Czy Wroc\u0142aw podobnie jak inne gminy ju\u017c my\u015bli o zamykaniu niekt\u00f3rych plac\u00f3wek?<\/p>\n<p>\u2013 Obserwujemy pewne problemy w przedszkolach, g\u0142\u00f3wnie w tych rejonach miasta, gdzie kiedy\u015b funkcjonowa\u0142y wielkie zak\u0142ady pracy. Obecnie mieszkaj\u0105 tam, albo seniorzy, albo lokale wynajmuj\u0105 bardzo m\u0142odzi ludzie, kt\u00f3rzy cz\u0119sto nie maj\u0105 jeszcze dzieci. W takich miejscach faktycznie obserwujemy, \u017ce spada nam liczba grup przedszkolnych i w ci\u0105gu najbli\u017cszych lat trzeba b\u0119dzie podj\u0105\u0107 decyzj\u0119 o zamkni\u0119ciu wybranych plac\u00f3wek. Uwa\u017cam, \u017ce b\u0119d\u0105 to jednak punktowe decyzje. Wroc\u0142aw wci\u0105\u017c jest jednak miastem, do kt\u00f3rego nap\u0142ywa spora liczba os\u00f3b. Przyje\u017cd\u017caj\u0105 ludzie z Dolnego \u015al\u0105ska, ale tak\u017ce z ca\u0142ej Polski. Trzeba mie\u0107 jednak na uwadze, \u017ce te grupy poczynaj\u0105c od \u017c\u0142obk\u00f3w i przedszkoli b\u0119d\u0105 naturalnie mniejsze. B\u0119d\u0105, co moim zdaniem jest atutem, kameralne plac\u00f3wki. Miasto jest na to przygotowane.<\/p>\n<p>\u2013 Ale czy miasto na to sta\u0107, \u017ceby utrzymywa\u0107 \u201ekameralne przedszkola\u201d?<\/p>\n<p>\u2013 To jest i musi by\u0107 priorytet miasta. Nale\u017cy o to zadba\u0107, poniewa\u017c dzieci wymagaj\u0105 naszej troski, opieki, a przede wszystkim przygotowania do tego, \u017ceby wesz\u0142y w doros\u0142e \u017cycie z kompetencjami spo\u0142ecznymi, edukacyjnymi. To jest najlepsza inwestycja w przysz\u0142o\u015b\u0107.<\/p>\n<p>\u2013 Jak wygl\u0105da we Wroc\u0142awiu sytuacja z nauczycielami? Inne gminy alarmuj\u0105, \u017ce w szko\u0142ach wci\u0105\u017c s\u0105 wakaty, a ch\u0119tnych brak.<\/p>\n<p>\u2013 Jestem po konferencji dla dyrektor\u00f3w \u017c\u0142obk\u00f3w, przedszkoli i szk\u00f3\u0142 organizowan\u0105 przez Kuratorium O\u015bwiaty. Wynika\u0142o z dyskusji i przedstawionych bada\u0144, \u017ce je\u015bli z pracy odeszliby nauczyciele, kt\u00f3rzy maj\u0105 prawo do emerytury, to czeka nas trudne zadanie. W tej kwestii du\u017ce znaczenie maj\u0105 finanse. M\u0142odzi ludzie id\u0105 do pracy w szko\u0142ach tylko na chwil\u0119. Podwy\u017cka by\u0142a par\u0119 lat temu, ale ona zosta\u0142a, powiedzmy\u201dskonsumowana\u201d przez inflacj\u0119. Oczywi\u015bcie nauczyciele nie maj\u0105 na to wp\u0142ywu. Wiem, \u017ce te pensje nie s\u0105 atrakcyjne. Zdarzaj\u0105 si\u0119 miejsca, gdzie nauczyciele mog\u0105 bra\u0107 nadgodziny ale jest to kosztem zm\u0119czenia. Praca nauczyciela nie ko\u0144czy si\u0119 wraz z wyj\u015bciem ze szko\u0142y. Przygotowanie do lekcji, sprawdzanie klas\u00f3wek czy sporz\u0105dzanie dokumentacji to praca w domu. Odpowiedzialny i ci\u0119\u017cki zaw\u00f3d. Powtarza\u0142em wielokrotnie, \u017ce jest SAFE dla wojska, powinien zatem by\u0107 SAFE dla edukacji. Od tego zale\u017cy przysz\u0142o\u015b\u0107 naszego kraju.<\/p>\n<p>\u2013 SAFE dla edukacji czyli po prostu miliony na o\u015bwiat\u0119?<\/p>\n<p>\u2013 Tak i \u015bwiadomo\u015b\u0107 tego, \u017ce to jest absolutnie konieczna inwestycja. Po co nam schrony, jak nie b\u0119dziemy mieli m\u0105drych ludzi, kt\u00f3rzy b\u0119d\u0105 potrafili wype\u0142ni\u0107 przestrze\u0144 i zadba\u0107 o to, \u017ceby te schrony nie by\u0142y nam potrzebne.<\/p>\n","protected":false},"excerpt":{"rendered":"\u2013 Wiem, \u017ce te pensje nie s\u0105 atrakcyjne \u2013 przyznaje wiceprezydent Wroc\u0142awia Ryszard Kessler, pytany o braki kadrowe&hellip;\n","protected":false},"author":2,"featured_media":651009,"comment_status":"","ping_status":"","sticky":false,"template":"","format":"standard","meta":{"footnotes":"","_share_on_mastodon":"0"},"categories":[51607],"tags":[4438,3622,3511,17123,42,38,40,39,41,2592,52910,420,5360,1853,2201,124546],"class_list":["post-651008","post","type-post","status-publish","format-standard","has-post-thumbnail","category-wroclaw","tag-demografia","tag-edukacja","tag-inwestycje","tag-nauczyciele","tag-pl","tag-poland","tag-polish","tag-polska","tag-polski","tag-rozmowa","tag-ryszard-kessler","tag-szkola","tag-szkoly","tag-wroclaw","tag-wywiad","tag-zarobki-nauczycieli"],"share_on_mastodon":{"url":"https:\/\/pubeurope.com\/@pl\/117170437170375914","error":""},"_links":{"self":[{"href":"https:\/\/www.europesays.com\/pl\/wp-json\/wp\/v2\/posts\/651008","targetHints":{"allow":["GET"]}}],"collection":[{"href":"https:\/\/www.europesays.com\/pl\/wp-json\/wp\/v2\/posts"}],"about":[{"href":"https:\/\/www.europesays.com\/pl\/wp-json\/wp\/v2\/types\/post"}],"author":[{"embeddable":true,"href":"https:\/\/www.europesays.com\/pl\/wp-json\/wp\/v2\/users\/2"}],"replies":[{"embeddable":true,"href":"https:\/\/www.europesays.com\/pl\/wp-json\/wp\/v2\/comments?post=651008"}],"version-history":[{"count":0,"href":"https:\/\/www.europesays.com\/pl\/wp-json\/wp\/v2\/posts\/651008\/revisions"}],"wp:featuredmedia":[{"embeddable":true,"href":"https:\/\/www.europesays.com\/pl\/wp-json\/wp\/v2\/media\/651009"}],"wp:attachment":[{"href":"https:\/\/www.europesays.com\/pl\/wp-json\/wp\/v2\/media?parent=651008"}],"wp:term":[{"taxonomy":"category","embeddable":true,"href":"https:\/\/www.europesays.com\/pl\/wp-json\/wp\/v2\/categories?post=651008"},{"taxonomy":"post_tag","embeddable":true,"href":"https:\/\/www.europesays.com\/pl\/wp-json\/wp\/v2\/tags?post=651008"}],"curies":[{"name":"wp","href":"https:\/\/api.w.org\/{rel}","templated":true}]}}