{"id":651138,"date":"2026-08-28T02:46:32","date_gmt":"2026-08-28T02:46:32","guid":{"rendered":"https:\/\/www.europesays.com\/pl\/651138\/"},"modified":"2026-08-28T02:46:32","modified_gmt":"2026-08-28T02:46:32","slug":"maryla-rodowicz-porwala-publicznosc-w-sopocie-widzowie-nie-maja-watpliwosci","status":"publish","type":"post","link":"https:\/\/www.europesays.com\/pl\/651138\/","title":{"rendered":"Maryla Rodowicz porwa\u0142a publiczno\u015b\u0107 w Sopocie. Widzowie nie maj\u0105 w\u0105tpliwo\u015bci"},"content":{"rendered":"<p>Za nami kolejna edycja <a href=\"https:\/\/plejada.pl\/temat\/top-of-the-top-sopot-festival\/nb7kbq7\" id=\"9e21a86c-ad9b-40d5-ba6d-f4fc6addbfec\" rel=\"nofollow noopener\" target=\"_blank\">Top of the Top Sopot Festival<\/a> \u2014 flagowej imprezy muzycznej TVN, kt\u00f3ra od lat przyci\u0105ga najwi\u0119ksze gwiazdy i t\u0142umy widz\u00f3w. Tegoroczny fina\u0142 up\u0142yn\u0105\u0142 pod znakiem \u017cywio\u0142owych koncert\u00f3w i nieoczywistych duet\u00f3w, a prawdziw\u0105 kr\u00f3low\u0105 wieczoru okaza\u0142a si\u0119 \u2014 jak zwykle \u2014 <a href=\"https:\/\/plejada.pl\/temat\/maryla-rodowicz-artystka\/wmdf87s\" id=\"bef35a0a-173c-4e49-9d71-9eef0403fad3\" rel=\"nofollow noopener\" target=\"_blank\">Maryla Rodowicz<\/a>.Dalszy ci\u0105g artyku\u0142u pod materia\u0142em wideoLawina komentarzy po wyst\u0119pie Maryli Rodowicz w Sopocie. Widzowie jednog\u0142o\u015bniMaryla Rodowicz jeszcze przed swoim wyst\u0119pem zrobi\u0142a show. <a href=\"https:\/\/plejada.pl\/newsy\/maryla-rodowicz-wjechala-do-opery-lesnej-jak-krolowa-otoczyli-ja-dziennikarze-wideo\/xefz4bp\" id=\"31354017-fede-4c02-853b-4e1110d04ac4\" rel=\"nofollow noopener\" target=\"_blank\">Najpierw do Opery Le\u015bnej przyjecha\u0142a czerwonym Porsche<\/a> wartym ok. 1 mln z\u0142. Chwil\u0119 p\u00f3\u017aniej udzieli\u0142a wywiadu Mateuszowi H\u0142adkiemu, podczas kt\u00f3rego wspomnia\u0142a, \u017ce w\u0142a\u015bnie w Sopocie narodzi\u0142a si\u0119 jej kariera.<\/p>\n<blockquote class=\"ods-o-quote\">\n<p class=\"ods-o-quote__paragraph\">Ale ten festiwal to moje narodziny \u2014 narodziny gwiazdy, kt\u00f3ra nazywa si\u0119 Maryla Rodowicz. Tu si\u0119 narodzi\u0142am i tutaj zejd\u0119<\/p>\n<\/blockquote>\n<p>\u2014 powiedzia\u0142a ca\u0142kiem powa\u017cnie, <a href=\"https:\/\/plejada.pl\/newsy\/maryla-rodowicz-zaskoczyla-prezentera-w-sopocie-nagle-wspomniala-o-smierci\/bddmgeq\" id=\"a21f0190-0405-430d-a039-97c1c365faeb\" rel=\"nofollow noopener\" target=\"_blank\">doprowadzaj\u0105c publiczno\u015b\u0107 w Operze Le\u015bnej do \u015bmiechu<\/a>.Jej wyst\u0119p by\u0142 kulminacj\u0105 wieczoru i zebra\u0142 entuzjastyczne reakcje publiczno\u015bci. Druga cz\u0119\u015b\u0107 koncertu \u2014 &#8222;Duety nocy letniej&#8221; \u2014 <a href=\"https:\/\/plejada.pl\/newsy\/paulina-krupinska-skradla-show-w-sopocie-mieniaca-sie-kreacja-robi-wrazenie\/2zj65q2\" id=\"3b6f4fbd-3aa3-483a-9ccf-ae6698c32ebb\" rel=\"nofollow noopener\" target=\"_blank\">poprowadzili Paulina Krupi\u0144ska-Karpiel oraz Damian Micha\u0142owski<\/a>, a na scenie obok Rodowicz pojawi\u0142y si\u0119 m\u0142ode gwiazdy, takie jak Young Leosia (w piosence &#8222;Sing Sing&#8221;), Natalia Szroeder (kt\u00f3ra wykona\u0142a z artystk\u0105 &#8222;Gaj&#8221;) czy Igor Herbut, kt\u00f3ry za\u015bpiewa\u0142 z Rodowicz jej wielki hit &#8222;Wariatka ta\u0144czy&#8221;.<img class=\"ods-a-photo ods-a-photo--background\" src=\"https:\/\/www.europesays.com\/pl\/wp-content\/uploads\/2026\/08\/POTk9lCaHR0cHM6Ly9vY2RuLmV1L3B1bHNjbXMvTURBXy80NWE2OWVlYTliNGRjYWRlY2M4OGIwOTIxOTg1MDY0NC5qcGVnkZUCz.jpeg\" height=\"300\" width=\"450\" alt=\"Kuba Sienkiewicz\" loading=\"lazy\" fetchpriority=\"low\" decoding=\"async\"\/><\/p>\n<p>Koncert rozpocz\u0105\u0142 si\u0119 od duetu artystki z Zalewskim, podczas kt\u00f3rego wykonali kultowe &#8222;Remedium&#8221;, a wyst\u0119p sta\u0142 si\u0119 jednym z najwa\u017cniejszych punkt\u00f3w wieczoru. Rodowicz wyst\u0105pi\u0142a w stylizacji inspirowanej Cyndi Lauper \u2014 gorset, r\u00f3\u017cowy tren i dziesi\u0105tki ozd\u00f3b-brelok\u00f3w, kt\u00f3re podkre\u015bli\u0142y jej status ikony.<\/p>\n<p>&#8222;Obok Wawelu i Giewontu to nasz symbol narodowy&#8221; \u2014 skomentowa\u0142 ze sceny Damian Micha\u0142owski, wywo\u0142uj\u0105c burz\u0119 oklask\u00f3w.<\/p>\n<p>Po wyst\u0119pie artystki w sieci zaroi\u0142o si\u0119 od komentarzy. Widzowie nie maj\u0105 \u017cadnych w\u0105tpliwo\u015bci. &#8222;Kr\u00f3lowa jest jedna&#8221;, &#8222;Wspania\u0142e widowisko&#8221;, &#8222;Pi\u0119kny koncert&#8221;, &#8222;Super si\u0119 to ogl\u0105da\u0142o&#8221;, &#8222;G\u0142os Pani Maryli nic si\u0119 nie zmieni\u0142. Wspania\u0142a artystka. Z przyjemno\u015bci\u0105 si\u0119 s\u0142ucha\u0142o&#8221;, &#8222;Cudowny wyst\u0119p. Kultur\u0119 narodu poznaje si\u0119 po szacunku do os\u00f3b starszych. Brawo Krzysiu, Natalia, Igor, Leosia, B\u0142a\u017cej i Misia&#8221; \u2014 czytamy w komentarzach.<\/p>\n<p>1\/8Maryla Rodowicz<img class=\"ods-a-photo ods-a-photo--background\" src=\"https:\/\/www.europesays.com\/pl\/wp-content\/uploads\/2026\/08\/VWRk9lGaHR0cHM6Ly9vY2RuLmV1L3B1bHNjbXMvTURBXy80MWE1OTQxOC00NzkzLTQ5YWQtYWRlZC0wYzI3MjkwZGFiYjQuanBlZ.jpeg\" height=\"628\" width=\"940\" alt=\"Maryla Rodowicz\" loading=\"lazy\" fetchpriority=\"auto\" decoding=\"auto\" url=\"https:\/\/ocdn.eu\/pulscms\/MDA_\/41a59418-4793-49ad-aded-0c27290dabb4.jpeg\" description=\"Maryla Rodowicz\" author=\"PAP\/Andrzej Jackowski\" source=\"\"\/><\/p>\n<p>PAP\/Andrzej Jackowski<\/p>\n<p>Maryla Rodowicz<\/p>\n<p>2\/8Maryla Rodowicz, Krzysztof Zalewski<img class=\"ods-a-photo ods-a-photo--background\" src=\"https:\/\/www.europesays.com\/pl\/wp-content\/uploads\/2026\/08\/fXok9lGaHR0cHM6Ly9vY2RuLmV1L3B1bHNjbXMvTURBXy8xMDYwOWU3MS1iNDAzLTQyODgtYjAwYS1kODcyMTY4NzNkZDcuanBlZ.jpeg\" height=\"627\" width=\"940\" alt=\"Maryla Rodowicz, Krzysztof Zalewski\" loading=\"lazy\" fetchpriority=\"auto\" decoding=\"auto\" url=\"https:\/\/ocdn.eu\/pulscms\/MDA_\/10609e71-b403-4288-b00a-d87216873dd7.jpeg\" description=\"Maryla Rodowicz, Krzysztof Zalewski\" author=\"PAP\/Andrzej Jackowski\" source=\"\"\/><\/p>\n<p>PAP\/Andrzej Jackowski<\/p>\n<p>Maryla Rodowicz, Krzysztof Zalewski<\/p>\n<p>3\/8Maryla Rodowicz, Igor Herbut<img class=\"ods-a-photo ods-a-photo--background\" src=\"https:\/\/www.europesays.com\/pl\/wp-content\/uploads\/2026\/08\/z8mk9lGaHR0cHM6Ly9vY2RuLmV1L3B1bHNjbXMvTURBXy8zOGMxNzVmNC0yYzAxLTQ2ZjQtOTk0ZS00MjQ3YjZiNWQ0MTcuanBlZ.jpeg\" height=\"627\" width=\"940\" alt=\"Maryla Rodowicz, Igor Herbut\" loading=\"lazy\" fetchpriority=\"auto\" decoding=\"auto\" url=\"https:\/\/ocdn.eu\/pulscms\/MDA_\/38c175f4-2c01-46f4-994e-4247b6b5d417.jpeg\" description=\"Maryla Rodowicz, Igor Herbut\" author=\"PAP\/Andrzej Jackowski\" source=\"\"\/><\/p>\n<p>PAP\/Andrzej Jackowski<\/p>\n<p>Maryla Rodowicz, Igor Herbut<\/p>\n<p>4\/8Maryla Rodowicz, Krzysztof Zalewski<img class=\"ods-a-photo ods-a-photo--background\" src=\"https:\/\/www.europesays.com\/pl\/wp-content\/uploads\/2026\/08\/zvdk9lGaHR0cHM6Ly9vY2RuLmV1L3B1bHNjbXMvTURBXy8xOTI0NzA5OC1lOGEyLTRjOTQtYmQyNC03MWQ1N2M4OTczZjIuanBlZ.jpeg\" height=\"627\" width=\"940\" alt=\"Maryla Rodowicz, Krzysztof Zalewski\" loading=\"lazy\" fetchpriority=\"auto\" decoding=\"auto\" url=\"https:\/\/ocdn.eu\/pulscms\/MDA_\/19247098-e8a2-4c94-bd24-71d57c8973f2.jpeg\" description=\"Maryla Rodowicz, Krzysztof Zalewski\" author=\"PAP\/Andrzej Jackowski\" source=\"\"\/><\/p>\n<p>PAP\/Andrzej Jackowski<\/p>\n<p>Maryla Rodowicz, Krzysztof Zalewski<\/p>\n<p>5\/8Natalia Szroeder<img class=\"ods-a-photo ods-a-photo--background\" src=\"https:\/\/www.europesays.com\/pl\/wp-content\/uploads\/2026\/08\/lsSk9lGaHR0cHM6Ly9vY2RuLmV1L3B1bHNjbXMvTURBXy80MDczMmQ4OS03N2JmLTRlMzAtODg3OC1kZjMzZDgzMTQwN2EuanBlZ.jpeg\" height=\"627\" width=\"940\" alt=\"Natalia Szroeder\" loading=\"lazy\" fetchpriority=\"auto\" decoding=\"auto\" url=\"https:\/\/ocdn.eu\/pulscms\/MDA_\/40732d89-77bf-4e30-8878-df33d831407a.jpeg\" description=\"Natalia Szroeder\" author=\"PAP\/Andrzej Jackowski\" source=\"\"\/><\/p>\n<p>PAP\/Andrzej Jackowski<\/p>\n<p>Natalia Szroeder<\/p>\n<p>6\/8Maryla Rodowicz, Natalia Szroeder<img class=\"ods-a-photo ods-a-photo--background\" src=\"https:\/\/www.europesays.com\/pl\/wp-content\/uploads\/2026\/08\/8Yrk9lGaHR0cHM6Ly9vY2RuLmV1L3B1bHNjbXMvTURBXy81NjNjY2JlZC00NGFmLTRlZWEtYmU4OC04ZDczN2UzZTcyZWUuanBlZ.jpeg\" height=\"627\" width=\"940\" alt=\"Maryla Rodowicz, Natalia Szroeder\" loading=\"lazy\" fetchpriority=\"auto\" decoding=\"auto\" url=\"https:\/\/ocdn.eu\/pulscms\/MDA_\/563ccbed-44af-4eea-be88-8d737e3e72ee.jpeg\" description=\"Maryla Rodowicz, Natalia Szroeder\" author=\"PAP\/Andrzej Jackowski\" source=\"\"\/><\/p>\n<p>PAP\/Andrzej Jackowski<\/p>\n<p>Maryla Rodowicz, Natalia Szroeder<\/p>\n<p>7\/8Maryla Rodowicz, Natalia Szroeder<img class=\"ods-a-photo ods-a-photo--background\" src=\"https:\/\/www.europesays.com\/pl\/wp-content\/uploads\/2026\/08\/opNk9lGaHR0cHM6Ly9vY2RuLmV1L3B1bHNjbXMvTURBXy8yNDhlZDliYy00ZTg2LTRjM2UtYjY4Zi1iNWQ0OTRhNWY2YWEuanBlZ.jpeg\" height=\"627\" width=\"940\" alt=\"Maryla Rodowicz, Natalia Szroeder\" loading=\"lazy\" fetchpriority=\"auto\" decoding=\"auto\" url=\"https:\/\/ocdn.eu\/pulscms\/MDA_\/248ed9bc-4e86-4c3e-b68f-b5d494a5f6aa.jpeg\" description=\"Maryla Rodowicz, Natalia Szroeder\" author=\"PAP\/Andrzej Jackowski\" source=\"\"\/><\/p>\n<p>PAP\/Andrzej Jackowski<\/p>\n<p>Maryla Rodowicz, Natalia Szroeder<\/p>\n<p>8\/8Maryla Rodowicz, Krzysztof Zalewski<img class=\"ods-a-photo ods-a-photo--background\" src=\"https:\/\/www.europesays.com\/pl\/wp-content\/uploads\/2026\/08\/DbGk9lGaHR0cHM6Ly9vY2RuLmV1L3B1bHNjbXMvTURBXy9mZGRmMDc4YS1iMGFlLTQ1YjQtODE4Zi1iMDUwY2JjY2U1YmYuanBlZ.jpeg\" height=\"627\" width=\"940\" alt=\"Maryla Rodowicz, Krzysztof Zalewski\" loading=\"lazy\" fetchpriority=\"auto\" decoding=\"auto\" url=\"https:\/\/ocdn.eu\/pulscms\/MDA_\/fddf078a-b0ae-45b4-818f-b050cbcce5bf.jpeg\" description=\"Maryla Rodowicz, Krzysztof Zalewski\" author=\"PAP\/Andrzej Jackowski\" source=\"\"\/><\/p>\n<p>PAP\/Andrzej Jackowski<\/p>\n<p>Maryla Rodowicz, Krzysztof Zalewski<\/p>\n<p>Dzi\u0119kujemy, \u017ce przeczyta\u0142a\u015b\/e\u015b nasz artyku\u0142 do ko\u0144ca. W serwisie Plejada.pl ka\u017cdego dnia piszemy o najwa\u017cniejszych wydarzeniach show-biznesowych. B\u0105d\u017a na bie\u017c\u0105co i obserwuj Plejad\u0119 w <a href=\"http:\/\/news.google.com\/publications\/CAAiEF0PeAlb7W1llpV_mwV2rL4qFAgKIhBdD3gJW-1tZZaVf5sFdqy-?hl=pl&amp;gl=PL&amp;ceid=PL%3Apl\" rel=\"nofollow noopener\" target=\"_blank\">Wiadomo\u015bciach Google<\/a>. Odwied\u017a nas tak\u017ce na <a href=\"http:\/\/facebook.com\/plejadapl\" rel=\"nofollow noopener\" target=\"_blank\">Facebooku<\/a> , <a href=\"http:\/\/instagram.com\/plejadapl\/\" rel=\"nofollow noopener\" target=\"_blank\">Instagramie<\/a>, <a href=\"http:\/\/youtube.com\/c\/plejada\" rel=\"nofollow noopener\" target=\"_blank\">YouTubie<\/a> i <a href=\"http:\/\/tiktok.com\/@plejada_pl\" rel=\"nofollow noopener\" target=\"_blank\">TikToku<\/a>. <\/p>\n<p>Chcesz podzieli\u0107 si\u0119 ciekawym newsem lub zaproponowa\u0107 temat? Skontaktuj si\u0119 z nami, pisz\u0105c maila na adres: plejada@redakcjaonet.pl.<\/p>\n<p><script async src=\"\/\/www.instagram.com\/embed.js\"><\/script><script async src=\"\/\/www.tiktok.com\/embed.js\"><\/script><\/p>\n","protected":false},"excerpt":{"rendered":"Za nami kolejna edycja Top of the Top Sopot Festival \u2014 flagowej imprezy muzycznej TVN, kt\u00f3ra od lat&hellip;\n","protected":false},"author":2,"featured_media":651139,"comment_status":"","ping_status":"","sticky":false,"template":"","format":"standard","meta":{"footnotes":"","_share_on_mastodon":"0"},"categories":[22],"tags":[61195,122,37297,25005,3288,22264,48,25465,125,46,55,42,38,40,39,41,123,47,1063,126324,318],"class_list":["post-651138","post","type-post","status-publish","format-standard","has-post-thumbnail","category-rozrywka","tag-bottomfeed_styl","tag-entertainment","tag-festiwal_w_sopocie","tag-igor_herbut","tag-krzysztof_zalewski","tag-maryla_rodowicz","tag-nat_styl","tag-natalia_szroeder","tag-newsy","tag-omp","tag-phx","tag-pl","tag-poland","tag-polish","tag-polska","tag-polski","tag-rozrywka","tag-screening_general","tag-sopot","tag-top_of_the_top_sopot_festival","tag-tvn"],"share_on_mastodon":{"url":"https:\/\/pubeurope.com\/@pl\/117170850706525259","error":""},"_links":{"self":[{"href":"https:\/\/www.europesays.com\/pl\/wp-json\/wp\/v2\/posts\/651138","targetHints":{"allow":["GET"]}}],"collection":[{"href":"https:\/\/www.europesays.com\/pl\/wp-json\/wp\/v2\/posts"}],"about":[{"href":"https:\/\/www.europesays.com\/pl\/wp-json\/wp\/v2\/types\/post"}],"author":[{"embeddable":true,"href":"https:\/\/www.europesays.com\/pl\/wp-json\/wp\/v2\/users\/2"}],"replies":[{"embeddable":true,"href":"https:\/\/www.europesays.com\/pl\/wp-json\/wp\/v2\/comments?post=651138"}],"version-history":[{"count":0,"href":"https:\/\/www.europesays.com\/pl\/wp-json\/wp\/v2\/posts\/651138\/revisions"}],"wp:featuredmedia":[{"embeddable":true,"href":"https:\/\/www.europesays.com\/pl\/wp-json\/wp\/v2\/media\/651139"}],"wp:attachment":[{"href":"https:\/\/www.europesays.com\/pl\/wp-json\/wp\/v2\/media?parent=651138"}],"wp:term":[{"taxonomy":"category","embeddable":true,"href":"https:\/\/www.europesays.com\/pl\/wp-json\/wp\/v2\/categories?post=651138"},{"taxonomy":"post_tag","embeddable":true,"href":"https:\/\/www.europesays.com\/pl\/wp-json\/wp\/v2\/tags?post=651138"}],"curies":[{"name":"wp","href":"https:\/\/api.w.org\/{rel}","templated":true}]}}