{"id":651224,"date":"2026-08-28T04:00:16","date_gmt":"2026-08-28T04:00:16","guid":{"rendered":"https:\/\/www.europesays.com\/pl\/651224\/"},"modified":"2026-08-28T04:00:16","modified_gmt":"2026-08-28T04:00:16","slug":"rzeszowskie-zakonczenie-sezonu-kto-zgarnie-ostatnie-plazowe-medale-super-nowosci","status":"publish","type":"post","link":"https:\/\/www.europesays.com\/pl\/651224\/","title":{"rendered":"Rzeszowskie zako\u0144czenie sezonu. Kto zgarnie ostatnie pla\u017cowe medale? &#8211; Super Nowo\u015bci"},"content":{"rendered":"<p> 0 <img fetchpriority=\"high\" decoding=\"async\" width=\"1024\" height=\"655\" src=\"https:\/\/www.europesays.com\/pl\/wp-content\/uploads\/2026\/08\/pla-1024x655.jpg\" alt=\"\" class=\" penci-lazy wp-image-116388\"  \/>Fot. Kamil Pastusiak <\/p>\n<p class=\"has-medium-font-size wp-block-paragraph\">Startuje ORLEN Fina\u0142 Mistrzostw Polski w Siatk\u00f3wce Pla\u017cowej. Ostatni, trzeci w Rzeszowie i najwa\u017cniejszy dla polskiej siatk\u00f3wki pla\u017cowej turniej zamknie sezon 2026. O medale powalczy w sumie 48 zawodnik\u00f3w i 32 zawodniczki.<\/p>\n<p class=\"wp-block-paragraph\">SIATK\u00d3WKA PLA\u017bOWA<\/p>\n<p class=\"wp-block-paragraph\">Ten turniej rz\u0105dzi si\u0119 swoimi prawami, ma wyj\u0105tkow\u0105 atmosfer\u0119 i jest celem dla wszystkich polskich par pla\u017cowych w ka\u017cdym sezonie. Trzy dni rywalizacji i jeden cel \u2013 mistrzostwo Polski, na kt\u00f3re ka\u017cdy ma chrapk\u0119. Na udzia\u0142 w nim polskie pary pla\u017cowe pracuj\u0105 ca\u0142y sezon. Tylko grono najlepszych krajowych duet\u00f3w wyst\u0105pi w ORLEN Finale Mistrzostw Polski w Siatk\u00f3wce Pla\u017cowej. O godzinie 9 w pi\u0105tek pierwsze z nich wybiegn\u0105 na cztery boiska Pla\u017cowej Strefy.<\/p>\n<p class=\"wp-block-paragraph\">Do turnieju z numerem 1 rozstawione zosta\u0142y pary: Jakub Krzemi\u0144ski i Aleksander Czachorowski oraz Julia Kielak i Zuzanna Kudlik. Obie w Rzeszowie w tym roku zdobywa\u0142y ju\u017c medale, obie w mi\u0119dzynarodowym Beach Pro Tour Futures. Para siatkarek zdoby\u0142a srebro, a siatkarze wskoczyli na najwy\u017cszy stopie\u0144 podium.<\/p>\n<p class=\"wp-block-paragraph\">Szans\u0119 gry w\u015br\u00f3d najlepszych w ramach dzikiej karty otrzyma\u0142y dwie m\u0142odziutkie pary \u2013 mistrzynie Polski juniorek \u2013 R\u00f3\u017ca Brykalska i Lena Baron oraz mistrzowie Polski junior\u00f3w \u2013 Alan Robak i Igor Gliszczy\u0144ski.<\/p>\n<p class=\"wp-block-paragraph\">O medal w tym sezonie b\u0119dzie naprawd\u0119 trudno. Stawka dru\u017cyn w kraju bardzo si\u0119 wyr\u00f3wna\u0142a, co tylko pozytywnie wp\u0142ynie na emocje sportowe i poziom widowiska.<\/p>\n<p class=\"wp-block-paragraph\">Wst\u0119p dla kibic\u00f3w na to wydarzenie jest bezp\u0142atny. Od soboty ORLEN Fina\u0142 Mistrzostw Polski w Siatk\u00f3wce Pla\u017cowej b\u0119dzie mo\u017cna ogl\u0105da\u0107 na kana\u0142ach Polsatu Sport.<\/p>\n<p class=\"wp-block-paragraph\">ORLEN Fina\u0142 Mistrzostw Polski w Siatk\u00f3wce Pla\u017cowej Rzesz\u00f3w 2026<br \/>Turniej m\u0119\u017cczyzn:<br \/>Harmonogram I rundy<br \/>B1 9.00 Sobstyl Adam \/ Bidzi\u0144ski Mateusz \u2013 Lewandowski Pawe\u0142 \/ Podbor\u0105czy\u0144ski Mateusz<br \/>B2 9.00 Warzocha Kamil \/ Kaczmarek Miko\u0142aj \u2013 Kownacki Igor \/ Wr\u00f3bel Samuel<br \/>B1 9.50 Koryci\u0144ski Bart\u0142omiej \/ Wi\u015bniewski Kacper \u2013 Robak Alan \/ Gliszczy\u0144ski Igor<br \/>B2 9.50 Rudowski Mateusz \/ Baran Maciej \u2013 Szczepanik Karol \/ Komar Kacper<br \/>B1 10.40 S\u0142awi\u0144ski Bartosz \/ Iwa\u0144ski Igor \u2013 Dymczyk Maksymilian \/ Wanat Marcel<br \/>B2 10.40 Warych Tomasz \/ Musia\u0142 Wiktor \u2013 Krasi\u0144ski Jan \/ Wi\u0119ckiewicz Bart\u0142omiej<br \/>B1 11.30 Mozol Maciej \/ Skrajny Jakub \u2013 Jaroszczak Tomasz \/ Florczyk Mateusz<br \/>B2 11.30 Rogi\u0144ski Marek \/ Wo\u0142oszuk Tomasz \u2013 G\u0142owacki Adam \/ Piotrowski Antoni<\/p>\n<p class=\"wp-block-paragraph\">Turniej kobiet:<br \/>Harmonogram I rundy<br \/>B3 9.00 Kielak Julia \/ Kudlik Zuzanna \u2013 Zackiewicz Izabela \/ K\u0142oda Martyna<br \/>B4 9.00 Saad Magdalena \/ Vlk Ma\u0142gorzata \u2013 Brykalska R\u00f3\u017ca \/ Baron LenaB3 9.50 Adamek Agnieszka \/ Gromadowska Aleksandra \u2013 Kaczmarek Aneta \/ Tylutki Justyna<br \/>B4 9.50 Lewandowska Magdalena \/ Turkot Klaudia \u2013 Chy\u0142a Aleksandra \/ Jochym-Florczyk Nicole<br \/>B3 10.40 Kruczek Maja \/ Michalska Zuzanna \u2013 Szyma\u0144ska Paulina \/ Ba\u0142dyga Paulina<br \/>B4 10.40 Jaku\u0107 Karina \/ Czury\u0142o Julia \u2013 Jundzi\u0142\u0142 Patrycja \/ Jaroszczak Julia<br \/>B3 11.30 Kropid\u0142owska Katarzyna \/ \u0141odej Marta \u2013 Antczak Weronika \/ Czupryniak Justyna<br \/>B4 11.30 Kobierecka Barbara \/ Naro\u017cnik Karolina \u2013 Tomala Justyna \/ \u0141unio Urszula<\/p>\n<p class=\"wp-block-paragraph\">INFORMACJA PRASOWA<\/p>\n<p class=\"wp-block-paragraph\">PRZECZYTAJ TE\u017b: <a href=\"https:\/\/supernowosci24.pl\/sport\/siatkowka\/czas-na-wielkie-emocje-w-krakowie\/\" rel=\"nofollow noopener\" target=\"_blank\">Czas na wielkie emocje w Krakowie<\/a><\/p>\n<p> Mo\u017ce Ci\u0119 zainteresowa\u0107<\/p>\n","protected":false},"excerpt":{"rendered":"0 Fot. Kamil Pastusiak Startuje ORLEN Fina\u0142 Mistrzostw Polski w Siatk\u00f3wce Pla\u017cowej. Ostatni, trzeci w Rzeszowie i najwa\u017cniejszy&hellip;\n","protected":false},"author":2,"featured_media":651225,"comment_status":"","ping_status":"","sticky":false,"template":"","format":"standard","meta":{"footnotes":"","_share_on_mastodon":"0"},"categories":[52097],"tags":[774,127337,42,38,40,39,41,15549,73991,51615],"class_list":["post-651224","post","type-post","status-publish","format-standard","has-post-thumbnail","category-orlen","tag-orlen","tag-orlen-final-mistrzostw-polski-w-siatkowce-plazowej","tag-pl","tag-poland","tag-polish","tag-polska","tag-polski","tag-pzps","tag-siatkowka-plazowa","tag-volleyball"],"share_on_mastodon":{"url":"https:\/\/pubeurope.com\/@pl\/117171142192692196","error":""},"_links":{"self":[{"href":"https:\/\/www.europesays.com\/pl\/wp-json\/wp\/v2\/posts\/651224","targetHints":{"allow":["GET"]}}],"collection":[{"href":"https:\/\/www.europesays.com\/pl\/wp-json\/wp\/v2\/posts"}],"about":[{"href":"https:\/\/www.europesays.com\/pl\/wp-json\/wp\/v2\/types\/post"}],"author":[{"embeddable":true,"href":"https:\/\/www.europesays.com\/pl\/wp-json\/wp\/v2\/users\/2"}],"replies":[{"embeddable":true,"href":"https:\/\/www.europesays.com\/pl\/wp-json\/wp\/v2\/comments?post=651224"}],"version-history":[{"count":0,"href":"https:\/\/www.europesays.com\/pl\/wp-json\/wp\/v2\/posts\/651224\/revisions"}],"wp:featuredmedia":[{"embeddable":true,"href":"https:\/\/www.europesays.com\/pl\/wp-json\/wp\/v2\/media\/651225"}],"wp:attachment":[{"href":"https:\/\/www.europesays.com\/pl\/wp-json\/wp\/v2\/media?parent=651224"}],"wp:term":[{"taxonomy":"category","embeddable":true,"href":"https:\/\/www.europesays.com\/pl\/wp-json\/wp\/v2\/categories?post=651224"},{"taxonomy":"post_tag","embeddable":true,"href":"https:\/\/www.europesays.com\/pl\/wp-json\/wp\/v2\/tags?post=651224"}],"curies":[{"name":"wp","href":"https:\/\/api.w.org\/{rel}","templated":true}]}}