{"id":651246,"date":"2026-08-28T04:13:38","date_gmt":"2026-08-28T04:13:38","guid":{"rendered":"https:\/\/www.europesays.com\/pl\/651246\/"},"modified":"2026-08-28T04:13:38","modified_gmt":"2026-08-28T04:13:38","slug":"polska-na-progu-duzego-zwrotu-w-pogodzie-zacznie-sie-juz-dzis-wieczorem-mapy","status":"publish","type":"post","link":"https:\/\/www.europesays.com\/pl\/651246\/","title":{"rendered":"Polska na progu du\u017cego zwrotu w pogodzie. Zacznie si\u0119 ju\u017c dzi\u015b wieczorem [MAPY]"},"content":{"rendered":"<p>Od rana w ca\u0142ej <a href=\"https:\/\/wiadomosci.onet.pl\/polska\" id=\"1ce9a402-0176-4442-ab7b-91f722d77da6\" rel=\"nofollow noopener\" target=\"_blank\">Polsce<\/a> jest sucho i pogodnie, na wschodzie czasami bezchmurnie. Na wschodzie zrobi\u0142o si\u0119 jednak zimno, a temperatura spad\u0142a zaledwie do ok. 10 st. C. Wy\u017csze warto\u015bci mamy na zachodzie, gdzie s\u0142upki rt\u0119ci oscyluj\u0105 w pobli\u017cu 15 st. C.Policzyli\u015bmy, kt\u00f3re miasta najgorzej znosz\u0105 upa\u0142y. Sprawd\u017a nasz ranking.<img class=\"ods-a-photo ods-a-photo--background\" src=\"https:\/\/www.europesays.com\/pl\/wp-content\/uploads\/2026\/08\/1787890416_423_PMkk9lBaHR0cHM6Ly9vY2RuLmV1L3B1bHNjbXMvTURBXy9iYTBhZWM2NzBiOTI0NDA0N2U0NDJjMTg2MmUzMDQwYS5wbmeRlQLNA.jpeg\" height=\"199\" width=\"450\" alt=\"Indeks podatno\u015bci na upa\u0142y\" loading=\"lazy\" fetchpriority=\"low\" decoding=\"async\"\/>Polska na progu zwrotu w pogodzie. Zacznie si\u0119 ju\u017c dzi\u015b wieczorem. Uwaga na burze i ulewyKolejne godziny na przewa\u017caj\u0105cym obszarze kraju przynios\u0105 wakacyjn\u0105, s\u0142oneczn\u0105 i such\u0105 <a href=\"https:\/\/wiadomosci.onet.pl\/pogoda\" id=\"e984d6c6-53dd-4ee1-8136-93127e46e840\" rel=\"nofollow noopener\" target=\"_blank\">pogod\u0119<\/a>. Zmiany po po\u0142udniu zaczn\u0105 by\u0107 zauwa\u017calne na zachodzie, gdzie z godziny na godzin\u0119 ma przybywa\u0107 chmur. Pod wiecz\u00f3r przy granicy z Niemcami niewykluczone s\u0105 przelotne opady deszczu. Prawdopodobnie pojawi\u0105 si\u0119 te\u017c <a href=\"https:\/\/wiadomosci.onet.pl\/burze\" id=\"7e034b56-58ff-4f55-a82e-d2e2d8645cc1\" rel=\"nofollow noopener\" target=\"_blank\">burze<\/a>, a w czasie ich trwania uwa\u017cajmy na ulewy, porywisty wiatr do 80 km na godz. oraz grad.<img class=\"ods-a-photo ods-a-photo--background\" src=\"https:\/\/www.europesays.com\/pl\/wp-content\/uploads\/2026\/08\/ngvk9lBaHR0cHM6Ly9vY2RuLmV1L3B1bHNjbXMvTURBXy9kYjQ5NWViZTY1MTQ1MjAzYzlhN2I3N2NlMzc5MDVhNy5wbmeRkwXNB.jpeg\" height=\"1155\" width=\"940\" alt=\"W pi\u0105tek zrobi si\u0119 upalnie, ale wieczorem na zachodzie zacznie pada\u0107 i grzmie\u0107\" loading=\"lazy\" fetchpriority=\"auto\" decoding=\"auto\" url=\"https:\/\/ocdn.eu\/pulscms\/MDA_\/db495ebe65145203c9a7b77ce37905a7.png\" description=\"W pi\u0105tek zrobi si\u0119 upalnie, ale wieczorem na zachodzie zacznie pada\u0107 i grzmie\u0107\" author=\"Arkadiusz P\u0142achta \/ Onet\" source=\"\" link=\"\"\/><\/p>\n<p>Arkadiusz P\u0142achta \/ Onet<\/p>\n<p>W pi\u0105tek zrobi si\u0119 upalnie, ale wieczorem na zachodzie zacznie pada\u0107 i grzmie\u0107<\/p>\n<p>Temperatura maksymalna wyniesie dzi\u015b od 22 st. C na Suwalszczy\u017anie, 25-26 st. C w centrum do 29-31 st. C na Opolszczy\u017anie, Dolnym \u015al\u0105sku i po\u0142udniu woj. lubuskiego.<\/p>\n<p>Dalszy ci\u0105g artyku\u0142u pod materia\u0142em wideo<\/p>\n<p>Wiatr umiarkowany, czasami silniejszy, w porywach do 55 km na godz., na og\u00f3\u0142 po\u0142udniowo-wschodni. Biomet pocz\u0105tkowo b\u0119dzie korzystny, ale z biegiem dnia od zachodu zacznie si\u0119 pogarsza\u0107. Po rze\u015bkim poranku, po po\u0142udniu powinno przewa\u017ca\u0107 odczucie ciep\u0142a, a na zachodzie i po\u0142udniu r\u00f3wnie\u017c gor\u0105ca.<\/p>\n<p>W nocy w Polsce b\u0119dzie przybywa\u0107 burz i deszczu. Spokojna pogoda ju\u017c tylko na wschodzie<\/p>\n<p>W nocy na wschodzie i p\u00f3\u0142nocnym wschodzie b\u0119dzie pogodnie. W innych regionach, w strefie frontu, zapowiadamy spore zachmurzenie i przelotne opady deszczu. Pojawi\u0105 si\u0119 r\u00f3wnie\u017c burze, kt\u00f3rym towarzyszy\u0107 mog\u0105 ulewy do 30 mm, wichury do 80 km na godz., a nawet grad. Najgwa\u0142towniejsze zjawiska powinny przej\u015b\u0107 w pasie od po\u0142udniowego zachodu po \u017bu\u0142awy i wschodnie Pomorze.<\/p>\n<p><img class=\"ods-a-photo ods-a-photo--background\" src=\"https:\/\/www.europesays.com\/pl\/wp-content\/uploads\/2026\/08\/46Ek9lBaHR0cHM6Ly9vY2RuLmV1L3B1bHNjbXMvTURBXy9lMDcwZDFhYWRjZDc4YzQzOTkxOTEwMjkxNmIxNGUxNS5wbmeRkwXNB.jpeg\" height=\"1155\" width=\"940\" alt=\"W nocy burz i deszczu b\u0119dzie przybywa\u0107\" loading=\"lazy\" fetchpriority=\"auto\" decoding=\"auto\" url=\"https:\/\/ocdn.eu\/pulscms\/MDA_\/e070d1aadcd78c439919102916b14e15.png\" description=\"W nocy burz i deszczu b\u0119dzie przybywa\u0107\" author=\"Arkadiusz P\u0142achta \/ Onet\" source=\"\" link=\"\"\/><\/p>\n<p>Arkadiusz P\u0142achta \/ Onet<\/p>\n<p>W nocy burz i deszczu b\u0119dzie przybywa\u0107<\/p>\n<p>O wschodzie s\u0142o\u0144ca na termometrach zobaczymy od 13 st. C na p\u00f3\u0142nocnym wschodzie i Podhalu, 16 st. C w centrum do 18 st. C w Wielkopolsce. Wiatr z kierunk\u00f3w zachodnich oraz po\u0142udniowych, umiarkowany, porywisty, u podn\u00f3\u017ca Karpat w porywach do 60-70 km na godz.<\/p>\n","protected":false},"excerpt":{"rendered":"Od rana w ca\u0142ej Polsce jest sucho i pogodnie, na wschodzie czasami bezchmurnie. Na wschodzie zrobi\u0142o si\u0119 jednak&hellip;\n","protected":false},"author":2,"featured_media":651247,"comment_status":"","ping_status":"","sticky":false,"template":"","format":"standard","meta":{"footnotes":"","_share_on_mastodon":"0"},"categories":[12],"tags":[61195,14276,169,48,46,42,78,38,40,39,41,47,1714],"class_list":["post-651246","post","type-post","status-publish","format-standard","has-post-thumbnail","category-polska","tag-bottomfeed_styl","tag-burze","tag-deszcz","tag-nat_styl","tag-omp","tag-pl","tag-pogoda","tag-poland","tag-polish","tag-polska","tag-polski","tag-screening_general","tag-upal"],"share_on_mastodon":{"url":"https:\/\/pubeurope.com\/@pl\/117171192651796833","error":""},"_links":{"self":[{"href":"https:\/\/www.europesays.com\/pl\/wp-json\/wp\/v2\/posts\/651246","targetHints":{"allow":["GET"]}}],"collection":[{"href":"https:\/\/www.europesays.com\/pl\/wp-json\/wp\/v2\/posts"}],"about":[{"href":"https:\/\/www.europesays.com\/pl\/wp-json\/wp\/v2\/types\/post"}],"author":[{"embeddable":true,"href":"https:\/\/www.europesays.com\/pl\/wp-json\/wp\/v2\/users\/2"}],"replies":[{"embeddable":true,"href":"https:\/\/www.europesays.com\/pl\/wp-json\/wp\/v2\/comments?post=651246"}],"version-history":[{"count":0,"href":"https:\/\/www.europesays.com\/pl\/wp-json\/wp\/v2\/posts\/651246\/revisions"}],"wp:featuredmedia":[{"embeddable":true,"href":"https:\/\/www.europesays.com\/pl\/wp-json\/wp\/v2\/media\/651247"}],"wp:attachment":[{"href":"https:\/\/www.europesays.com\/pl\/wp-json\/wp\/v2\/media?parent=651246"}],"wp:term":[{"taxonomy":"category","embeddable":true,"href":"https:\/\/www.europesays.com\/pl\/wp-json\/wp\/v2\/categories?post=651246"},{"taxonomy":"post_tag","embeddable":true,"href":"https:\/\/www.europesays.com\/pl\/wp-json\/wp\/v2\/tags?post=651246"}],"curies":[{"name":"wp","href":"https:\/\/api.w.org\/{rel}","templated":true}]}}