{"id":651300,"date":"2026-08-28T04:44:17","date_gmt":"2026-08-28T04:44:17","guid":{"rendered":"https:\/\/www.europesays.com\/pl\/651300\/"},"modified":"2026-08-28T04:44:17","modified_gmt":"2026-08-28T04:44:17","slug":"izabela-kuna-nie-pije-od-8-lat-jedna-z-najlepszych-decyzji","status":"publish","type":"post","link":"https:\/\/www.europesays.com\/pl\/651300\/","title":{"rendered":"Izabela Kuna nie pije od 8 lat. &#8222;Jedna z najlepszych decyzji&#8221;"},"content":{"rendered":"<p>&#8222;Osiem lat temu przesta\u0142am pi\u0107 alkohol. Ograniczy\u0142am papierosy, ale tak naprawd\u0119 to dopiero niedawno. My\u015bl\u0119, \u017ce to, \u017ce przesta\u0142am pi\u0107 alkohol, to te\u017c wp\u0142yn\u0119\u0142o bardzo na moje \u017cycie. Uwa\u017cam, \u017ce jest to jedna z najlepszych decyzji, ale oczywi\u015bcie mam swoje opowie\u015bci na temat tego, jak by\u0142o wcze\u015bniej. Ka\u017cdy ma swoj\u0105 drog\u0119. Moja droga wygl\u0105da tak&#8221; \u2014 podkre\u015bli\u0142a Kuna.<\/p>\n<p>Dalszy ci\u0105g artyku\u0142u pod materia\u0142em wideo<\/p>\n<p>Aktorka ju\u017c wcze\u015bniej zwraca\u0142a uwag\u0119 na problem spo\u0142ecznego przyzwolenia na picie. W wywiadzie dla magazynu &#8222;Pani&#8221; przyzna\u0142a, \u017ce przez lata obserwowa\u0142a, jak w polskich domach alkohol funkcjonuje jako nieod\u0142\u0105czny element spotka\u0144 towarzyskich, a osoby pij\u0105ce by\u0142y cz\u0119sto usprawiedliwiane.<\/p>\n<p>Prawdziwa cena alkoholu&#8221;Dobry cz\u0142owiek z niego&#8221;<\/p>\n<p>&#8222;Ca\u0142e m\u0142ode \u017cycie s\u0142ysza\u0142am: \u00bbPijak, ale dobry cz\u0142owiek\u00ab. Moi rodzice nie pili alkoholu, ale alkohol w domu by\u0142 zawsze na wypadek go\u015bci. O tym, \u017ce kto\u015b pije, m\u00f3wi\u0142o si\u0119 po cichu. I zawsze si\u0119 tego kogo\u015b usprawiedliwia\u0142o&#8221; \u2014 pad\u0142o z ust aktorki.<\/p>\n<blockquote class=\"ods-o-quote\">\n<p class=\"ods-o-quote__paragraph\">\u00bbJak nie pije, to do rany przy\u0142\u00f3\u017c, odda ci ostatni grosz, serce ma na d\u0142oni\u00ab. Jak si\u0119 napije, to bije, wszczyna k\u0142\u00f3tnie, traci pieni\u0105dze i rozum, ale w sumie \u00bbdobry cz\u0142owiek z niego\u00ab. I nie zapominajmy, \u017ce dotyczy\u0142o to tylko m\u0119\u017cczyzn. W ten spos\u00f3b usprawiedliwia\u0142o si\u0119 nie tylko ich skoki w bok, ale te\u017c domowe awantury, przemoc<\/p>\n<\/blockquote>\n<p>\u2014 podsumowa\u0142a.<\/p>\n","protected":false},"excerpt":{"rendered":"&#8222;Osiem lat temu przesta\u0142am pi\u0107 alkohol. Ograniczy\u0142am papierosy, ale tak naprawd\u0119 to dopiero niedawno. My\u015bl\u0119, \u017ce to, \u017ce&hellip;\n","protected":false},"author":2,"featured_media":651301,"comment_status":"","ping_status":"","sticky":false,"template":"","format":"standard","meta":{"footnotes":"","_share_on_mastodon":"0"},"categories":[22],"tags":[906,61195,1942,122,816,48,46,42,38,40,39,41,123,47],"class_list":["post-651300","post","type-post","status-publish","format-standard","has-post-thumbnail","category-rozrywka","tag-alkohol","tag-bottomfeed_styl","tag-celebryci","tag-entertainment","tag-film","tag-nat_styl","tag-omp","tag-pl","tag-poland","tag-polish","tag-polska","tag-polski","tag-rozrywka","tag-screening_general"],"share_on_mastodon":{"url":"https:\/\/pubeurope.com\/@pl\/117171314143607663","error":""},"_links":{"self":[{"href":"https:\/\/www.europesays.com\/pl\/wp-json\/wp\/v2\/posts\/651300","targetHints":{"allow":["GET"]}}],"collection":[{"href":"https:\/\/www.europesays.com\/pl\/wp-json\/wp\/v2\/posts"}],"about":[{"href":"https:\/\/www.europesays.com\/pl\/wp-json\/wp\/v2\/types\/post"}],"author":[{"embeddable":true,"href":"https:\/\/www.europesays.com\/pl\/wp-json\/wp\/v2\/users\/2"}],"replies":[{"embeddable":true,"href":"https:\/\/www.europesays.com\/pl\/wp-json\/wp\/v2\/comments?post=651300"}],"version-history":[{"count":0,"href":"https:\/\/www.europesays.com\/pl\/wp-json\/wp\/v2\/posts\/651300\/revisions"}],"wp:featuredmedia":[{"embeddable":true,"href":"https:\/\/www.europesays.com\/pl\/wp-json\/wp\/v2\/media\/651301"}],"wp:attachment":[{"href":"https:\/\/www.europesays.com\/pl\/wp-json\/wp\/v2\/media?parent=651300"}],"wp:term":[{"taxonomy":"category","embeddable":true,"href":"https:\/\/www.europesays.com\/pl\/wp-json\/wp\/v2\/categories?post=651300"},{"taxonomy":"post_tag","embeddable":true,"href":"https:\/\/www.europesays.com\/pl\/wp-json\/wp\/v2\/tags?post=651300"}],"curies":[{"name":"wp","href":"https:\/\/api.w.org\/{rel}","templated":true}]}}