{"id":651306,"date":"2026-08-28T04:47:14","date_gmt":"2026-08-28T04:47:14","guid":{"rendered":"https:\/\/www.europesays.com\/pl\/651306\/"},"modified":"2026-08-28T04:47:14","modified_gmt":"2026-08-28T04:47:14","slug":"donald-trump-o-mozliwym-ataku-rosji-na-kraje-nato-padly-cztery-slowa","status":"publish","type":"post","link":"https:\/\/www.europesays.com\/pl\/651306\/","title":{"rendered":"Donald Trump o mo\u017cliwym ataku Rosji na kraje NATO. Pad\u0142y cztery s\u0142owa"},"content":{"rendered":"<p>Prezydent USA Donald Trump powiedzia\u0142 w nocy z czwartku na pi\u0105tek czasu polskiego, \u017ce prezydent Rosji W\u0142adimir Putin nie zaatakuje \u017cadnego pa\u0144stwa cz\u0142onkowskiego NATO \u2014 poda\u0142 Reuters.<\/p>\n<p>Dalszy ci\u0105g artyku\u0142u pod materia\u0142em wideo<\/p>\n<p>\u2014 Nie zaatakuje terytorium NATO \u2014 powiedzia\u0142 Trump reporterom w Gabinecie Owalnym Bia\u0142ego Domu, odpowiadaj\u0105c na doniesienia medialne, \u017ce dyrektor Centralnej Agencji Wywiadowczej (CIA) John Ratcliffe by\u0142 w Moskwie, aby odwie\u015b\u0107 Rosjan od eskalacji konfliktu z Ukrainy na kraje ba\u0142tyckie.<\/p>\n<p>Wizyta Ratcliffe&#8217;a w MoskwieGospodarz Bia\u0142ego Domu powiedzia\u0142 wcze\u015bniej agencji Axios w wywiadzie telefonicznym, \u017ce taki atak nie nast\u0105pi i \u017ce <a href=\"https:\/\/wiadomosci.onet.pl\/swiat\/szef-cia-polecial-do-moskwy-w-specjalnej-kapsule-czym-jest-rocc\/9wf5s7v\" id=\"22bc2756-de31-4e98-ac7a-0a2040ea4bb5\" rel=\"nofollow noopener\" target=\"_blank\">Ratcliffe nie zosta\u0142 wys\u0142any do Moskwy, aby przekaza\u0107 jak\u0105\u015b konkretn\u0105 wiadomo\u015b\u0107.<\/a><\/p>\n<p class=\"ods-o-frame-in-text__paragraph\">UKRAINA OSTRZEGA PRZED ROSYJSKIMI PLANAMI<\/p>\n<p><img class=\"ods-a-photo ods-a-photo--background\" src=\"https:\/\/www.europesays.com\/pl\/wp-content\/uploads\/2026\/08\/1787892434_672_HPtk9lBaHR0cHM6Ly9vY2RuLmV1L3B1bHNjbXMvTURBXy8wYzFiNjhiMTRkZWU0ODc3YjhlNWM0NmRhMGRjZTlmMS5qcGeRlQLNA.jpeg\" height=\"308\" width=\"450\" alt=\"W\u0142adimir Putin\" loading=\"lazy\" fetchpriority=\"low\" decoding=\"async\"\/><\/p>\n<p>\u2014 Ratcliffe spotyka si\u0119 ze swoim rosyjskim odpowiednikiem raz na p\u00f3\u0142 roku lub raz w roku. Maj\u0105 bardzo dobre relacje. Nie by\u0142o \u017cadnych wie\u015bci i nie wydarzy\u0142o si\u0119 nic niezwyk\u0142ego \u2014 powiedzia\u0142 Trump.<\/p>\n<p>Szef CIA podobno odwiedzi\u0142 stolic\u0119 Rosji po raz pierwszy za rz\u0105d\u00f3w Trumpa. Pod koniec 2021 r., gdy prezydentem by\u0142 Joe Biden, \u00f3wczesny dyrektor CIA William Burns uda\u0142 si\u0119 do Moskwy, aby ostrzec Rosj\u0119 przed atakiem na s\u0105siedni\u0105 Ukrain\u0119. Niemniej jednak, oko\u0142o trzy miesi\u0105ce p\u00f3\u017aniej, na rozkaz Putina, wojsko rosyjskie dokona\u0142o inwazji na Ukrain\u0119.<\/p>\n","protected":false},"excerpt":{"rendered":"Prezydent USA Donald Trump powiedzia\u0142 w nocy z czwartku na pi\u0105tek czasu polskiego, \u017ce prezydent Rosji W\u0142adimir Putin&hellip;\n","protected":false},"author":2,"featured_media":651307,"comment_status":"","ping_status":"","sticky":false,"template":"","format":"standard","meta":{"footnotes":"","_share_on_mastodon":"0"},"categories":[14],"tags":[61195,32,33,44,27,76,34,35,28,31,48,160,25,46,40,41,47,80,29,30,26,408,82,83,84],"class_list":["post-651306","post","type-post","status-publish","format-standard","has-post-thumbnail","category-swiat","tag-bottomfeed_styl","tag-breaking-news","tag-breakingnews","tag-donald_trump","tag-headlines","tag-inwazja_rosji_na_ukraine","tag-latest-news","tag-latestnews","tag-naglowki","tag-najwazniejsze-artykuly","tag-nat_styl","tag-nato","tag-news","tag-omp","tag-polish","tag-polski","tag-screening_general","tag-swiat","tag-top-stories","tag-topstories","tag-wiadomosci","tag-wladimir_putin","tag-world","tag-world-news","tag-worldnews"],"share_on_mastodon":{"url":"https:\/\/pubeurope.com\/@pl\/117171326755692888","error":""},"_links":{"self":[{"href":"https:\/\/www.europesays.com\/pl\/wp-json\/wp\/v2\/posts\/651306","targetHints":{"allow":["GET"]}}],"collection":[{"href":"https:\/\/www.europesays.com\/pl\/wp-json\/wp\/v2\/posts"}],"about":[{"href":"https:\/\/www.europesays.com\/pl\/wp-json\/wp\/v2\/types\/post"}],"author":[{"embeddable":true,"href":"https:\/\/www.europesays.com\/pl\/wp-json\/wp\/v2\/users\/2"}],"replies":[{"embeddable":true,"href":"https:\/\/www.europesays.com\/pl\/wp-json\/wp\/v2\/comments?post=651306"}],"version-history":[{"count":0,"href":"https:\/\/www.europesays.com\/pl\/wp-json\/wp\/v2\/posts\/651306\/revisions"}],"wp:featuredmedia":[{"embeddable":true,"href":"https:\/\/www.europesays.com\/pl\/wp-json\/wp\/v2\/media\/651307"}],"wp:attachment":[{"href":"https:\/\/www.europesays.com\/pl\/wp-json\/wp\/v2\/media?parent=651306"}],"wp:term":[{"taxonomy":"category","embeddable":true,"href":"https:\/\/www.europesays.com\/pl\/wp-json\/wp\/v2\/categories?post=651306"},{"taxonomy":"post_tag","embeddable":true,"href":"https:\/\/www.europesays.com\/pl\/wp-json\/wp\/v2\/tags?post=651306"}],"curies":[{"name":"wp","href":"https:\/\/api.w.org\/{rel}","templated":true}]}}