{"id":651316,"date":"2026-08-28T04:52:22","date_gmt":"2026-08-28T04:52:22","guid":{"rendered":"https:\/\/www.europesays.com\/pl\/651316\/"},"modified":"2026-08-28T04:52:22","modified_gmt":"2026-08-28T04:52:22","slug":"rzad-zalozyl-ze-bedzie-5-mld-zl-dino-biedronka-i-lidl-dokladaja-do-budzetu","status":"publish","type":"post","link":"https:\/\/www.europesays.com\/pl\/651316\/","title":{"rendered":"Rz\u0105d za\u0142o\u017cy\u0142, \u017ce b\u0119dzie 5 mld z\u0142. Dino, Biedronka i Lidl dok\u0142adaj\u0105 do bud\u017cetu"},"content":{"rendered":"<p>\t\t\t\t\t\t\t\t\t\t\t\t\t\t\t\t\t\t\t\t\t&#13;<br \/>\nW ustawie bud\u017cetowej na 2026 r. rz\u0105d zaplanowa\u0142 4,96 mld z\u0142 wp\u0142yw\u00f3w z podatku od sprzeda\u017cy detalicznej, czyli najwy\u017csz\u0105 kwot\u0119 od jego wprowadzenia.&#13;<br \/>\nPo pierwszym kwartale do bud\u017cetu wp\u0142yn\u0119\u0142o ju\u017c 1,21 mld z\u0142, co odpowiada 24,4 proc. ca\u0142orocznego planu.&#13;<br \/>\nDochody z podatku handlowego rosn\u0105 z roku na rok \u2013 z 2,63 mld z\u0142 w 2021 r. do 4,64 mld z\u0142 w 2025 r., a w tym roku mog\u0105 po raz pierwszy zbli\u017cy\u0107 si\u0119 do 5 mld z\u0142.&#13;<\/p>\n<p>Wp\u0142ywy z podatku handlowego. Po trzech miesi\u0105cach ponad 1,2 mld z\u0142<\/p>\n<p>Podatek od sprzeda\u017cy detalicznej, potocznie nazywany podatkiem handlowym, pozostaje jednym z najwa\u017cniejszych podatk\u00f3w sektorowych zasilaj\u0105cych bud\u017cet pa\u0144stwa.<\/p>\n<p>Z ustawy bud\u017cetowej wynika, \u017ce w 2026 r. rz\u0105d planuje uzyska\u0107 z tego tytu\u0142u 4,96 mld z\u0142 (dok\u0142adnie 4 957 715 tys. z\u0142).<\/p>\n<p>Z najnowszego sprawozdania operatywnego z wykonania bud\u017cetu pa\u0144stwa wynika, \u017ce w okresie stycze\u0144-marzec 2026 r. wp\u0142ywy wynios\u0142y 1 208 565 tys. z\u0142, czyli oko\u0142o 1,21 mld z\u0142. Oznacza to wykonanie 24,4 proc. ca\u0142orocznego planu ju\u017c po pierwszym kwartale.<\/p>\n<p>Na koniec stycznia wp\u0142ywy wynosi\u0142y 471,6 mln z\u0142, natomiast po dw\u00f3ch miesi\u0105cach roku osi\u0105gn\u0119\u0142y 839,2 mln z\u0142.<\/p>\n<p>\t\t<img decoding=\"async\" loading=\"lazy\" alt=\"Podatek od sprzedaz\u0307y detalicznej - wp\u0142ywy \u017ar\u00f3d\u0142a: gov.pl\" src=\"https:\/\/www.europesays.com\/pl\/wp-content\/uploads\/2026\/08\/104299_940.jpg\" width=\"940\" height=\"626\"\/><\/p>\n<p>Podatek od sprzedaz\u0307y detalicznej &#8211; wp\u0142ywy \u017ar\u00f3d\u0142a: gov.pl<\/p>\n<p>        <a href=\"https:\/\/www.dlahandlu.pl\/nonfood\/ani-dyskont-ani-drogeria-normalne-sklepy-otaczaja-polske,174445.html\" class=\"read-more-box-img-cnt\" rel=\"nofollow noopener\" target=\"_blank\"><br \/>\n        \t            <img decoding=\"async\" loading=\"lazy\" src=\"https:\/\/www.europesays.com\/pl\/wp-content\/uploads\/2026\/08\/104250_r0_300.jpg\" alt=\"Ani dyskont, ani drogeria. \" normalne=\"\" sklepy=\"\" otaczaj=\"\" polsk=\"\" class=\"read-more-box-img\"\/><br \/>\n                    <\/a><\/p>\n<p>Wp\u0142ywy z podatku handlowego rosn\u0105 z roku na rok<\/p>\n<p>Dochody bud\u017cetu z podatku handlowego systematycznie zwi\u0119kszaj\u0105 si\u0119 od kilku lat.<\/p>\n<p>Wynios\u0142y one:<\/p>\n<p>&#13;<br \/>\n2021 r. \u2013 2,63 mld z\u0142,&#13;<br \/>\n2022 r. \u2013 3,30 mld z\u0142,&#13;<br \/>\n2023 r. \u2013 3,95 mld z\u0142,&#13;<br \/>\n2024 r. \u2013 4,36 mld z\u0142,&#13;<br \/>\n2025 r. \u2013 4,64 mld z\u0142.&#13;<\/p>\n<p>Je\u017celi tegoroczne za\u0142o\u017cenia zostan\u0105 zrealizowane, wp\u0142ywy po raz pierwszy zbli\u017c\u0105 si\u0119 do poziomu 5 mld z\u0142.<\/p>\n<p>        <a href=\"https:\/\/www.dlahandlu.pl\/hurt-i-franczyza\/chca-pelnej-kontroli-nad-zabka-w-tle-mozliwe-wycofanie-z-gieldy,174439.html\" class=\"read-more-box-img-cnt\" rel=\"nofollow noopener\" target=\"_blank\"><br \/>\n        \t            <img decoding=\"async\" loading=\"lazy\" src=\"https:\/\/www.europesays.com\/pl\/wp-content\/uploads\/2026\/08\/104247_r0_300.jpg\" alt=\"Chc\u0105 pe\u0142nej kontroli nad \u017babk\u0105. W tle mo\u017cliwe wycofanie z gie\u0142dy\" class=\"read-more-box-img\"\/><br \/>\n                    <\/a><\/p>\n<p>Kto p\u0142aci podatek handlowy?<\/p>\n<p>Podatek od sprzeda\u017cy detalicznej obejmuje najwi\u0119kszych sprzedawc\u00f3w detalicznych prowadz\u0105cych sprzeda\u017c konsumentom. Obowi\u0105zek podatkowy powstaje po przekroczeniu 17 mln z\u0142 miesi\u0119cznego przychodu ze sprzeda\u017cy detalicznej.<\/p>\n<p>Stawki podatku wynosz\u0105:<\/p>\n<p>&#13;<br \/>\n0,8 proc. od podstawy opodatkowania do 170 mln z\u0142,&#13;<br \/>\n1,4 proc. od nadwy\u017cki ponad 170 mln z\u0142.&#13;<\/p>\n<p>Do grona podatnik\u00f3w regularnie przekraczaj\u0105cych ustawowy pr\u00f3g nale\u017c\u0105 m.in. Biedronka, Lidl, Dino, Kaufland, Carrefour, Auchan, Leroy Merlin, Stokrotka czy Rossmann.\u00a0W 2025 r. sie\u0107 Dino zap\u0142aci\u0142a np. 445,4 mln z\u0142 podatku.<\/p>\n<p>Coraz wi\u0119cej podatnik\u00f3w<\/p>\n<p>Ro\u015bnie r\u00f3wnie\u017c liczba przedsi\u0119biorc\u00f3w sk\u0142adaj\u0105cych deklaracje PSD-1. Liczba podatnik\u00f3w wynosi\u0142a:<\/p>\n<p>&#13;<br \/>\n2021 r. \u2013 206,&#13;<br \/>\n2022 r. \u2013 223,&#13;<br \/>\n2023 r. \u2013 230,&#13;<br \/>\n2024 r. \u2013 249,&#13;<br \/>\n2025 r. \u2013 266.&#13;<\/p>\n<p>Wed\u0142ug danych za stycze\u0144 2026 r. deklaracje z\u0142o\u017cy\u0142o 168 podatnik\u00f3w, z czego 164 wykaza\u0142o podatek do zap\u0142aty. Dane obejmuj\u0105 jednak wy\u0142\u0105cznie pierwszy miesi\u0105c roku i nie s\u0105 por\u00f3wnywalne z wynikami za pe\u0142ne lata.<\/p>\n","protected":false},"excerpt":{"rendered":"&#13; W ustawie bud\u017cetowej na 2026 r. rz\u0105d zaplanowa\u0142 4,96 mld z\u0142 wp\u0142yw\u00f3w z podatku od sprzeda\u017cy detalicznej,&hellip;\n","protected":false},"author":2,"featured_media":651317,"comment_status":"","ping_status":"","sticky":false,"template":"","format":"standard","meta":{"footnotes":"","_share_on_mastodon":"0"},"categories":[52249],"tags":[857,41997,42,38,40,39,41],"class_list":["post-651316","post","type-post","status-publish","format-standard","has-post-thumbnail","category-dino-polska","tag-dino","tag-dino-polska","tag-pl","tag-poland","tag-polish","tag-polska","tag-polski"],"share_on_mastodon":{"url":"https:\/\/pubeurope.com\/@pl\/117171346572622384","error":""},"_links":{"self":[{"href":"https:\/\/www.europesays.com\/pl\/wp-json\/wp\/v2\/posts\/651316","targetHints":{"allow":["GET"]}}],"collection":[{"href":"https:\/\/www.europesays.com\/pl\/wp-json\/wp\/v2\/posts"}],"about":[{"href":"https:\/\/www.europesays.com\/pl\/wp-json\/wp\/v2\/types\/post"}],"author":[{"embeddable":true,"href":"https:\/\/www.europesays.com\/pl\/wp-json\/wp\/v2\/users\/2"}],"replies":[{"embeddable":true,"href":"https:\/\/www.europesays.com\/pl\/wp-json\/wp\/v2\/comments?post=651316"}],"version-history":[{"count":0,"href":"https:\/\/www.europesays.com\/pl\/wp-json\/wp\/v2\/posts\/651316\/revisions"}],"wp:featuredmedia":[{"embeddable":true,"href":"https:\/\/www.europesays.com\/pl\/wp-json\/wp\/v2\/media\/651317"}],"wp:attachment":[{"href":"https:\/\/www.europesays.com\/pl\/wp-json\/wp\/v2\/media?parent=651316"}],"wp:term":[{"taxonomy":"category","embeddable":true,"href":"https:\/\/www.europesays.com\/pl\/wp-json\/wp\/v2\/categories?post=651316"},{"taxonomy":"post_tag","embeddable":true,"href":"https:\/\/www.europesays.com\/pl\/wp-json\/wp\/v2\/tags?post=651316"}],"curies":[{"name":"wp","href":"https:\/\/api.w.org\/{rel}","templated":true}]}}