{"id":651428,"date":"2026-08-28T06:09:14","date_gmt":"2026-08-28T06:09:14","guid":{"rendered":"https:\/\/www.europesays.com\/pl\/651428\/"},"modified":"2026-08-28T06:09:14","modified_gmt":"2026-08-28T06:09:14","slug":"mistrzostwa-europy-2026-kobiet-polska","status":"publish","type":"post","link":"https:\/\/www.europesays.com\/pl\/651428\/","title":{"rendered":"Mistrzostwa Europy 2026 kobiet. Polska"},"content":{"rendered":"\n<p class=\"contentpart contentpart--default contentpart--text\" data-position=\"0\">Spotkanie odb\u0119dzie si\u0119 w pi\u0105tek, 28 sierpnia 2026 roku o godzinie 18:00 w ramach fazy grupowej <a href=\"https:\/\/sportowefakty.wp.pl\/siatkowka\/mistrzostwa-europy-2026-kobiet\" rel=\"nofollow noopener\" target=\"_blank\">mistrzostw Europy 2026 kobiet<\/a>. <a href=\"https:\/\/sportowefakty.wp.pl\/siatkowka\/reprezentacja-kobiet\" rel=\"nofollow noopener\" target=\"_blank\">Polki<\/a>\u00a0przyst\u0119puj\u0105 do rywalizacji z bilansem czterech wygranych w czterech meczach, ale\u00a0<a href=\"https:\/\/sportowefakty.wp.pl\/siatkowka\/reprezentacja-turcji-kobiet\" rel=\"nofollow noopener\" target=\"_blank\">reprezentacji Turcji<\/a>\u00a0r\u00f3wnie\u017c pozostaje niepokonana. Stawk\u0105 b\u0119dzie awans do fazy pucharowej z pierwszej pozycji w tabeli.<\/p>\n<p class=\"contentpart contentpart--default contentpart--text\" data-position=\"1\">Transmisja telewizyjna z tego wydarzenia b\u0119dzie dost\u0119pna w kana\u0142ach Polsat, Polsat Sport 1 oraz Polsat Sport Extra 2.<\/p>\n<p>  <img decoding=\"async\" src=\"https:\/\/v.wpimg.pl\/X3dwLnN2d1IFFTpdYUl6R0ZNbgcnEHQREVV2TGEGbUtRT2MdOlZ2RBQUKABgQjQcDRotCStBd1IAAWMeIlM7VgwYIAorQAdEFFk_GCkQJQ\" alt=\"\" width=\"45\" height=\"58\" loading=\"lazy\"\/>  <\/p>\n<p class=\"contentpart contentpart--default contentpart--text\" data-position=\"2\">Mecz Polska &#8211; Turcja w internecie. Gdzie znale\u017a\u0107 stream online z Mistrzostw Europy kobiet?<\/p>\n<p class=\"contentpart contentpart--default contentpart--text\" data-position=\"3\">Stream online z tego spotkania b\u0119dzie dost\u0119pny na platformach Polsat Box Go (po wykupieniu odpowiedniego pakietu) oraz Pilot WP. Tekstow\u0105 relacj\u0119 LIVE przeprowadzi portal <a href=\"https:\/\/sportowefakty.wp.pl\/inne\/sportowefakty\" rel=\"nofollow noopener\" target=\"_blank\">WP SportoweFakty<\/a>.<\/p>\n<p class=\"contentpart contentpart--default contentpart--text\" data-position=\"4\"><a href=\"https:\/\/sportowefakty.wp.pl\/siatkowka\/relacja-na-zywo\/182198\/turcja-polska-live\" rel=\"nofollow noopener\" target=\"blank\">Relacja na \u017cywo z meczu Polska &#8211; Turcja w WP SportoweFakty.<br \/><\/a><br \/>Pocz\u0105tek meczu Polska &#8211; Turcja: godz. 18:00. Transmisja TV: Polsat, Polsat Sport 1, Polsat Sport Extra 2. Stream online: Polsat Box Go, Pilot WP. Relacja LIVE: WP SportoweFakty.<\/p>\n<p class=\"contentpart contentpart--default contentpart--text\" data-position=\"5\">ZOBACZ WIDEO: #dziejesiewsporcie. Co za bramka. Poezja na boisku!<\/p>\n","protected":false},"excerpt":{"rendered":"Spotkanie odb\u0119dzie si\u0119 w pi\u0105tek, 28 sierpnia 2026 roku o godzinie 18:00 w ramach fazy grupowej mistrzostw Europy&hellip;\n","protected":false},"author":2,"featured_media":651429,"comment_status":"","ping_status":"","sticky":false,"template":"","format":"standard","meta":{"footnotes":"","_share_on_mastodon":"0"},"categories":[12],"tags":[124983,42,38,40,39,41,539,4608,131,913,192],"class_list":["post-651428","post","type-post","status-publish","format-standard","has-post-thumbnail","category-polska","tag-mistrzostwa-europy-2026-kobiet","tag-pl","tag-poland","tag-polish","tag-polska","tag-polski","tag-reprezentacje","tag-rozgrywki-miedzynarodowe","tag-siatkowka","tag-siatkowka-w-europie","tag-turcja"],"share_on_mastodon":{"url":"https:\/\/pubeurope.com\/@pl\/117171648386112910","error":""},"_links":{"self":[{"href":"https:\/\/www.europesays.com\/pl\/wp-json\/wp\/v2\/posts\/651428","targetHints":{"allow":["GET"]}}],"collection":[{"href":"https:\/\/www.europesays.com\/pl\/wp-json\/wp\/v2\/posts"}],"about":[{"href":"https:\/\/www.europesays.com\/pl\/wp-json\/wp\/v2\/types\/post"}],"author":[{"embeddable":true,"href":"https:\/\/www.europesays.com\/pl\/wp-json\/wp\/v2\/users\/2"}],"replies":[{"embeddable":true,"href":"https:\/\/www.europesays.com\/pl\/wp-json\/wp\/v2\/comments?post=651428"}],"version-history":[{"count":0,"href":"https:\/\/www.europesays.com\/pl\/wp-json\/wp\/v2\/posts\/651428\/revisions"}],"wp:featuredmedia":[{"embeddable":true,"href":"https:\/\/www.europesays.com\/pl\/wp-json\/wp\/v2\/media\/651429"}],"wp:attachment":[{"href":"https:\/\/www.europesays.com\/pl\/wp-json\/wp\/v2\/media?parent=651428"}],"wp:term":[{"taxonomy":"category","embeddable":true,"href":"https:\/\/www.europesays.com\/pl\/wp-json\/wp\/v2\/categories?post=651428"},{"taxonomy":"post_tag","embeddable":true,"href":"https:\/\/www.europesays.com\/pl\/wp-json\/wp\/v2\/tags?post=651428"}],"curies":[{"name":"wp","href":"https:\/\/api.w.org\/{rel}","templated":true}]}}