{"id":651438,"date":"2026-08-28T06:15:13","date_gmt":"2026-08-28T06:15:13","guid":{"rendered":"https:\/\/www.europesays.com\/pl\/651438\/"},"modified":"2026-08-28T06:15:13","modified_gmt":"2026-08-28T06:15:13","slug":"klaudia-el-dursi-cala-w-emocjach-po-debiucie-w-sopocie-nie-kryla-lez-wideo","status":"publish","type":"post","link":"https:\/\/www.europesays.com\/pl\/651438\/","title":{"rendered":"Klaudia El Dursi ca\u0142a w emocjach po debiucie w Sopocie. Nie kry\u0142a \u0142ez [WIDEO]"},"content":{"rendered":"<p>Czwarty dzie\u0144 tegorocznego <a href=\"https:\/\/plejada.pl\/temat\/top-of-the-top-sopot-festival\/nb7kbq7\" id=\"cfd0b554-f13d-4765-aa51-eead35da3096\" rel=\"nofollow noopener\" target=\"_blank\">Top of the Top Sopot Festival<\/a> up\u0142yn\u0105\u0142 pod znakiem mocnych muzycznych brzmie\u0144 i nieoczekiwanych emocji. Wiecz\u00f3r w Operze Le\u015bnej rozpocz\u0105\u0142 si\u0119 koncertem &#8222;Top of the Rock&#8221;, podczas kt\u00f3rego na scenie pojawi\u0142y si\u0119 najwi\u0119ksze nazwiska polskiej muzyki: Lady Pank, Perfect &amp; \u0141ukasz Drapa\u0142a, Ma\u0142gorzata Ostrowska, Kobranocka, IRA TRIO oraz D\u017cem.Dalszy ci\u0105g artyku\u0142u pod materia\u0142em wideoKlaudia El Dursi rozp\u0142aka\u0142a si\u0119 po zej\u015bciu ze sceny. Zaskoczyli j\u0105 w garderobieW roli gospodarzy wieczoru wyst\u0105pili Mateusz H\u0142adki i debiutuj\u0105ca w tej roli <a href=\"https:\/\/plejada.pl\/temat\/klaudia-el-dursi\/7e295eq\" id=\"74c205f1-1d7a-46d2-ac8c-bacee43fb5f4\" rel=\"nofollow noopener\" target=\"_blank\">Klaudia El Dursi<\/a>. To w\u0142a\u015bnie ich obecno\u015b\u0107 \u2014 obok muzycznych wyst\u0119p\u00f3w \u2014 wywo\u0142a\u0142a w\u015br\u00f3d widz\u00f3w najwi\u0119cej emocji. Celebrytka na dzie\u0144 przed wydarzeniem nie ukrywa\u0142a, \u017ce bardzo si\u0119 stresuje i jeszcze nie umie tekstu.<img class=\"ods-a-photo ods-a-photo--background\" src=\"https:\/\/www.europesays.com\/pl\/wp-content\/uploads\/2026\/08\/1787897712_837_Lm5k9lBaHR0cHM6Ly9vY2RuLmV1L3B1bHNjbXMvTURBXy85ZmMxY2JlMzJhODZlMWI1NTlkOGIwOWJmMTk5MWY2OS5qcGeRlQLNA.jpeg\" height=\"299\" width=\"450\" alt=\"Britney Spears w 2019 r.\" loading=\"lazy\" fetchpriority=\"low\" decoding=\"async\"\/><\/p>\n<p>Teraz w mediach spo\u0142eczno\u015bciowych stacji pojawi\u0142o si\u0119 nagranie, na kt\u00f3rym wida\u0107, \u017ce El Dursi nie kry\u0142a wzruszenia po zej\u015bciu ze sceny. Do jej garderoby zawitali go\u015bcie z bukietami kwiat\u00f3w, co mocno j\u0105 rozczuli\u0142o.<\/p>\n<blockquote class=\"ods-o-quote\">\n<p class=\"ods-o-quote__paragraph\">Fajnie by\u0142o. Bo\u017ce, zaraz si\u0119 pop\u0142acz\u0119<\/p>\n<\/blockquote>\n<p>\u2014 m\u00f3wi na nagraniu.<\/p>\n<p>Klaudia El Dursi zadebiutowa\u0142a w Sopocie. W sieci lawina komentarzyPo debiucie Klaudii El Dursi <a href=\"https:\/\/plejada.pl\/newsy\/klaudia-el-dursi-zadebiutowala-w-sopocie-w-sieci-lawina-komentarzy\/m5mqfgj\" id=\"0d620388-f070-4d6b-99b5-40e45eb7a91a\" rel=\"nofollow noopener\" target=\"_blank\">w sieci niemal natychmiast pojawi\u0142a si\u0119 fala komentarzy<\/a>. Cz\u0119\u015b\u0107 internaut\u00f3w nie kry\u0142a zachwytu: &#8222;Super prowadz\u0105ca, pani Klaudia ubrana przepi\u0119knie z klas\u0105&#8221;, &#8222;Pi\u0119kna para&#8221;, &#8222;Ulubie\u0144cy&#8221;, &#8222;Cudowni prowadz\u0105cy&#8221; \u2014 czytamy w entuzjastycznych wpisach.<\/p>\n<p>Nie zabrak\u0142o jednak g\u0142os\u00f3w krytycznych. Niekt\u00f3rzy widzowie podkre\u015blali, \u017ce duet znany g\u0142\u00f3wnie z program\u00f3w rozrywkowych nie pasuje do klimatu rockowego wieczoru. &#8222;Nie znam pary prowadz\u0105cej&#8221;, &#8222;Ci pa\u0144stwo to dramat niestety&#8221;, &#8222;Ta pani nie pasuje do prowadzenia tego koncertu, powinien by\u0107 kto\u015b z pazurem muzycznym&#8221; \u2014 komentowali u\u017cytkownicy medi\u00f3w spo\u0142eczno\u015bciowych.<\/p>\n<p><img class=\"ods-a-photo ods-a-photo--background\" src=\"https:\/\/www.europesays.com\/pl\/wp-content\/uploads\/2026\/08\/Omwk9lGaHR0cHM6Ly9vY2RuLmV1L3B1bHNjbXMvTURBXy9kZjhmN2JjMS03NWMyLTQ4MzMtODBmMC1hYzlkZmY2NmJiYmEuanBlZ.jpeg\" height=\"627\" width=\"940\" alt=\"Klaudia El Dursi\" loading=\"lazy\" fetchpriority=\"auto\" decoding=\"auto\" url=\"https:\/\/ocdn.eu\/pulscms\/MDA_\/df8f7bc1-75c2-4833-80f0-ac9dff66bbba.jpeg\" description=\"Klaudia El Dursi\" author=\"PAP\/Andrzej Jackowski\" source=\"\" link=\"\"\/><\/p>\n<p>PAP\/Andrzej Jackowski<\/p>\n<p>Klaudia El Dursi<\/p>\n<p>Dzi\u0119kujemy, \u017ce przeczyta\u0142a\u015b\/e\u015b nasz artyku\u0142 do ko\u0144ca. W serwisie Plejada.pl ka\u017cdego dnia piszemy o najwa\u017cniejszych wydarzeniach show-biznesowych. B\u0105d\u017a na bie\u017c\u0105co!<a rel=\"nofollow noopener\" href=\"https:\/\/profile.google.com\/cp\/Cg0vZy8xMWJ6X19wdHBx\" id=\"3d1e88d9-5aa3-42e1-89ae-d19797cf909a\" target=\"_blank\"> Obserwuj<\/a> Plejad\u0119 w Google. Odwied\u017a nas tak\u017ce na<a rel=\"nofollow noopener\" href=\"https:\/\/www.facebook.com\/plejadapl\" id=\"45b59956-08bf-4740-a90c-9282b279fcf1\" target=\"_blank\"> Facebooku<\/a>,<a rel=\"nofollow noopener\" href=\"https:\/\/www.instagram.com\/plejadapl\/\" id=\"5e23fab1-aa78-4c13-b933-aa6f4094c81b\" target=\"_blank\"> Instagramie<\/a>,<a rel=\"nofollow noopener\" href=\"https:\/\/www.youtube.com\/c\/plejada\" id=\"3e1f1433-5976-4f42-b876-3c3a1426812d\" target=\"_blank\"> YouTubie<\/a> oraz<a rel=\"nofollow noopener\" href=\"https:\/\/www.tiktok.com\/@plejada_pl\" id=\"6d9a46b5-c7aa-462d-9639-c0567359650d\" target=\"_blank\"> TikToku<\/a>.Chcesz podzieli\u0107 si\u0119 ciekawym newsem lub zaproponowa\u0107 temat? Skontaktuj si\u0119 z nami, pisz\u0105c maila na adres: <a rel=\"nofollow noopener\" href=\"https:\/\/plejada.pl\/newsy\/klaudia-el-dursi-cala-w-emocjach-po-debiucie-w-sopocie-nie-kryla-lez-wideo\/mailto:plejada@redakcjaonet.pl\" id=\"63f0a0d5-f9c2-419c-a620-a89bafcfac7f\" target=\"_blank\">plejada@redakcjaonet.pl<\/a>.<script async src=\"\/\/www.instagram.com\/embed.js\"><\/script><script async src=\"\/\/www.tiktok.com\/embed.js\"><\/script><\/p>\n","protected":false},"excerpt":{"rendered":"Czwarty dzie\u0144 tegorocznego Top of the Top Sopot Festival up\u0142yn\u0105\u0142 pod znakiem mocnych muzycznych brzmie\u0144 i nieoczekiwanych emocji.&hellip;\n","protected":false},"author":2,"featured_media":651439,"comment_status":"","ping_status":"","sticky":false,"template":"","format":"standard","meta":{"footnotes":"","_share_on_mastodon":"0"},"categories":[22],"tags":[61195,122,37297,314,48,125,46,42,38,40,39,41,123,47,1063,126324,318],"class_list":["post-651438","post","type-post","status-publish","format-standard","has-post-thumbnail","category-rozrywka","tag-bottomfeed_styl","tag-entertainment","tag-festiwal_w_sopocie","tag-klaudia_el_dursi","tag-nat_styl","tag-newsy","tag-omp","tag-pl","tag-poland","tag-polish","tag-polska","tag-polski","tag-rozrywka","tag-screening_general","tag-sopot","tag-top_of_the_top_sopot_festival","tag-tvn"],"share_on_mastodon":{"url":"","error":""},"_links":{"self":[{"href":"https:\/\/www.europesays.com\/pl\/wp-json\/wp\/v2\/posts\/651438","targetHints":{"allow":["GET"]}}],"collection":[{"href":"https:\/\/www.europesays.com\/pl\/wp-json\/wp\/v2\/posts"}],"about":[{"href":"https:\/\/www.europesays.com\/pl\/wp-json\/wp\/v2\/types\/post"}],"author":[{"embeddable":true,"href":"https:\/\/www.europesays.com\/pl\/wp-json\/wp\/v2\/users\/2"}],"replies":[{"embeddable":true,"href":"https:\/\/www.europesays.com\/pl\/wp-json\/wp\/v2\/comments?post=651438"}],"version-history":[{"count":0,"href":"https:\/\/www.europesays.com\/pl\/wp-json\/wp\/v2\/posts\/651438\/revisions"}],"wp:featuredmedia":[{"embeddable":true,"href":"https:\/\/www.europesays.com\/pl\/wp-json\/wp\/v2\/media\/651439"}],"wp:attachment":[{"href":"https:\/\/www.europesays.com\/pl\/wp-json\/wp\/v2\/media?parent=651438"}],"wp:term":[{"taxonomy":"category","embeddable":true,"href":"https:\/\/www.europesays.com\/pl\/wp-json\/wp\/v2\/categories?post=651438"},{"taxonomy":"post_tag","embeddable":true,"href":"https:\/\/www.europesays.com\/pl\/wp-json\/wp\/v2\/tags?post=651438"}],"curies":[{"name":"wp","href":"https:\/\/api.w.org\/{rel}","templated":true}]}}