{"id":651454,"date":"2026-08-28T06:23:56","date_gmt":"2026-08-28T06:23:56","guid":{"rendered":"https:\/\/www.europesays.com\/pl\/651454\/"},"modified":"2026-08-28T06:23:56","modified_gmt":"2026-08-28T06:23:56","slug":"dino-rosnie-na-gpw-czy-poprawa-wynikow-jest-juz-za-rogiem","status":"publish","type":"post","link":"https:\/\/www.europesays.com\/pl\/651454\/","title":{"rendered":"Dino ro\u015bnie na GPW. Czy poprawa wynik\u00f3w jest ju\u017c za rogiem?"},"content":{"rendered":"<p>Rynek nieruchomo\u015bci handlowych wyra\u017anie odbi\u0142 w pierwszej po\u0142owie 2026 roku. Warto\u015b\u0107 transakcji przekroczy\u0142a 1 mld euro, czyli wi\u0119cej ni\u017c wyni\u00f3s\u0142 ca\u0142y ubieg\u0142oroczny wolumen. Co istotne, inwestorzy coraz rzadziej ograniczaj\u0105 si\u0119 do jednego typu obiekt\u00f3w. Na celowniku s\u0105 zar\u00f3wno du\u017ce centra handlowe, jak i parki, portfele nieruchomo\u015bci convenience oraz transakcje sale &amp; leaseback.<\/p>\n<p>W tym artykule przeczytasz:<\/p>\n<p>\tParki handlowe nadal mocne, ale przesta\u0142y by\u0107 jedynym wyborem<br \/>\n\tSale &amp; leaseback zyskuje na znaczeniu<br \/>\n\tDo Polski wraca kapita\u0142 z Europy \u015arodkowej<br \/>\n\tNa co zwracaj\u0105 uwag\u0119 dzi\u015b inwestorzy?<\/p>\n<p>Pierwsze sze\u015b\u0107 miesi\u0119cy 2026 roku przynios\u0142o wyra\u017any powr\u00f3t kapita\u0142u na polski rynek nieruchomo\u015bci handlowych. Wed\u0142ug analizy JLL warto\u015b\u0107 zawartych w tym okresie transakcji przekroczy\u0142a 1 mld euro. Oznacza to, \u017ce ju\u017c w po\u0142owie roku sektor osi\u0105gn\u0105\u0142 wynik wy\u017cszy ni\u017c w ca\u0142ym 2025 roku. Nieruchomo\u015bci handlowe odpowiada\u0142y tym samym za oko\u0142o jedn\u0105 trzeci\u0105 ca\u0142kowitego wolumenu inwestycyjnego w Polsce.<\/p>\n<p>Jeszcze wa\u017cniejsza od samej warto\u015bci transakcji jest jednak zmiana, jaka zachodzi w strukturze rynku. Po latach dominacji park\u00f3w handlowych inwestorzy zaczynaj\u0105 szerzej patrze\u0107 na sektor. Kapita\u0142 trafia do r\u00f3\u017cnych format\u00f3w, a o atrakcyjno\u015bci nieruchomo\u015bci coraz cz\u0119\u015bciej decyduj\u0105 jej jako\u015b\u0107, najemcy i perspektywa generowania stabilnych przychod\u00f3w.\u00a0<\/p>\n<p>\t\t\t\t<img decoding=\"async\" src=\"data:image\/png;base64,iVBORw0KGgoAAAANSUhEUgAAAAEAAAABCAYAAAAfFcSJAAAADUlEQVR42mNk+P+\/HgAFhAJ\/wlseKgAAAABJRU5ErkJggg==\"\/><\/p>\n","protected":false},"excerpt":{"rendered":"Rynek nieruchomo\u015bci handlowych wyra\u017anie odbi\u0142 w pierwszej po\u0142owie 2026 roku. Warto\u015b\u0107 transakcji przekroczy\u0142a 1 mld euro, czyli wi\u0119cej&hellip;\n","protected":false},"author":2,"featured_media":651455,"comment_status":"","ping_status":"","sticky":false,"template":"","format":"standard","meta":{"footnotes":"","_share_on_mastodon":"0"},"categories":[52249],"tags":[127354,857,113543,127356,41997,127353,127357,127352,42,38,40,39,41,127355],"class_list":["post-651454","post","type-post","status-publish","format-standard","has-post-thumbnail","category-dino-polska","tag-akcje-dino-polska","tag-dino","tag-dino-akcje","tag-dino-marza-ebitda","tag-dino-polska","tag-dino-polska-gpw","tag-dino-sprzedaz-lfl","tag-dino-wyniki-2026","tag-pl","tag-poland","tag-polish","tag-polska","tag-polski","tag-wyniki-dino-ii-kwartal"],"share_on_mastodon":{"url":"https:\/\/pubeurope.com\/@pl\/117171707367818895","error":""},"_links":{"self":[{"href":"https:\/\/www.europesays.com\/pl\/wp-json\/wp\/v2\/posts\/651454","targetHints":{"allow":["GET"]}}],"collection":[{"href":"https:\/\/www.europesays.com\/pl\/wp-json\/wp\/v2\/posts"}],"about":[{"href":"https:\/\/www.europesays.com\/pl\/wp-json\/wp\/v2\/types\/post"}],"author":[{"embeddable":true,"href":"https:\/\/www.europesays.com\/pl\/wp-json\/wp\/v2\/users\/2"}],"replies":[{"embeddable":true,"href":"https:\/\/www.europesays.com\/pl\/wp-json\/wp\/v2\/comments?post=651454"}],"version-history":[{"count":0,"href":"https:\/\/www.europesays.com\/pl\/wp-json\/wp\/v2\/posts\/651454\/revisions"}],"wp:featuredmedia":[{"embeddable":true,"href":"https:\/\/www.europesays.com\/pl\/wp-json\/wp\/v2\/media\/651455"}],"wp:attachment":[{"href":"https:\/\/www.europesays.com\/pl\/wp-json\/wp\/v2\/media?parent=651454"}],"wp:term":[{"taxonomy":"category","embeddable":true,"href":"https:\/\/www.europesays.com\/pl\/wp-json\/wp\/v2\/categories?post=651454"},{"taxonomy":"post_tag","embeddable":true,"href":"https:\/\/www.europesays.com\/pl\/wp-json\/wp\/v2\/tags?post=651454"}],"curies":[{"name":"wp","href":"https:\/\/api.w.org\/{rel}","templated":true}]}}