{"id":651462,"date":"2026-08-28T06:31:13","date_gmt":"2026-08-28T06:31:13","guid":{"rendered":"https:\/\/www.europesays.com\/pl\/651462\/"},"modified":"2026-08-28T06:31:13","modified_gmt":"2026-08-28T06:31:13","slug":"lublin-izba-przyjec-nie-reagowala-na-pacjenta-z-zawalem-dlaczego-drzwi-nie-otworzono-wprost","status":"publish","type":"post","link":"https:\/\/www.europesays.com\/pl\/651462\/","title":{"rendered":"Lublin. Izba przyj\u0119\u0107 nie reagowa\u0142a na pacjenta z zawa\u0142em. Dlaczego drzwi nie otworzono? \u2013 Wprost"},"content":{"rendered":"\n<p>&#13;<br \/>\nPan Jaros\u0142aw z\u00a0ci\u0119\u017ckim zawa\u0142em pr\u00f3bowa\u0142 dosta\u0107 si\u0119 do\u00a0izby przyj\u0119\u0107 szpitala na\u00a0ul. Herberta w\u00a0Lublinie. Przywioz\u0142a go\u00a0\u017cona, licz\u0105c na\u00a0szybk\u0105 pomoc. Tymczasem nikt nie\u00a0reagowa\u0142 na\u00a0dzwonek przy drzwiach i\u00a0w\u00a0ko\u0144cu potrzebna by\u0142a pomoc pogotowia. Karetka zabra\u0142a pacjenta do\u00a0innego szpitala. &#13;\n<\/p>\n<p>Lublin. Szpitalna izba przyj\u0119\u0107 zignorowa\u0142a pacjenta z\u00a0zawa\u0142em<\/p>\n<p>&#13;<br \/>\nMa\u0142\u017ce\u0144stwo opowiedzia\u0142o o\u00a0swoim przypadku redakcji radiozet.pl. Oczekiwanie na\u00a0pomoc mia\u0142o trwa\u0107 ponad p\u00f3\u0142 godziny. \u2013\u00a0Pracuj\u0119 w\u00a0s\u0142u\u017cbie zdrowia grubo ponad 30 lat, ale\u00a0takie sytuacje powoduj\u0105, \u017ce\u00a0krew si\u0119 we\u00a0mnie gotuje. Trzeba je\u00a0nag\u0142a\u015bnia\u0107. Nie\u00a0mo\u017ce by\u0107 tak, \u017ce\u00a0kto\u015b potrzebuje pomocy, jedzie do\u00a0du\u017cego szpitala w\u00a0stolicy wojew\u00f3dztwa i\u00a0nie tylko jej nie\u00a0otrzymuje, ale\u00a0nawet nikt mu nie\u00a0otwiera drzwi. To\u00a0niewyt\u0142umaczalne \u2013\u00a0komentowa\u0142 spraw\u0119 do\u015bwiadczony lekarz. &#13;\n<\/p>\n<p>&#13;<br \/>\nU m\u0119\u017cczyzny rozpoznano ostry zawa\u0142 serca pe\u0142no\u015bcienny \u015bciany prawej, czyli stan zagra\u017caj\u0105cy \u017cyciu. Pan Jaros\u0142aw mia\u0142 szcz\u0119\u015bcie, \u017ce\u00a0\u017cona wcze\u015bnie zadzwoni\u0142a po\u00a0karetk\u0119, a\u00a0ambulans przyby\u0142 na\u00a0czas. &#13;\n<\/p>\n<p>&#13;<br \/>\n\u2013 P\u00f3\u017aniej powiedzieli mi, \u017ce\u00a0to\u00a0ten tzw. wdowi zawa\u0142. \u017be\u00a0do\u00a0rana bym nie\u00a0do\u017cy\u0142. Ale\u00a0cudem \u017cyj\u0119. Mam te\u017c ca\u0142\u0105 siatk\u0119 lek\u00f3w na\u00a0najbli\u017csze cztery miesi\u0105ce \u2013\u00a0opowiada\u0142 chory. W\u00a0szpitalu MSWiA sp\u0119dzi\u0142 tydzie\u0144. Do\u00a0domu wr\u00f3ci\u0142 o\u00a0w\u0142asnych si\u0142ach, ale\u00a0z\u00a0d\u0142ug\u0105 list\u0105 zalece\u0144. &#13;\n<\/p>\n<p>&#13;<br \/>\n\u2013 Ja nie\u00a0wiem, czy\u00a0ten szpital funkcjonuje, czy\u00a0nie funkcjonuje. Na\u00a0co\u00a0dzie\u0144 mieszkamy i\u00a0pracujemy za\u00a0granic\u0105, kilka razy w\u00a0roku przyje\u017cd\u017camy do\u00a0kraju. Uznali\u015bmy, \u017ce\u00a0szpital to\u00a0miejsce, gdzie powinni\u015bmy otrzyma\u0107 pomoc, ale\u00a0mo\u017ce si\u0119 pomylili\u015bmy, mo\u017ce czego\u015b nie\u00a0wiedzieli\u015bmy. Je\u017celi kto\u015b w\u00a0nocy b\u0119dzie potrzebowa\u0142 pomocy to\u00a0raczej na\u00a0Herberta jej nie\u00a0uzyska \u2013\u00a0podkre\u015bla\u0142a \u017cona pana Jaros\u0142awa. &#13;\n<\/p>\n<p>Czy izba przyj\u0119\u0107 w\u00a0du\u017cym szpitalu mo\u017ce by\u0107 nieczynna? NFZ komentuje<\/p>\n<p>&#13;<br \/>\nGdy dziennikarze pojechali na\u00a0miejsce, spotkali pracownika szpitala. Zapytano o\u00a0opisan\u0105 wy\u017cej sytuacj\u0119, stwierdzi\u0142, \u017ce\u00a0to\u00a0\u201eniemo\u017cliwe\u201d. \u2013\u00a0Zawsze kto\u015b tu jest \u2013\u00a0podkre\u015bla\u0142. Zast\u0119pca dyrektora ds. lecznictwa Wojew\u00f3dzkiego Pogotowia Ratunkowego w\u00a0Lublinie Alicja Ciechan potwierdzi\u0142a jednak wersj\u0119 ma\u0142\u017ce\u0144stwa. &#13;\n<\/p>\n<p>&#13;<br \/>\nDyrektor plac\u00f3wki Piotr Matej w\u00a0rozmowie z\u00a0radiozet.pl tak\u017ce przyzna\u0142, \u017ce\u00a0do\u00a0opisanej sytuacji rzeczywi\u015bcie dosz\u0142o. Szpital podj\u0105\u0142 dzia\u0142ania, kt\u00f3re maj\u0105 wyja\u015bni\u0107 przyczyny. \u201eW\u00a0czasie obj\u0119tym zg\u0142oszeniem w\u00a0Izbie Przyj\u0119\u0107 dy\u017cur powinny pe\u0142ni\u0107 zgodnie z\u00a0obowi\u0105zuj\u0105cym harmonogramem pracy dwie piel\u0119gniarki, z\u00a0zabezpieczeniem lekarza dy\u017curnego\u201e \u2013\u00a0informowa\u0142 Matej. &#13;\n<\/p>\n<p>&#13;<br \/>\n\u201eW\u00a0lokalizacji Szpitala przy ul. Herberta w\u00a0tym dniu obecny by\u0142 lekarz dy\u017curny, kt\u00f3ry \u2013\u00a0zgodnie z\u00a0przyj\u0119t\u0105 organizacj\u0105 udzielania \u015bwiadcze\u0144 zdrowotnych \u2013\u00a0powinien by\u0107 niezw\u0142ocznie wezwany przez personel piel\u0119gniarski Izby Przyj\u0119\u0107\u201d \u2013\u00a0dodawa\u0142. &#13;\n<\/p>\n<p>&#13;<br \/>\n\u201eSzpital stoi jednoznacznie na\u00a0stanowisku, \u017ce\u00a0ka\u017cdy pacjent zg\u0142aszaj\u0105cy si\u0119 do\u00a0Izby Przyj\u0119\u0107 powinien zosta\u0107 odpowiednio przyj\u0119ty przez personel, a\u00a0jego stan zdrowia powinien zosta\u0107 oceniony w\u00a0spos\u00f3b umo\u017cliwiaj\u0105cy podj\u0119cie adekwatnych dzia\u0142a\u0144 medycznych. Obowi\u0105zek ten ma\u00a0szczeg\u00f3lne znaczenie w\u00a0porze nocnej, kiedy mo\u017cliwo\u015b\u0107 uzyskania pomocy medycznej w\u00a0innych miejscach mo\u017ce by\u0107 ograniczona\u201d \u2013\u00a0podkre\u015bla\u0142. &#13;\n<\/p>\n<p>&#13;<br \/>\nDyrekcja nie\u00a0wyklucza konsekwencji dyscyplinarnych. Komentarza udzieli\u0142a te\u017c rzeczniczka lubelskiego NFZ Ma\u0142gorzata Bartoszek. Jak m\u00f3wi\u0142a, izba przyj\u0119\u0107 powinna funkcjonowa\u0107 24 godziny na\u00a0dob\u0119. \u201eW\u00a0celu wyja\u015bnienia sprawy zwr\u00f3cili\u015bmy si\u0119 do\u00a0dyrekcji szpitala o\u00a0informacje w\u00a0tej sprawie\u201d \u2013\u00a0zapewni\u0142a. &#13;\n<\/p>\n<p>&#13;<br \/>\n   Czytaj te\u017c:<br \/><a href=\"https:\/\/newsmed.pl\/medycyna\/kardiologia\/12423933\/kardiologia-problemem-jest-trudnosc-w-uzyskaniu-opieki.html\" rel=\"follow nofollow noopener\" data-schema=\"WPROST\" data-image=\"https:\/\/img.wprost.pl\/_thumb\/29\/67\/964666123d9090bf5116b863a60f.jpeg\" target=\"_blank\">Agnieszka Wo\u0142czenko: Patrz\u0105c na\u00a0pacjenta, powinni\u015bmy widzie\u0107 nie\u00a0tylko jego wyniki<\/a>   Czytaj te\u017c:<br \/><a href=\"https:\/\/newsmed.pl\/profilaktyka\/12423594\/dzien-zdrowia-z-wprost-eksperci-mamy-unikatowe-narzedzie.html\" rel=\"follow nofollow noopener\" data-schema=\"WPROST\" data-image=\"https:\/\/img.wprost.pl\/_thumb\/3a\/c2\/e817f919115c1a1a64ae3f4b43b0.jpeg\" target=\"_blank\">Eksperci na\u00a0Dniu Zdrowia z\u00a0Wprost: Mamy unikatowe narz\u0119dzie w\u00a0Europie<\/a>&#13;<\/p>\n","protected":false},"excerpt":{"rendered":"&#13; Pan Jaros\u0142aw z\u00a0ci\u0119\u017ckim zawa\u0142em pr\u00f3bowa\u0142 dosta\u0107 si\u0119 do\u00a0izby przyj\u0119\u0107 szpitala na\u00a0ul. Herberta w\u00a0Lublinie. Przywioz\u0142a go\u00a0\u017cona, licz\u0105c na\u00a0szybk\u0105&hellip;\n","protected":false},"author":2,"featured_media":651463,"comment_status":"","ping_status":"","sticky":false,"template":"","format":"standard","meta":{"footnotes":"","_share_on_mastodon":"0"},"categories":[51612],"tags":[127359,127358,49,1081,42,38,40,39,41,5602,43315,7362,10666],"class_list":["post-651462","post","type-post","status-publish","format-standard","has-post-thumbnail","category-lublin","tag-brak-odpowiedzi","tag-izba-przyjec","tag-kraj","tag-lublin","tag-pl","tag-poland","tag-polish","tag-polska","tag-polski","tag-szpital","tag-wprost","tag-zawal","tag-zycie"],"share_on_mastodon":{"url":"https:\/\/pubeurope.com\/@pl\/117171734658582429","error":""},"_links":{"self":[{"href":"https:\/\/www.europesays.com\/pl\/wp-json\/wp\/v2\/posts\/651462","targetHints":{"allow":["GET"]}}],"collection":[{"href":"https:\/\/www.europesays.com\/pl\/wp-json\/wp\/v2\/posts"}],"about":[{"href":"https:\/\/www.europesays.com\/pl\/wp-json\/wp\/v2\/types\/post"}],"author":[{"embeddable":true,"href":"https:\/\/www.europesays.com\/pl\/wp-json\/wp\/v2\/users\/2"}],"replies":[{"embeddable":true,"href":"https:\/\/www.europesays.com\/pl\/wp-json\/wp\/v2\/comments?post=651462"}],"version-history":[{"count":0,"href":"https:\/\/www.europesays.com\/pl\/wp-json\/wp\/v2\/posts\/651462\/revisions"}],"wp:featuredmedia":[{"embeddable":true,"href":"https:\/\/www.europesays.com\/pl\/wp-json\/wp\/v2\/media\/651463"}],"wp:attachment":[{"href":"https:\/\/www.europesays.com\/pl\/wp-json\/wp\/v2\/media?parent=651462"}],"wp:term":[{"taxonomy":"category","embeddable":true,"href":"https:\/\/www.europesays.com\/pl\/wp-json\/wp\/v2\/categories?post=651462"},{"taxonomy":"post_tag","embeddable":true,"href":"https:\/\/www.europesays.com\/pl\/wp-json\/wp\/v2\/tags?post=651462"}],"curies":[{"name":"wp","href":"https:\/\/api.w.org\/{rel}","templated":true}]}}