{"id":651472,"date":"2026-08-28T06:36:16","date_gmt":"2026-08-28T06:36:16","guid":{"rendered":"https:\/\/www.europesays.com\/pl\/651472\/"},"modified":"2026-08-28T06:36:16","modified_gmt":"2026-08-28T06:36:16","slug":"legia-warszawa-slask-wroclaw-w-tv-o-ktorej-poczatek-na-jakim-kanale-ogladac","status":"publish","type":"post","link":"https:\/\/www.europesays.com\/pl\/651472\/","title":{"rendered":"Legia Warszawa &#8211; \u015al\u0105sk Wroc\u0142aw w TV. O kt\u00f3rej pocz\u0105tek? Na jakim kanale ogl\u0105da\u0107?"},"content":{"rendered":"\n<p class=\"contentpart contentpart--default contentpart--text\" data-position=\"0\">W pi\u0105tek, 28 sierpnia 2026 roku o godzinie 20:30 <a href=\"https:\/\/sportowefakty.wp.pl\/pilka-nozna\/legia-warszawa\" rel=\"nofollow noopener\" target=\"_blank\">Legia Warszawa<\/a>\u00a0podejmie <a href=\"https:\/\/sportowefakty.wp.pl\/pilka-nozna\/slask-wroclaw\" rel=\"nofollow noopener\" target=\"_blank\">\u015al\u0105sk Wroc\u0142aw<\/a>\u00a0w meczu 6. kolejki <a href=\"https:\/\/sportowefakty.wp.pl\/pilka-nozna\/pko-ekstraklasa\" rel=\"nofollow noopener\" target=\"_blank\">PKO Ekstraklasy<\/a>. Spotkanie odb\u0119dzie si\u0119 przy \u0141azienkowskiej, a gospodarze przyst\u0105pi\u0105 do niego jako niepokonana dru\u017cyna, kt\u00f3ra po pi\u0119ciu kolejkach ma na koncie 11 punkt\u00f3w. \u015al\u0105sk, beniaminek rozgrywek, zgromadzi\u0142 dotychczas pi\u0119\u0107 punkt\u00f3w.<\/p>\n<p class=\"contentpart contentpart--default contentpart--text\" data-position=\"1\">Mecz Legia Warszawa &#8211; \u015al\u0105sk Wroc\u0142aw mo\u017cna ogl\u0105da\u0107 w polskiej TV. Transmisja b\u0119dzie dost\u0119pna w kana\u0142ach CANAL+ Sport 3 oraz CANAL+ 4K.<br \/>Legia Warszawa &#8211; \u015al\u0105sk Wroc\u0142aw online. Czy mecz b\u0119dzie pokazywany w internecie?<\/p>\n<p>  <img decoding=\"async\" src=\"https:\/\/v.wpimg.pl\/X3dwLnN2d1IFFTpdYUl6R0ZNbgcnEHQREVV2TGEGbUtRT2MdOlZ2RBQUKABgQjQcDRotCStBd1IAAWMeIlM7VgwYIAorQAdEFFk_GCkQJQ\" alt=\"\" width=\"45\" height=\"58\" loading=\"lazy\"\/>  <\/p>\n<p class=\"contentpart contentpart--default contentpart--text\" data-position=\"2\">Spotkanie b\u0119dzie transmitowane tak\u017ce w internecie. Mo\u017cna je obejrze\u0107 za po\u015brednictwem platformy CANAL+ online. Tekstow\u0105 relacj\u0119 &#8222;akcja po akcji&#8221; przeprowadzi portal WP SportoweFakty.<\/p>\n<p class=\"contentpart contentpart--default contentpart--text\" data-position=\"3\"><a href=\"https:\/\/sportowefakty.wp.pl\/pilka-nozna\/relacja-na-zywo\/178459\/legia-warszawa-slask-wroclaw-live\" rel=\"nofollow noopener\" target=\"blank\">Relacja na \u017cywo z meczu Legia Warszawa &#8211; \u015al\u0105sk Wroc\u0142aw w portalu WP SportoweFakty<br \/><\/a><br \/>Pocz\u0105tek meczu Legia Warszawa &#8211; \u015al\u0105sk Wroc\u0142aw: pi\u0105tek, 28.08, godz. 20:30. Transmisja TV: CANAL+ Sport 3, CANAL+ 4K. Stream online: CANAL+ online. Relacja LIVE: WP SportoweFakty.<\/p>\n<p class=\"contentpart contentpart--default contentpart--text\" data-position=\"4\">ZOBACZ WIDEO: #dziejesiewsporcie. Co za bramka. Poezja na boisku!<\/p>\n","protected":false},"excerpt":{"rendered":"W pi\u0105tek, 28 sierpnia 2026 roku o godzinie 20:30 Legia Warszawa\u00a0podejmie \u015al\u0105sk Wroc\u0142aw\u00a0w meczu 6. kolejki PKO Ekstraklasy.&hellip;\n","protected":false},"author":2,"featured_media":651473,"comment_status":"","ping_status":"","sticky":false,"template":"","format":"standard","meta":{"footnotes":"","_share_on_mastodon":"0"},"categories":[51607],"tags":[713,269,1724,42,38,40,39,41,697,4835,435,1853],"class_list":["post-651472","post","type-post","status-publish","format-standard","has-post-thumbnail","category-wroclaw","tag-legia-warszawa","tag-pilka-nozna","tag-pko-ekstraklasa","tag-pl","tag-poland","tag-polish","tag-polska","tag-polski","tag-slask-wroclaw","tag-stadion-miejski-legii-warszawa-im-marszalka-j-pilsudskiego","tag-warszawa","tag-wroclaw"],"share_on_mastodon":{"url":"https:\/\/pubeurope.com\/@pl\/117171754538651482","error":""},"_links":{"self":[{"href":"https:\/\/www.europesays.com\/pl\/wp-json\/wp\/v2\/posts\/651472","targetHints":{"allow":["GET"]}}],"collection":[{"href":"https:\/\/www.europesays.com\/pl\/wp-json\/wp\/v2\/posts"}],"about":[{"href":"https:\/\/www.europesays.com\/pl\/wp-json\/wp\/v2\/types\/post"}],"author":[{"embeddable":true,"href":"https:\/\/www.europesays.com\/pl\/wp-json\/wp\/v2\/users\/2"}],"replies":[{"embeddable":true,"href":"https:\/\/www.europesays.com\/pl\/wp-json\/wp\/v2\/comments?post=651472"}],"version-history":[{"count":0,"href":"https:\/\/www.europesays.com\/pl\/wp-json\/wp\/v2\/posts\/651472\/revisions"}],"wp:featuredmedia":[{"embeddable":true,"href":"https:\/\/www.europesays.com\/pl\/wp-json\/wp\/v2\/media\/651473"}],"wp:attachment":[{"href":"https:\/\/www.europesays.com\/pl\/wp-json\/wp\/v2\/media?parent=651472"}],"wp:term":[{"taxonomy":"category","embeddable":true,"href":"https:\/\/www.europesays.com\/pl\/wp-json\/wp\/v2\/categories?post=651472"},{"taxonomy":"post_tag","embeddable":true,"href":"https:\/\/www.europesays.com\/pl\/wp-json\/wp\/v2\/tags?post=651472"}],"curies":[{"name":"wp","href":"https:\/\/api.w.org\/{rel}","templated":true}]}}