{"id":651578,"date":"2026-08-28T07:46:35","date_gmt":"2026-08-28T07:46:35","guid":{"rendered":"https:\/\/www.europesays.com\/pl\/651578\/"},"modified":"2026-08-28T07:46:35","modified_gmt":"2026-08-28T07:46:35","slug":"ekstradycja-groznego-pseudokibica-dariusza-n-z-czech-do-polski-powazne-zarzuty","status":"publish","type":"post","link":"https:\/\/www.europesays.com\/pl\/651578\/","title":{"rendered":"Ekstradycja gro\u017anego pseudokibica Dariusza N. z Czech do Polski. Powa\u017cne zarzuty"},"content":{"rendered":"<p>Jak poinformowa\u0142 Waldemar \u017burek, Dariusz N. us\u0142ysza\u0142 wcze\u015bniej zarzuty m.in. udzia\u0142u w zbrojnej grupie przest\u0119pczej, zab\u00f3jstwa ze szczeg\u00f3lnym okrucie\u0144stwem oraz obrotu znacznymi ilo\u015bciami narkotyk\u00f3w.<\/p>\n<blockquote class=\"ods-o-quote\">\n<p class=\"ods-o-quote__paragraph\">S\u0105d uwzgl\u0119dni\u0142 wniosek prokuratury \u2014 podejrzany najbli\u017csze miesi\u0105ce sp\u0119dzi w areszcie. Nie zwalniamy tempa<\/p>\n<\/blockquote>\n<p>\u2014 napisa\u0142 na platformie X minister sprawiedliwo\u015bci Waldemar \u017burek.<\/p>\n<blockquote class=\"ods-o-quote\">\n<p class=\"ods-o-quote__paragraph\">Nie ma bezkarno\u015bci dla zorganizowanej przest\u0119pczo\u015bci<\/p>\n<\/blockquote>\n<p>\u2014 doda\u0142.<\/p>\n<p>Dalszy ci\u0105g artyku\u0142u pod materia\u0142em wideoEkstradycja gro\u017anego pseudokibica z Czech do Polski. Takie ma zarzuty<\/p>\n<p>Dariusz N. zosta\u0142 zatrzymany w Czechach w pa\u017adzierniku 2025 r. na podstawie europejskiego nakazu aresztowania (ENA). By\u0142 \u015bcigany w zwi\u0105zku z porwaniem i zab\u00f3jstwem 34-letniego Marka K. z Katowic. Do tych wydarze\u0144 dosz\u0142o we wrze\u015bniu 2025 r. Cia\u0142o porwanego 34-latka zosta\u0142o znalezione pod koniec listopada tego samego roku na cmentarzu \u2014 le\u017ca\u0142o w grobie starszej kobiety.<\/p>\n<p>Lata, kt\u00f3re nios\u0142y \u015bmier\u0107. Wojna gang\u00f3w w Krakowie<img class=\"ods-a-photo ods-a-photo--background\" src=\"https:\/\/www.europesays.com\/pl\/wp-content\/uploads\/2026\/08\/1787903195_244_uFok9lBaHR0cHM6Ly9vY2RuLmV1L3B1bHNjbXMvTURBXy9hOWYyYzVjYWQ5MWZiNmYwZmRkNDVlZWUzOTU1MWU3NS5qcGeRlQLNA.jpeg\" height=\"253\" width=\"450\" alt=\"Kibole na osiedlu Tysi\u0105clecia. Zdj\u0119cie z 2018 r.\" loading=\"lazy\" fetchpriority=\"low\" decoding=\"async\"\/>Ponadto przed S\u0105dem Okr\u0119gowym w Katowicach Dariusz N. <a href=\"https:\/\/wiadomosci.onet.pl\/slask\/katowice-oskarzony-o-zabojstwo-pilkarza-gks-stanie-przed-sadem\/cz2bb6d\" id=\"c0d95fdf-8bcb-43ac-bb3f-f1642fa5f38d\" rel=\"nofollow noopener\" target=\"_blank\">odpowiada za zab\u00f3jstwo by\u0142ego pi\u0142karza GKS Katowice \u2014 19-letniego Dominika<\/a>. Prokurator przedstawi\u0142 mu zarzuty pope\u0142nienia przest\u0119pstw: udzia\u0142u w b\u00f3jce i <a href=\"https:\/\/wiadomosci.onet.pl\/slask\/katowice-oskarzony-o-zabojstwo-pilkarza-gks-stanie-przed-sadem\/cz2bb6d\" id=\"ce609bbd-872f-4616-b437-8e80318a7087\" rel=\"nofollow noopener\" target=\"_blank\">zab\u00f3jstwa 19-letniego m\u0119\u017cczyzny, a tak\u017ce udzia\u0142u w b\u00f3jce i usi\u0142owania zab\u00f3jstwa drugiego m\u0119\u017cczyzny<\/a> \u2014 ojca ofiary. Dariusz N. nie przyzna\u0142 si\u0119 do pope\u0142nienia zarzucanych mu czyn\u00f3w i odm\u00f3wi\u0142 sk\u0142adania wyja\u015bnie\u0144. Grozi mu do\u017cywocie.Do tych wydarze\u0144 dosz\u0142o w sierpniu 2016 r. nad ranem w centrum Katowic w rejonie ulicy 3 maja, w pobli\u017cu dworca PKP. Tam spotka\u0142y si\u0119 dwie grupy os\u00f3b. Dosz\u0142o do wymiany zda\u0144, a nast\u0119pnie b\u00f3jki. W jej trakcie m\u0142ody ch\u0142opak zosta\u0142 dwukrotnie ugodzony no\u017cem w okolice klatki piersiowej. 19-letni Dominik zmar\u0142 w szpitalu. No\u017cem ugodzony zosta\u0142 tak\u017ce drugi m\u0119\u017cczyzna \u2014 ojciec 19-latka. <a href=\"https:\/\/wiadomosci.onet.pl\/slask\/katowice-zabojstwo-bylego-pilkarza-gks-katowice-jest-wyrok\/ccnlpfd\" id=\"877eac2b-93b8-4716-a7e3-601226f408b6\" rel=\"nofollow noopener\" target=\"_blank\">W pierwszym procesie Dariusz N. zosta\u0142 za to skazany na 25 lat wi\u0119zienia<\/a>, jednak S\u0105d Apelacyjny w Katowicach uchyli\u0142 tamten wyrok i skierowa\u0142 spraw\u0119 do ponownego rozpatrzenia.<\/p>\n","protected":false},"excerpt":{"rendered":"Jak poinformowa\u0142 Waldemar \u017burek, Dariusz N. us\u0142ysza\u0142 wcze\u015bniej zarzuty m.in. udzia\u0142u w zbrojnej grupie przest\u0119pczej, zab\u00f3jstwa ze szczeg\u00f3lnym&hellip;\n","protected":false},"author":2,"featured_media":651579,"comment_status":"","ping_status":"","sticky":false,"template":"","format":"standard","meta":{"footnotes":"","_share_on_mastodon":"0"},"categories":[12],"tags":[61195,32,33,779,1624,36,37,27,49,34,35,28,31,48,25,46,42,38,40,39,41,14002,1598,47,29,30,26,411,604],"class_list":["post-651578","post","type-post","status-publish","format-standard","has-post-thumbnail","category-polska","tag-bottomfeed_styl","tag-breaking-news","tag-breakingnews","tag-czechy","tag-ekstradycja","tag-featured-news","tag-featurednews","tag-headlines","tag-kraj","tag-latest-news","tag-latestnews","tag-naglowki","tag-najwazniejsze-artykuly","tag-nat_styl","tag-news","tag-omp","tag-pl","tag-poland","tag-polish","tag-polska","tag-polski","tag-porwanie","tag-pseudokibice","tag-screening_general","tag-top-stories","tag-topstories","tag-wiadomosci","tag-zabojstwo","tag-zarzuty"],"share_on_mastodon":{"url":"https:\/\/pubeurope.com\/@pl\/117172029886359215","error":""},"_links":{"self":[{"href":"https:\/\/www.europesays.com\/pl\/wp-json\/wp\/v2\/posts\/651578","targetHints":{"allow":["GET"]}}],"collection":[{"href":"https:\/\/www.europesays.com\/pl\/wp-json\/wp\/v2\/posts"}],"about":[{"href":"https:\/\/www.europesays.com\/pl\/wp-json\/wp\/v2\/types\/post"}],"author":[{"embeddable":true,"href":"https:\/\/www.europesays.com\/pl\/wp-json\/wp\/v2\/users\/2"}],"replies":[{"embeddable":true,"href":"https:\/\/www.europesays.com\/pl\/wp-json\/wp\/v2\/comments?post=651578"}],"version-history":[{"count":0,"href":"https:\/\/www.europesays.com\/pl\/wp-json\/wp\/v2\/posts\/651578\/revisions"}],"wp:featuredmedia":[{"embeddable":true,"href":"https:\/\/www.europesays.com\/pl\/wp-json\/wp\/v2\/media\/651579"}],"wp:attachment":[{"href":"https:\/\/www.europesays.com\/pl\/wp-json\/wp\/v2\/media?parent=651578"}],"wp:term":[{"taxonomy":"category","embeddable":true,"href":"https:\/\/www.europesays.com\/pl\/wp-json\/wp\/v2\/categories?post=651578"},{"taxonomy":"post_tag","embeddable":true,"href":"https:\/\/www.europesays.com\/pl\/wp-json\/wp\/v2\/tags?post=651578"}],"curies":[{"name":"wp","href":"https:\/\/api.w.org\/{rel}","templated":true}]}}