{"id":651646,"date":"2026-08-28T08:32:30","date_gmt":"2026-08-28T08:32:30","guid":{"rendered":"https:\/\/www.europesays.com\/pl\/651646\/"},"modified":"2026-08-28T08:32:30","modified_gmt":"2026-08-28T08:32:30","slug":"255-meczow-w-serie-a-47-wystepow-w-kadrze-slask-wroclaw-dopina-glosny-transfer","status":"publish","type":"post","link":"https:\/\/www.europesays.com\/pl\/651646\/","title":{"rendered":"255 mecz\u00f3w w Serie A, 47 wyst\u0119p\u00f3w w kadrze. \u015al\u0105sk Wroc\u0142aw dopina g\u0142o\u015bny transfer"},"content":{"rendered":"<p class=\"wp-block-paragraph\">A jednak! Karol Linetty jest blisko powrotu do Ekstraklasy. By\u0142y reprezentant Polski prowadzi zaawansowane rozmowy ze \u015al\u0105skiem Wroc\u0142aw, a do zako\u0144czenia ca\u0142ej operacji pozosta\u0142y przede wszystkim testy medyczne i motoryczne. Je\u017celi ich wyniki nie wzbudz\u0105 zastrze\u017ce\u0144, 31-letni pomocnik b\u0119dzie m\u00f3g\u0142 podpisa\u0107 kontrakt z beniaminkiem. O szczeg\u00f3\u0142ach poinformowa\u0142 Piotr Janas, wed\u0142ug kt\u00f3rego strony s\u0105 ju\u017c praktycznie dogadane. Co istotne, zainteresowanie Linettym przesta\u0142o by\u0107 jedynie medialn\u0105 informacj\u0105, poniewa\u017c do sprawy odni\u00f3s\u0142 si\u0119 r\u00f3wnie\u017c trener \u015al\u0105ska Ante \u0160imund\u017ea.<\/p>\n<p class=\"wp-block-paragraph\">\u2013 B\u0119d\u0119 szczery. Rozmawiali\u015bmy na ten temat w klubie i b\u0119d\u0119 bardzo zadowolony, je\u015bli do nas trafi \u2013 przyzna\u0142 s\u0142owe\u0144ski szkoleniowiec. \u015al\u0105sk nie musi negocjowa\u0107 z dotychczasowym pracodawc\u0105 zawodnika ani przygotowywa\u0107 pieni\u0119dzy na odst\u0119pne. Linetty od 22 lipca pozostaje bez klubu po rozwi\u0105zaniu umowy z Kocaelisporem. Jego pobyt w Turcji zako\u0144czy\u0142 si\u0119 znacznie szybciej, ni\u017c pierwotnie zak\u0142adano.<\/p>\n<p class=\"wp-block-paragraph\">Pomocnik trafi\u0142 do Kocaelisporu latem 2025 roku, po wyga\u015bni\u0119ciu kontraktu z Torino. W poprzednim sezonie rozegra\u0142 25 spotka\u0144 w tureckiej ekstraklasie i kolejne trzy w krajowym pucharze. Zanotowa\u0142 trzy asysty, ale z czasem straci\u0142 miejsce w podstawowym sk\u0142adzie. Po zako\u0144czeniu rozgrywek skorzysta\u0142 z zapisu pozwalaj\u0105cego mu przed\u0142u\u017cy\u0107 umow\u0119 o kolejny rok, cho\u0107 klub nie widzia\u0142 go ju\u017c w swoich planach. Linetty nie zosta\u0142 zabrany na ob\u00f3z przygotowawczy i przez pewien czas trenowa\u0142 z zespo\u0142em m\u0142odzie\u017cowym. Kocaelispor chcia\u0142 zwolni\u0107 miejsce dla obcokrajowca oraz odci\u0105\u017cy\u0107 bud\u017cet p\u0142acowy, dlatego rozpocz\u0119to rozmowy o rozwi\u0105zaniu kontraktu. Ostatecznie obie strony osi\u0105gn\u0119\u0142y porozumienie, a Polak odzyska\u0142 mo\u017cliwo\u015b\u0107 zwi\u0105zania si\u0119 z nowym pracodawc\u0105 bez kwoty odst\u0119pnego.<\/p>\n<p>Linetty szuka\u0142 klubu, \u015al\u0105sk Wroc\u0142aw chce skorzysta\u0107<\/p>\n<p class=\"wp-block-paragraph\">Po powrocie do kraju Linetty go\u015bcinnie trenowa\u0142 z Lechem Pozna\u0144. Naturalnie wywo\u0142a\u0142o to spekulacje dotycz\u0105ce ponownego wyst\u0119pu wychowanka przy Bu\u0142garskiej, ale w\u0142adze Kolejorza nie planowa\u0142y oferowa\u0107 mu kontraktu. Treningi mia\u0142y jedynie pom\u00f3c zawodnikowi w podtrzymaniu formy podczas poszukiwania nowego klubu. Z sytuacji chce skorzysta\u0107 \u015al\u0105sk, kt\u00f3ry po pi\u0119ciu kolejkach ma pi\u0119\u0107 punkt\u00f3w. Wroc\u0142awianie rozpocz\u0119li sezon od zwyci\u0119stwa, dw\u00f3ch remis\u00f3w i dw\u00f3ch pora\u017cek, a w ostatnim spotkaniu podzielili si\u0119 punktami z Widzewem \u0141\u00f3d\u017a po efektownym remisie 3:3. Dru\u017cyna potrafi stworzy\u0107 zagro\u017cenie pod bramk\u0105 przeciwnika, ale nadal brakuje jej stabilno\u015bci oraz wi\u0119kszej kontroli w \u015brodkowej cz\u0119\u015bci boiska. Linetty nie jest pomocnikiem, kt\u00f3ry zapewni kilkana\u015bcie goli i asyst w sezonie. Mo\u017ce natomiast da\u0107 \u015al\u0105skowi do\u015bwiadczenie, odpowiedzialno\u015b\u0107 taktyczn\u0105 i intensywno\u015b\u0107 w grze bez pi\u0142ki. Dobrze odnajduje si\u0119 w pressingu, potrafi zabezpiecza\u0107 przestrze\u0144 i mo\u017ce wyst\u0119powa\u0107 na kilku pozycjach w \u015brodku pola. O miejsce w sk\u0142adzie rywalizowa\u0142by mi\u0119dzy innymi z Grzegorzem Tomasiewiczem, Jorge Yriarte oraz Micha\u0142em Mokrzyckim.<\/p>\n<p class=\"wp-block-paragraph\">Za Linettym przemawia przede wszystkim do\u015bwiadczenie z ligi znacznie mocniejszej od Ekstraklasy. W Sampdorii i Torino rozegra\u0142 \u0142\u0105cznie 255 spotka\u0144 w Serie A, zdobywaj\u0105c 14 bramek. W reprezentacji Polski wyst\u0105pi\u0142 47 razy i pi\u0119ciokrotnie trafia\u0142 do siatki. By\u0142 uczestnikiem dw\u00f3ch mistrzostw Europy oraz mundialu w Rosji.<\/p>\n<p class=\"wp-block-paragraph\">Ostatni ligowy mecz w Polsce rozegra\u0142 w maju 2016 roku. Z Lechem zdoby\u0142 mistrzostwo kraju i Superpuchar, a przed wyjazdem do W\u0142och uzbiera\u0142 112 wyst\u0119p\u00f3w we wszystkich rozgrywkach. Po dziesi\u0119ciu latach mo\u017ce ponownie pojawi\u0107 si\u0119 w Ekstraklasie, ale zamiast powrotu do Poznania coraz bardziej prawdopodobne staj\u0105 si\u0119 przenosiny do Wroc\u0142awia.<\/p>\n","protected":false},"excerpt":{"rendered":"A jednak! Karol Linetty jest blisko powrotu do Ekstraklasy. By\u0142y reprezentant Polski prowadzi zaawansowane rozmowy ze \u015al\u0105skiem Wroc\u0142aw,&hellip;\n","protected":false},"author":2,"featured_media":651647,"comment_status":"","ping_status":"","sticky":false,"template":"","format":"standard","meta":{"footnotes":"","_share_on_mastodon":"0"},"categories":[51607],"tags":[84630,42,38,40,39,41,697,1853],"class_list":["post-651646","post","type-post","status-publish","format-standard","has-post-thumbnail","category-wroclaw","tag-karol-linetty","tag-pl","tag-poland","tag-polish","tag-polska","tag-polski","tag-slask-wroclaw","tag-wroclaw"],"share_on_mastodon":{"url":"https:\/\/pubeurope.com\/@pl\/117172210810414605","error":""},"_links":{"self":[{"href":"https:\/\/www.europesays.com\/pl\/wp-json\/wp\/v2\/posts\/651646","targetHints":{"allow":["GET"]}}],"collection":[{"href":"https:\/\/www.europesays.com\/pl\/wp-json\/wp\/v2\/posts"}],"about":[{"href":"https:\/\/www.europesays.com\/pl\/wp-json\/wp\/v2\/types\/post"}],"author":[{"embeddable":true,"href":"https:\/\/www.europesays.com\/pl\/wp-json\/wp\/v2\/users\/2"}],"replies":[{"embeddable":true,"href":"https:\/\/www.europesays.com\/pl\/wp-json\/wp\/v2\/comments?post=651646"}],"version-history":[{"count":0,"href":"https:\/\/www.europesays.com\/pl\/wp-json\/wp\/v2\/posts\/651646\/revisions"}],"wp:featuredmedia":[{"embeddable":true,"href":"https:\/\/www.europesays.com\/pl\/wp-json\/wp\/v2\/media\/651647"}],"wp:attachment":[{"href":"https:\/\/www.europesays.com\/pl\/wp-json\/wp\/v2\/media?parent=651646"}],"wp:term":[{"taxonomy":"category","embeddable":true,"href":"https:\/\/www.europesays.com\/pl\/wp-json\/wp\/v2\/categories?post=651646"},{"taxonomy":"post_tag","embeddable":true,"href":"https:\/\/www.europesays.com\/pl\/wp-json\/wp\/v2\/tags?post=651646"}],"curies":[{"name":"wp","href":"https:\/\/api.w.org\/{rel}","templated":true}]}}