{"id":651744,"date":"2026-08-28T09:44:15","date_gmt":"2026-08-28T09:44:15","guid":{"rendered":"https:\/\/www.europesays.com\/pl\/651744\/"},"modified":"2026-08-28T09:44:15","modified_gmt":"2026-08-28T09:44:15","slug":"maroko-nasila-polityczna-presje-na-sancheza-myli-ustepstwa-ze-slaboscia-w-tle-sojusz-z-trumpem","status":"publish","type":"post","link":"https:\/\/www.europesays.com\/pl\/651744\/","title":{"rendered":"Maroko nasila polityczn\u0105 presj\u0119 na Sancheza. &#8222;Myli ust\u0119pstwa ze s\u0142abo\u015bci\u0105&#8221;. W tle sojusz z Trumpem"},"content":{"rendered":"<p>Na pocz\u0105tku tygodnia, podczas starannie wyre\u017cyserowanej ceremonii religijnej w pa\u0142acu kr\u00f3lewskim w Rabacie, w obecno\u015bci kr\u00f3la Mohammeda VI, maroka\u0144ski minister do spraw islamskich Ahmed Toufiq opisa\u0142 imama z XV w. jako symbol dla Maroka\u0144czyk\u00f3w &#8222;wyzwolenia okupowanych miast&#8221;.<\/p>\n<p>Dla borykaj\u0105cego si\u0119 z trudno\u015bciami socjalistycznego rz\u0105du Sancheza gro\u017ana wzmianka Toufiqa o hiszpa\u0144skich miastach autonomicznych Ceucie i Melilli \u2014 po\u0142o\u017conych na afryka\u0144skim wybrze\u017cu i zamieszka\u0142ych przez oko\u0142o 170 tys. os\u00f3b, g\u0142\u00f3wnie obywateli Hiszpanii \u2014 wpisuj\u0105 si\u0119 w niepokoj\u0105cy schemat coraz bardziej stanowczych \u017c\u0105da\u0144 Rabatu.<\/p>\n<p>Zaledwie w zesz\u0142ym tygodniu hiszpa\u0144skie ministerstwo spraw zagranicznych musia\u0142o odrzuci\u0107 apel maroka\u0144skiego ministra sprawiedliwo\u015bci Abdellatifa Ouahbiego, by Madryt i Rabat podj\u0119\u0142y rozmowy na temat przysz\u0142o\u015bci tych dw\u00f3ch miast, powo\u0142uj\u0105c si\u0119 na historyczne i geograficzne &#8222;prawo&#8221; Maroka do nich.<\/p>\n<p>W obliczu wybor\u00f3w parlamentarnych w nadchodz\u0105cych miesi\u0105cach oraz borykaj\u0105c si\u0119 ju\u017c z lawin\u0105 skandali korupcyjnych w swojej partii, Sanchez desperacko stara si\u0119 unikn\u0105\u0107 konfrontacji z Marokiem \u2014 krajem, z kt\u00f3rym Madryt musi utrzymywa\u0107 dobre stosunki ze wzgl\u0119du na jego kluczowe znaczenie jako partnera w dziedzinie handlu, migracji i walki z handlem narkotykami.<\/p>\n<p>Od pocz\u0105tku kryzysu w Ceucie Sanchez stara\u0142 si\u0119 unika\u0107 obwiniania agent\u00f3w kr\u00f3la Mohammeda, wskazuj\u0105c zamiast tego na sieci przemytnicze i wprowadzaj\u0105ce w b\u0142\u0105d kampanie w mediach spo\u0142eczno\u015bciowych jako przyczyny nap\u0142ywu migrant\u00f3w. Jego minister do spraw migracji, Elma Saiz, nazwa\u0142a nawet Maroko &#8222;niezawodnym partnerem, lojalnym partnerem&#8221;.<\/p>\n<p>Obwinianie Maroka<\/p>\n<p>Jednak ten dyplomatyczny ton w stosunku do Rabatu nie spotyka si\u0119 z dobrym przyj\u0119ciem w\u015br\u00f3d pozosta\u0142ych partii w Hiszpanii. Wielu polityk\u00f3w zarzuca Rabatowi, \u017ce wycofa\u0142 stra\u017c graniczn\u0105 przed fal\u0105 nap\u0142ywu migrant\u00f3w przez granic\u0119.<\/p>\n<p>Alberto Nunez Feijoo, lider konserwatywnej Partii Ludowej (PP), kt\u00f3ry jest obecnie faworytem do zast\u0105pienia Sancheza na stanowisku premiera, stwierdzi\u0142: \u2014 Okazuje si\u0119, \u017ce [Sanchez] zachowuje si\u0119 bardziej jak poddany Maroka ni\u017c premier Hiszpanii.<\/p>\n<p>Nast\u0119pnie podkre\u015bli\u0142, \u017ce Hiszpania nie mo\u017ce poddawa\u0107 si\u0119 &#8222;szanta\u017com i gro\u017abom&#8221; ze strony swojego s\u0105siada po drugiej stronie Morza \u015ar\u00f3dziemnego.<\/p>\n<p>Bezrobocie i beznadzieja, czyli przera\u017caj\u0105ca twarz Maroka. M\u0142odzi ludzie wol\u0105 st\u0105d ucieka\u0107<img class=\"ods-a-photo ods-a-photo--background\" src=\"https:\/\/www.europesays.com\/pl\/wp-content\/uploads\/2026\/08\/1787910254_733_ALHk9lBaHR0cHM6Ly9vY2RuLmV1L3B1bHNjbXMvTURBXy8wMDAwNzcyMWU4ZmE0NTY0ZmUwOGY3MTgxMTc3MWI0OS5qcGeRlQLNA.jpeg\" height=\"300\" width=\"450\" alt=\"Maroko\" loading=\"lazy\" fetchpriority=\"low\" decoding=\"async\"\/><\/p>\n<p>Lider skrajnie prawicowej partii Vox, Santiago Abascal, poszed\u0142 jeszcze dalej, opisuj\u0105c wydarzenia w Ceucie jako &#8222;akt wojny zainicjowany przez Maroko&#8221;.<\/p>\n<p>I nie tylko partie prawicowe obwiniaj\u0105 Maroko. Skrajnie lewicowa partia Podemos u\u017cy\u0142a podobnego j\u0119zyka co Vox, oskar\u017caj\u0105c Rabat o prowadzenie &#8222;wrogiego aktu wojny hybrydowej&#8221;.<\/p>\n<p>Sumar, mniejszy partner w lewicowym rz\u0105dzie Sancheza, z\u0142o\u017cy\u0142 w parlamencie wniosek o cofni\u0119cie Maroku statusu wsp\u00f3\u0142gospodarza Mistrzostw \u015awiata w Pi\u0142ce No\u017cnej w 2030 r., obok Hiszpanii i Portugalii, z powodu jego rzekomej roli w kryzysie w Ceucie.<\/p>\n<p>Czynnik Trumpa<\/p>\n<p>Wielu obserwator\u00f3w w Hiszpanii obawia si\u0119, \u017ce kr\u00f3l Mohammed jest bliskim sojusznikiem strategicznym prezydenta USA Donalda Trumpa, kt\u00f3ry m\u00f3g\u0142by chcie\u0107 pokaza\u0107, \u017ce potrafi by\u0107 przydatny dla Waszyngtonu i Izraela, sprawiaj\u0105c k\u0142opoty Sanchezowi.<\/p>\n<p>Hiszpa\u0144ski premier z pewno\u015bci\u0105 sta\u0142 si\u0119 potencjalnym celem dla ruchu MAGA i izraelskiego rz\u0105du. Sprzeciwi\u0142 si\u0119 Trumpowi w sprawie wojny w Iranie, odmawiaj\u0105c si\u0142om ameryka\u0144skim korzystania z hiszpa\u0144skich baz, a tak\u017ce pot\u0119pi\u0142 dzia\u0142ania Izraela w Strefie Gazy jako &#8222;ludob\u00f3jstwo&#8221;.<\/p>\n<p>Kr\u00f3l Mohammed natomiast dok\u0142ada wszelkich stara\u0144, by pozosta\u0107 w \u0142askach Trumpa, i utrzymuje dobre stosunki z Izraelem. <\/p>\n<p>Kr\u00f3l Maroka do\u0142\u0105czy\u0142 do powo\u0142anej przez prezydenta USA Rady Pokoju do spraw Strefy Gazy, a latem nada\u0142 nawet imi\u0119 Trumpa jednej z g\u0142\u00f3wnych autostrad.<\/p>\n<p>Antonio Maillo, lider partii Zjednoczona Lewica (IU), mniejszo\u015bciowego partnera w koalicji Sancheza, stwierdzi\u0142, \u017ce &#8222;sojusz Stany Zjednoczone\u2013Izrael\u2013Maroko\u2026 ma jeden cel: destabilizacj\u0119 [hiszpa\u0144skiego] rz\u0105du&#8221;.<\/p>\n<p>Samo Maroko zaprzecza istnieniu takich motyw\u00f3w i \u2014 podobnie jak Sanchez \u2014 obwinia za nap\u0142yw migrant\u00f3w dezinformacj\u0119 w internecie.<\/p>\n<p>Dalszy ci\u0105g artyku\u0142u pod materia\u0142em wideo<\/p>\n<p>Riccardo Fabiani, dyrektor projektu ds. Afryki P\u00f3\u0142nocnej w International Crisis Group, uznaje za uzasadnione interpretowanie wydarze\u0144 w Ceucie jako przes\u0142ania Maroka &#8222;skierowanego do Izraela i Stan\u00f3w Zjednoczonych, maj\u0105cego pokaza\u0107 im: \u00bbSp\u00f3jrzcie, zrobili\u015bmy to, co po\u015brednio nam nakazali\u015bcie, upokorzyli\u015bmy Hiszpani\u0119\u00ab&#8221;.<\/p>\n<p>\u2014 Manipulowanie migracj\u0105 to co\u015b, z czego Maroko znane jest ju\u017c z przesz\u0142o\u015bci \u2014 zauwa\u017ca Fabiani.<\/p>\n<p>Dla Hiszpan\u00f3w pomys\u0142, \u017ce Maroko mog\u0142oby wywo\u0142a\u0107 sytuacj\u0119 maj\u0105c\u0105 na celu aneksj\u0119 Ceuty i Melilli, nie jest bynajmniej czyst\u0105 spekulacj\u0105 teoretyczn\u0105. Wielu wci\u0105\u017c pami\u0119ta maroka\u0144ski &#8222;Zielony Marsz&#8221; z 1975 r. \u2014 operacj\u0119, w ramach kt\u00f3rej zmobilizowano dziesi\u0105tki tysi\u0119cy cywil\u00f3w, by zmusi\u0107 Madryt do przekazania terytorium Sahary Hiszpa\u0144skiej.<\/p>\n<p>Napi\u0119te stosunki<\/p>\n<p>Jorge Dezcallar, by\u0142y ambasador Hiszpanii w Maroku i by\u0142y szef hiszpa\u0144skich s\u0142u\u017cb wywiadowczych, ostrzega, \u017ce gotowo\u015b\u0107 Sancheza do ust\u0119pstw wobec Maroka przynosi odwrotny skutek. \u2014 Rabat myli ust\u0119pstwa ze s\u0142abo\u015bci\u0105, a tym bardziej gdy ust\u0119pstwa te s\u0105 ci\u0105g\u0142e \u2014 m\u00f3wi.<\/p>\n<p>Gospodarka Hiszpanii jest dziesi\u0119ciokrotnie wi\u0119ksza od gospodarki Maroka, a ten europejski kraj by\u0142 tam niegdy\u015b mocarstwem kolonialnym. Jednak, jak wskazuje Jacob Mundy, profesor nadzwyczajny studi\u00f3w nad pokojem i konfliktami na Uniwersytecie Colgate, Hiszpania polega na wsp\u00f3\u0142pracy ze swoim s\u0105siadem w wielu obszarach wykraczaj\u0105cych poza migracj\u0119, w tym w operacjach antynarkotykowych i antyterrorystycznych.<\/p>\n<p>\u2014 Hiszpania i Maroko od wiek\u00f3w tocz\u0105 ze sob\u0105 sporadyczne wojny, a mimo to \u0142\u0105cz\u0105 je niezwykle g\u0142\u0119bokie relacje handlowe, bezpiecze\u0144stwa i inne \u2014 zauwa\u017ca.<\/p>\n<p>\u2014 Mo\u017cna by pomy\u015ble\u0107: Hiszpania ma wi\u0119ksz\u0105 gospodark\u0119 i tak dalej, wi\u0119c to ona b\u0119dzie kierowa\u0107 sytuacj\u0105, a jednak Maroko znalaz\u0142o sposoby, by w pewnym stopniu przej\u0105\u0107 przewag\u0119 \u2014 dodaje, podkre\u015blaj\u0105c &#8222;dra\u017cliwo\u015b\u0107&#8221;, z jak\u0105 Madryt cz\u0119sto spotyka si\u0119 w kontaktach z Rabatem.<\/p>\n<p><img class=\"ods-a-photo ods-a-photo--background\" src=\"https:\/\/www.europesays.com\/pl\/wp-content\/uploads\/2026\/08\/J1vk9lBaHR0cHM6Ly9vY2RuLmV1L3B1bHNjbXMvTURBXy9kZGFhZDgwMTA0OTM3ZDg3OTkxMDk4ZjEwZDI1ZTVjMS5qcGeRkwXNB.jpeg\" height=\"627\" width=\"940\" alt=\"Migranci \u017cyj\u0105 w trudnych warunkach na pla\u017cy El Trampolin w Ceucie, 16 sierpnia 2026 r.\" loading=\"lazy\" fetchpriority=\"auto\" decoding=\"auto\" url=\"https:\/\/ocdn.eu\/pulscms\/MDA_\/ddaad80104937d87991098f10d25e5c1.jpg\" description=\"Migranci \u017cyj\u0105 w trudnych warunkach na pla\u017cy El Trampolin w Ceucie, 16 sierpnia 2026 r.\" author=\"Adri Salido\/Getty Images \/ Getty Images\" source=\"\" link=\"\"\/><\/p>\n<p>Adri Salido\/Getty Images \/ Getty Images<\/p>\n<p>Migranci \u017cyj\u0105 w trudnych warunkach na pla\u017cy El Trampolin w Ceucie, 16 sierpnia 2026 r.<\/p>\n<p>Jednym z takich przyk\u0142ad\u00f3w jest rzekome manipulowanie przez Maroko przep\u0142ywami migracyjnymi do Ceuty i Melilli, a tak\u017ce okresowe uniemo\u017cliwianie hiszpa\u0144skim flotom rybackim dost\u0119pu do swoich w\u00f3d.<\/p>\n<p>Postrzeganie Sancheza jako osoby \u0142agodnej wobec Maroka zosta\u0142o podsycone decyzj\u0105 jego rz\u0105du z 2022 r. o zako\u0144czeniu trwaj\u0105cej prawie pi\u0119\u0107 dekad neutralno\u015bci Hiszpanii w sprawie Sahary Zachodniej poprzez poparcie propozycji Rabatu, by terytorium to znalaz\u0142o si\u0119 pod jego kontrol\u0105.<\/p>\n<p>Zosta\u0142o to odebrane jako pr\u00f3ba Madrytu, by raz na zawsze zapewni\u0107 sobie wsp\u00f3\u0142prac\u0119 s\u0105siada w kwestii migracji i zapobiec powt\u00f3rzeniu si\u0119 wydarze\u0144 z maja 2021 r., kiedy to Maroko w ci\u0105gu kilku godzin pozwoli\u0142o oko\u0142o 10 tys. os\u00f3b przedosta\u0107 si\u0119 do Ceuty.<\/p>\n<p>Obecnie Madryt obawia si\u0119, \u017ce zmiana stanowiska w sprawie Sahary Zachodniej sprzed czterech lat mog\u0142a nie przynie\u015b\u0107 po\u017c\u0105danego efektu. Osi\u0105gaj\u0105c post\u0119py w kwestii swoich roszcze\u0144 terytorialnych, Maroko wydaje si\u0119 wr\u0119cz o\u015bmielone do poruszania kwestii Ceuty i Melilli.<\/p>\n<p>\u2014 Z perspektywy Maroka Ceuta i Melilla zawsze by\u0142y kwesti\u0105 otwart\u0105; Maroko zawsze okre\u015bla\u0142o te dwa terytoria jako okupowane \u2014 m\u00f3wi Fabiani, dodaj\u0105c, \u017ce ostatnie uwagi przedstawicieli Stan\u00f3w Zjednoczonych i Izraela poruszaj\u0105ce t\u0119 kwesti\u0119 sprawi\u0142y, \u017ce sta\u0142a si\u0119 ona dla Maroka\u0144czyk\u00f3w &#8222;\u0142atwym \u0142upem&#8221;.<\/p>\n<p>Twierdzi on, \u017ce po podj\u0119ciu tak \u015bmia\u0142ego kroku w celu uspokojenia Maroka w sprawie Sahary Zachodniej Sanchez nie czuje, \u017ce mo\u017ce sobie pozwoli\u0107 na powr\u00f3t do bardziej twardego stanowiska.<\/p>\n<p>Tymczasem przyw\u00f3dcy Maroka wydaj\u0105 si\u0119 uwa\u017cnie \u015bledzi\u0107 krytyk\u0119, z jak\u0105 boryka si\u0119 hiszpa\u0144ski rz\u0105d w zwi\u0105zku z prowadzeniem tych dra\u017cliwych stosunk\u00f3w dwustronnych.<\/p>\n<p>Wydaje si\u0119 r\u00f3wnie\u017c, \u017ce s\u0105 oni zdeterminowani, by zapewni\u0107, i\u017c \u2014 w obliczu wybor\u00f3w parlamentarnych, kt\u00f3re odb\u0119d\u0105 si\u0119 w ci\u0105gu roku \u2014 nast\u0119pny premier Hiszpanii, kt\u00f3rym zgodnie z powszechnymi oczekiwaniami ma zosta\u0107 Feijoo, b\u0119dzie kontynuowa\u0142 dotychczasow\u0105 lini\u0119 dzia\u0142ania obecnego rz\u0105du.<\/p>\n<p>Le360, publikacja postrzegana jako bliska rodzinie kr\u00f3lewskiej, stwierdzi\u0142a, \u017ce &#8222;wsp\u00f3\u0142praca z Marokiem nie jest konkretnym ust\u0119pstwem ze strony Pedro Sancheza, lecz raczej strukturaln\u0105 konieczno\u015bci\u0105 dla ka\u017cdego hiszpa\u0144skiego rz\u0105du, w tym r\u00f3wnie\u017c tego kierowanego przez Feijoo&#8221;.<\/p>\n<p>Jednak bior\u0105c pod uwag\u0119, \u017ce Feijoo ostro krytykuje uleg\u0142o\u015b\u0107 Sancheza wobec Maroka \u2014 a ponadto potencjalnie b\u0119dzie rz\u0105dzi\u0142 w koalicji z twardog\u0142owymi z partii Vox \u2014 za\u0142o\u017cenie Rabatu, \u017ce nast\u0119pny rz\u0105d przyjmie tak dyplomatyczne podej\u015bcie, mo\u017ce okaza\u0107 si\u0119 b\u0142\u0119dem w ocenie sytuacji.<\/p>\n","protected":false},"excerpt":{"rendered":"Na pocz\u0105tku tygodnia, podczas starannie wyre\u017cyserowanej ceremonii religijnej w pa\u0142acu kr\u00f3lewskim w Rabacie, w obecno\u015bci kr\u00f3la Mohammeda VI,&hellip;\n","protected":false},"author":2,"featured_media":651745,"comment_status":"","ping_status":"","sticky":false,"template":"","format":"standard","meta":{"footnotes":"","_share_on_mastodon":"0"},"categories":[14],"tags":[56,61195,32,33,117048,27,267,34,35,21441,28,31,48,25,46,13990,40,1314,41,47,80,29,30,26,82,83,84],"class_list":["post-651744","post","type-post","status-publish","format-standard","has-post-thumbnail","category-swiat","tag-article_premium","tag-bottomfeed_styl","tag-breaking-news","tag-breakingnews","tag-ceuta","tag-headlines","tag-hiszpania","tag-latest-news","tag-latestnews","tag-maroko","tag-naglowki","tag-najwazniejsze-artykuly","tag-nat_styl","tag-news","tag-omp","tag-pedro_sanchez","tag-polish","tag-politico","tag-polski","tag-screening_general","tag-swiat","tag-top-stories","tag-topstories","tag-wiadomosci","tag-world","tag-world-news","tag-worldnews"],"share_on_mastodon":{"url":"https:\/\/pubeurope.com\/@pl\/117172493914078581","error":""},"_links":{"self":[{"href":"https:\/\/www.europesays.com\/pl\/wp-json\/wp\/v2\/posts\/651744","targetHints":{"allow":["GET"]}}],"collection":[{"href":"https:\/\/www.europesays.com\/pl\/wp-json\/wp\/v2\/posts"}],"about":[{"href":"https:\/\/www.europesays.com\/pl\/wp-json\/wp\/v2\/types\/post"}],"author":[{"embeddable":true,"href":"https:\/\/www.europesays.com\/pl\/wp-json\/wp\/v2\/users\/2"}],"replies":[{"embeddable":true,"href":"https:\/\/www.europesays.com\/pl\/wp-json\/wp\/v2\/comments?post=651744"}],"version-history":[{"count":0,"href":"https:\/\/www.europesays.com\/pl\/wp-json\/wp\/v2\/posts\/651744\/revisions"}],"wp:featuredmedia":[{"embeddable":true,"href":"https:\/\/www.europesays.com\/pl\/wp-json\/wp\/v2\/media\/651745"}],"wp:attachment":[{"href":"https:\/\/www.europesays.com\/pl\/wp-json\/wp\/v2\/media?parent=651744"}],"wp:term":[{"taxonomy":"category","embeddable":true,"href":"https:\/\/www.europesays.com\/pl\/wp-json\/wp\/v2\/categories?post=651744"},{"taxonomy":"post_tag","embeddable":true,"href":"https:\/\/www.europesays.com\/pl\/wp-json\/wp\/v2\/tags?post=651744"}],"curies":[{"name":"wp","href":"https:\/\/api.w.org\/{rel}","templated":true}]}}