{"id":651806,"date":"2026-08-28T10:31:30","date_gmt":"2026-08-28T10:31:30","guid":{"rendered":"https:\/\/www.europesays.com\/pl\/651806\/"},"modified":"2026-08-28T10:31:30","modified_gmt":"2026-08-28T10:31:30","slug":"dk7-wybor-projektanta-drog-lokalnych-wzdluz-zakopianki-odcinek-krakow-glogoczow","status":"publish","type":"post","link":"https:\/\/www.europesays.com\/pl\/651806\/","title":{"rendered":"DK7 wyb\u00f3r projektanta dr\u00f3g lokalnych wzd\u0142u\u017c zakopianki odcinek Krak\u00f3w &#8211; G\u0142ogocz\u00f3w"},"content":{"rendered":"\n<p style=\"text-align: justify;\">Planowana inwestycja nie tylko roz\u0142aduje ruch na istniej\u0105cej zakopiance, ale przede wszystkim usprawni komunikacj\u0119 lokaln\u0105 pomi\u0119dzy miejscowo\u015bciami po\u0142o\u017conymi wzd\u0142u\u017c tej krajowej drogi. Dwie nowe drogi lokalne, biegn\u0105ce r\u00f3wnolegle do DK7, maj\u0105 przej\u0105\u0107 cz\u0119\u015b\u0107 lokalnego ruchu, co z kolei pozwoli zmniejszy\u0107 przeci\u0105\u017cenie zakopianki i poprawi bezpiecze\u0144stwo na trasie. Inicjatywa ta skierowana jest zar\u00f3wno do mieszka\u0144c\u00f3w, kt\u00f3rzy b\u0119d\u0105 mogli korzysta\u0107 z nowej infrastruktury na kr\u00f3tszych dystansach, jak i stanowi strategiczne posuni\u0119cie w zarz\u0105dzaniu ruchem turystycznym i tranzytowym.<\/p>\n<p style=\"text-align: justify;\">Konieczno\u015b\u0107 budowy dodatkowych jezdni wzd\u0142u\u017c zakopianki to r\u00f3wnie\u017c okazja do wprowadzenia zmian w istniej\u0105cej infrastrukturze. Na rozwa\u017canym odcinku drogi, mi\u0119dzy Krakowem a G\u0142ogoczowem, planowane jest zlikwidowanie trzech lewoskr\u0119t\u00f3w, co przyczyni si\u0119 do poprawy p\u0142ynno\u015bci ruchu i bezpiecze\u0144stwa na trasie. Planowane zmiany obejmuj\u0105 ul. Spadzist\u0105 w Gaju oraz Mogilany, w pobli\u017cu przystanku W\u0142osa\u0144 i na wysoko\u015bci stacji paliw. Prace budowlane zaplanowano na lata 2031-2032.<\/p>\n<p><img loading=\"lazy\" decoding=\"async\" src=\"https:\/\/www.europesays.com\/pl\/wp-content\/uploads\/2026\/08\/001_20250909_105618m.png\" width=\"1000\" height=\"750\"\/><\/p>\n<p style=\"text-align: justify;\">Modernizacja zakopianki to proces ci\u0105g\u0142y &#8211; informuje\u00a0Kacper Michna, starszy specjalista pionu dyrektora oddzia\u0142u, zesp\u00f3\u0142 ds. komunikacji. W 2024 r. zako\u0144czyli\u015bmy prace przy w\u0119\u017ale drogowym w Gaju oraz k\u0142adkach w Mogilanach i G\u0142ogoczowie. W kolejnych miesi\u0105cach oddali\u015bmy do u\u017cytku w\u0119ze\u0142 w Krzyszkowicach i My\u015blenicach, co znacznie poprawi\u0142o przepustowo\u015b\u0107 na tych odcinkach. Obecnie trwaj\u0105 prace przy rozbudowie uk\u0142adu drogowego w Libertowie, a w planach jest r\u00f3wnie\u017c budowa w\u0119z\u0142a w Jaworniku. Wizja kolejnych usprawnie\u0144 w G\u0142ogoczowie to dow\u00f3d na to, \u017ce modernizacja zakopianki jest traktowana priorytetowo i pozostaje jednym z g\u0142\u00f3wnych zada\u0144 w planach rozwoju infrastruktury drogowej w regionie.<\/p>\n<p>foto: Krzysztof Nalewajko\/GDDKiA w Krakowie<\/p>\n","protected":false},"excerpt":{"rendered":"Planowana inwestycja nie tylko roz\u0142aduje ruch na istniej\u0105cej zakopiance, ale przede wszystkim usprawni komunikacj\u0119 lokaln\u0105 pomi\u0119dzy miejscowo\u015bciami po\u0142o\u017conymi&hellip;\n","protected":false},"author":2,"featured_media":651807,"comment_status":"","ping_status":"","sticky":false,"template":"","format":"standard","meta":{"footnotes":"","_share_on_mastodon":"0"},"categories":[51606],"tags":[127416,127417,127415,1304,127414,2160,42,38,40,39,41,69384,9507],"class_list":["post-651806","post","type-post","status-publish","format-standard","has-post-thumbnail","category-krakow","tag-dk7","tag-glogoczew","tag-goczalkowice","tag-krakow","tag-modernizacja-zakopianki","tag-myslenice","tag-pl","tag-poland","tag-polish","tag-polska","tag-polski","tag-suski-dlawas-info","tag-zakopianka"],"share_on_mastodon":{"url":"https:\/\/pubeurope.com\/@pl\/117172679707222618","error":""},"_links":{"self":[{"href":"https:\/\/www.europesays.com\/pl\/wp-json\/wp\/v2\/posts\/651806","targetHints":{"allow":["GET"]}}],"collection":[{"href":"https:\/\/www.europesays.com\/pl\/wp-json\/wp\/v2\/posts"}],"about":[{"href":"https:\/\/www.europesays.com\/pl\/wp-json\/wp\/v2\/types\/post"}],"author":[{"embeddable":true,"href":"https:\/\/www.europesays.com\/pl\/wp-json\/wp\/v2\/users\/2"}],"replies":[{"embeddable":true,"href":"https:\/\/www.europesays.com\/pl\/wp-json\/wp\/v2\/comments?post=651806"}],"version-history":[{"count":0,"href":"https:\/\/www.europesays.com\/pl\/wp-json\/wp\/v2\/posts\/651806\/revisions"}],"wp:featuredmedia":[{"embeddable":true,"href":"https:\/\/www.europesays.com\/pl\/wp-json\/wp\/v2\/media\/651807"}],"wp:attachment":[{"href":"https:\/\/www.europesays.com\/pl\/wp-json\/wp\/v2\/media?parent=651806"}],"wp:term":[{"taxonomy":"category","embeddable":true,"href":"https:\/\/www.europesays.com\/pl\/wp-json\/wp\/v2\/categories?post=651806"},{"taxonomy":"post_tag","embeddable":true,"href":"https:\/\/www.europesays.com\/pl\/wp-json\/wp\/v2\/tags?post=651806"}],"curies":[{"name":"wp","href":"https:\/\/api.w.org\/{rel}","templated":true}]}}