{"id":651954,"date":"2026-08-28T12:14:09","date_gmt":"2026-08-28T12:14:09","guid":{"rendered":"https:\/\/www.europesays.com\/pl\/651954\/"},"modified":"2026-08-28T12:14:09","modified_gmt":"2026-08-28T12:14:09","slug":"nowy-sklep-dino-na-ukonczeniu-ma-juz-panele-i-trwaja-prace-wewnatrz-obiektu","status":"publish","type":"post","link":"https:\/\/www.europesays.com\/pl\/651954\/","title":{"rendered":"Nowy sklep Dino na uko\u0144czeniu: ma ju\u017c panele i trwaj\u0105 prace wewn\u0105trz obiektu"},"content":{"rendered":"<p>Na zewn\u0105trz brakuje tylko jeszcze pylonu reklamowego, oznacze\u0144 i posiania trawy. Praca przenios\u0142a si\u0119 do wn\u0119trza budynku.\u00a0<\/p>\n<p>Jak dwie krople wody<\/p>\n<p>Budowa sklep\u00f3w sieci Dino wyr\u00f3\u017cnia si\u0119 wysokim stopniem standaryzacji &#8211; dyskont podobny jest do innych dyskont\u00f3w, cho\u0107by tego w Cedyni, Moryniu, czy Chojnie. Wszystkie nowe obiekty wznoszone s\u0105 wed\u0142ug bardzo zbli\u017conego, sprawnego schematu budowlanego i technologicznego, co pozwala na szybkiego monta\u017c instalacji oraz wyposa\u017cenia. Tak te\u017c jest z budow\u0105 sklepu w Osinowie Dolnym. Teraz prace przenios\u0142y si\u0119 do wn\u0119trza budynku.<\/p>\n<p id=\"p-rc_527652c4e39d7c01-35\">Wyposa\u017cenie instalowane podczas budowy nowego sklepu Dino w Osinowie Dolnym obejmuje kilka kluczowych obszar\u00f3w:<\/p>\n<p>1. Wyposa\u017cenie handlowe i meble<\/p>\n<p id=\"p-rc_527652c4e39d7c01-36\">Tradycyjna lada mi\u0119sna (Agro-Rydzyna): Jedna z cech charakterystycznych Dino. Sklep montuje specjaln\u0105 lad\u0119 ch\u0142odnicz\u0105 (obs\u0142ugiwan\u0105 przez personel), zintegrowan\u0105 z wagami oraz zapleczem do krojenia i pakowania \u015bwie\u017cego mi\u0119sa oraz w\u0119dlin.<\/p>\n<p id=\"p-rc_527652c4e39d7c01-37\">Rega\u0142y ch\u0142odnicze zamkni\u0119te: Nowoczesne szafy i ci\u0105gi ch\u0142odnicze na dr\u00f3b, nabia\u0142 i garma\u017ceri\u0119, standardowo wyposa\u017cane w przeszklenia z drzwiami (co ogranicza zu\u017cycie energii).<\/p>\n<p id=\"p-rc_527652c4e39d7c01-38\">Mro\u017anie (szafy i tzw. wyspy mro\u017anicze): Ustawiane w centralnej cz\u0119\u015bci sklepu lub przy \u015bcianach do sprzeda\u017cy mro\u017conek.<\/p>\n<p id=\"p-rc_527652c4e39d7c01-39\">Rega\u0142y sklepowe przy\u015bcienne i gondole: Standardowe meble metalowe o jednolitej kolorystyce z regulowan\u0105 wysoko\u015bci\u0105 p\u00f3\u0142ek.<\/p>\n<p id=\"p-rc_527652c4e39d7c01-40\">Strefa wypieku chleba: Piece do odpieku pieczywa z ci\u0105giem technologicznym na zapleczu oraz rega\u0142y ekspozycyjne ze stref\u0105 samoobs\u0142ugow\u0105 dla klient\u00f3w.<\/p>\n<p>2. Technologia i infrastruktura budynkowa (OZE i HVAC)<\/p>\n<p id=\"p-rc_527652c4e39d7c01-41\">Instalacja fotowoltaiczna (OZE): Standardowy element niemal ka\u017cdego nowego obiektu. Na dachu montowana jest mikroinstalacja fotowoltaiczna (zazwyczaj o mocy 35\u201350 kWp lub wy\u017cszej, niekiedy \u0142\u0105czona z magazynami energii), kt\u00f3ra zaspokaja znaczny procent zapotrzebowania na pr\u0105d (g\u0142\u00f3wnie dla ch\u0142odnictwa).<\/p>\n<p id=\"p-rc_527652c4e39d7c01-42\">Systemy ch\u0142odnicze z odzyskiem ciep\u0142a: Przemys\u0142owe agregaty ch\u0142odnicze (cz\u0119sto wykorzystuj\u0105ce ekologiczny czynnik $CO_2$). Ciep\u0142o odpadowe z agregat\u00f3w jest wykorzystywane do ogrzewania wody lub wn\u0119trza sklepu.<\/p>\n<p id=\"p-rc_527652c4e39d7c01-43\">Pompy ciep\u0142a i klimatyzacja (HVAC): Zapewnienie stabilnej temperatury w hali sprzeda\u017cy oraz na zapleczu.<\/p>\n<p id=\"p-rc_527652c4e39d7c01-44\">O\u015bwietlenie LED: Zewn\u0119trzne (parkingowe) oraz wewn\u0119trzne systemy energooszcz\u0119dnego o\u015bwietlenia.<\/p>\n<p>3. Strefa kas i IT4. Zagospodarowanie terenu i parking<\/p>\n<p id=\"p-rc_527652c4e39d7c01-46\">W\u0142asne utwardzone parkingi: Przy ka\u017cdym standardowym wolnostoj\u0105cym obiekcie powstaje parking na kilkana\u015bcie do kilkudziesi\u0119ciu miejsc postojowych.<\/p>\n<p id=\"p-rc_527652c4e39d7c01-47\">Stacje \u0142adowania pojazd\u00f3w elektrycznych: W nowszych projektach coraz cz\u0119\u015bciej uwzgl\u0119dniana jest infrastruktura pod instalacj\u0119 \u0142adowarek EV przy sklepach.<\/p>\n<p id=\"p-rc_527652c4e39d7c01-48\">Pylon reklamowy i oznaczenia: Montowany przy wje\u017adzie na dzia\u0142k\u0119 charakterystyczny stoj\u0105cy pylon z logo oraz pod\u015bwietlane szyldy na elewacji.<\/p>\n","protected":false},"excerpt":{"rendered":"Na zewn\u0105trz brakuje tylko jeszcze pylonu reklamowego, oznacze\u0144 i posiania trawy. Praca przenios\u0142a si\u0119 do wn\u0119trza budynku.\u00a0 Jak&hellip;\n","protected":false},"author":2,"featured_media":651955,"comment_status":"","ping_status":"","sticky":false,"template":"","format":"standard","meta":{"footnotes":"","_share_on_mastodon":"0"},"categories":[52249],"tags":[857,41997,42,38,40,39,41],"class_list":["post-651954","post","type-post","status-publish","format-standard","has-post-thumbnail","category-dino-polska","tag-dino","tag-dino-polska","tag-pl","tag-poland","tag-polish","tag-polska","tag-polski"],"share_on_mastodon":{"url":"https:\/\/pubeurope.com\/@pl\/117173083380771359","error":""},"_links":{"self":[{"href":"https:\/\/www.europesays.com\/pl\/wp-json\/wp\/v2\/posts\/651954","targetHints":{"allow":["GET"]}}],"collection":[{"href":"https:\/\/www.europesays.com\/pl\/wp-json\/wp\/v2\/posts"}],"about":[{"href":"https:\/\/www.europesays.com\/pl\/wp-json\/wp\/v2\/types\/post"}],"author":[{"embeddable":true,"href":"https:\/\/www.europesays.com\/pl\/wp-json\/wp\/v2\/users\/2"}],"replies":[{"embeddable":true,"href":"https:\/\/www.europesays.com\/pl\/wp-json\/wp\/v2\/comments?post=651954"}],"version-history":[{"count":0,"href":"https:\/\/www.europesays.com\/pl\/wp-json\/wp\/v2\/posts\/651954\/revisions"}],"wp:featuredmedia":[{"embeddable":true,"href":"https:\/\/www.europesays.com\/pl\/wp-json\/wp\/v2\/media\/651955"}],"wp:attachment":[{"href":"https:\/\/www.europesays.com\/pl\/wp-json\/wp\/v2\/media?parent=651954"}],"wp:term":[{"taxonomy":"category","embeddable":true,"href":"https:\/\/www.europesays.com\/pl\/wp-json\/wp\/v2\/categories?post=651954"},{"taxonomy":"post_tag","embeddable":true,"href":"https:\/\/www.europesays.com\/pl\/wp-json\/wp\/v2\/tags?post=651954"}],"curies":[{"name":"wp","href":"https:\/\/api.w.org\/{rel}","templated":true}]}}