{"id":651966,"date":"2026-08-28T12:21:18","date_gmt":"2026-08-28T12:21:18","guid":{"rendered":"https:\/\/www.europesays.com\/pl\/651966\/"},"modified":"2026-08-28T12:21:18","modified_gmt":"2026-08-28T12:21:18","slug":"pierwszy-punkt-pomoc-gotowy-w-lublinie-mieszkancy-zobacza-go-29-sierpnia-lublin112-wiadomosci-z-lublina-i-regionu-wazne-informacje-z-kraju","status":"publish","type":"post","link":"https:\/\/www.europesays.com\/pl\/651966\/","title":{"rendered":"Pierwszy punkt POMOC gotowy w Lublinie. Mieszka\u0144cy zobacz\u0105 go 29 sierpnia : Lublin112 \u2013 Wiadomo\u015bci z Lublina i regionu. Wa\u017cne informacje z kraju"},"content":{"rendered":"<p>                                    Wsparcie podczas sytuacji kryzysowych<\/p>\n<p>Punkt Organizacji Miejskiej Odporno\u015bci Cywilnej, dzia\u0142aj\u0105cy pod nazw\u0105 POMOC, jest gotowy do uruchomienia w przypadku kl\u0119ski \u017cywio\u0142owej, d\u0142ugotrwa\u0142ej przerwy w dostawie pr\u0105du lub powa\u017cnej awarii systemowej. Przygotowana przestrze\u0144 ma zapewni\u0107 mieszka\u0144com podstawowe wsparcie do czasu opanowania zagro\u017cenia.<\/p>\n<p>Punkt b\u0119dzie m\u00f3g\u0142 zosta\u0107 uruchomiony w ci\u0105gu maksymalnie trzech godzin. W razie potrzeby ma funkcjonowa\u0107 ca\u0142odobowo.<\/p>\n<p>\u2014 Uruchomienie pierwszego Punktu Organizacji Miejskiej Odporno\u015bci Cywilnej w szkole to wa\u017cny krok w budowaniu bezpiecze\u0144stwa i odporno\u015bci Lublina. Chcemy by\u0107 przygotowani na sytuacje, w kt\u00f3rych mieszka\u0144cy mog\u0105 potrzebowa\u0107 podstawowego wsparcia, dost\u0119pu do energii, informacji czy pomocy psychologicznej. Projektujemy Punkty tak, aby mog\u0142y by\u0107 uruchamiane szybko \u2013 nawet do trzech godzin. POMOC to konkretne rozwi\u0105zanie, kt\u00f3re \u0142\u0105czy przygotowanie infrastruktury z organizacj\u0105 realnej pomocy dostosowanej do r\u00f3\u017cnego rodzaju zagro\u017cenia zar\u00f3wno w czasie pokoju, jak i w sytuacjach kryzysowych \u2014 m\u00f3wi Krzysztof \u017buk, prezydent Lublina.<\/p>\n<p>Siedem przestrzeni dla mieszka\u0144c\u00f3w<\/p>\n<p>POMOC w Zespole Szk\u00f3\u0142 nr 13 b\u0119dzie sk\u0142ada\u0107 si\u0119 z siedmiu segment\u00f3w. W punkcie znajd\u0105 si\u0119 poczekalnia, sala dla dzieci, pok\u00f3j psychologa, przestrze\u0144 multimedialno-internetowa, pok\u00f3j Miejskiego O\u015brodka Pomocy Rodzinie, sala \u0142adowania telefon\u00f3w oraz miejsce przeznaczone do kr\u00f3tkotrwa\u0142ego odpoczynku.<\/p>\n<p>Stacjonarne punkty maj\u0105 by\u0107 przygotowane do zasilania z agregat\u00f3w pr\u0105dotw\u00f3rczych. Pozwoli to mieszka\u0144com na\u0142adowa\u0107 telefony, skorzysta\u0107 z podstawowych urz\u0105dze\u0144 elektrycznych, przygotowa\u0107 ciep\u0142y nap\u00f3j lub ogrza\u0107 si\u0119 podczas d\u0142ugotrwa\u0142ej awarii energetycznej.<\/p>\n<p>Za uruchamianie punkt\u00f3w i koordynacj\u0119 ich pracy odpowiada\u0107 b\u0119dzie Wydzia\u0142 Bezpiecze\u0144stwa Mieszka\u0144c\u00f3w i Zarz\u0105dzania Kryzysowego Urz\u0119du Miasta Lublin. W dzia\u0142ania zaanga\u017cuj\u0105 si\u0119 r\u00f3wnie\u017c Centrum Interwencji Kryzysowej, Miejski O\u015brodek Pomocy Rodzinie, Stra\u017c Miejska oraz s\u0142u\u017cby mundurowe.<\/p>\n<p>Bezp\u0142atne spotkanie ze s\u0142u\u017cbami i ekspertami<\/p>\n<p>Pierwszy lubelski punkt POMOC zostanie zaprezentowany mieszka\u0144com w sobot\u0119, 29 sierpnia. W godzinach od 10.00 do 15.00 w Zespole Szk\u00f3\u0142 nr 13 przy ul. Berylowej 7 odb\u0119dzie si\u0119 spotkanie organizowane w ramach Krajowego Treningu Reagowania.<\/p>\n<p>Mieszkanki i mieszka\u0144cy b\u0119d\u0105 mogli porozmawia\u0107 ze s\u0142u\u017cbami mundurowymi oraz ekspertami zajmuj\u0105cymi si\u0119 bezpiecze\u0144stwem. Uczestnicy poznaj\u0105 zasady post\u0119powania po us\u0142yszeniu sygna\u0142\u00f3w alarmowych, dowiedz\u0105 si\u0119, co powinno znale\u017a\u0107 si\u0119 w plecaku ewakuacyjnym, a tak\u017ce zobacz\u0105, jak w praktyce funkcjonuje Punkt Organizacji Miejskiej Odporno\u015bci Cywilnej. Udzia\u0142 w wydarzeniu jest bezp\u0142atny.<\/p>\n<p>Docelowo 27 punkt\u00f3w w Lublinie<\/p>\n<p>Miejskie punkty odporno\u015bci cywilnej maj\u0105 zosta\u0107 zorganizowane w 27 budynkach na terenie Lublina, przede wszystkim w szko\u0142ach. W zale\u017cno\u015bci od rodzaju i skali zagro\u017cenia mo\u017cliwe b\u0119dzie r\u00f3wnie\u017c tworzenie punkt\u00f3w polowych, mi\u0119dzy innymi w namiotach lub autobusach.<\/p>\n<p>Dokumentacj\u0119 techniczn\u0105 przygotowano dotychczas dla dziesi\u0119ciu plac\u00f3wek: szk\u00f3\u0142 podstawowych nr 3, 23, 30, 39, 48, 52 i 58, Zespo\u0142\u00f3w Szk\u00f3\u0142 nr 1 i 12 oraz VI Liceum Og\u00f3lnokszta\u0142c\u0105cego.<\/p>\n<p>Miasto ma ju\u017c wyposa\u017cenie umo\u017cliwiaj\u0105ce dora\u017ane uruchomienie dw\u00f3ch punkt\u00f3w stacjonarnych i jednego polowego. Do ko\u0144ca 2026 roku planowany jest zakup dziesi\u0119ciu agregat\u00f3w oraz wykonanie przy\u0142\u0105czy energetycznych w pierwszych dziesi\u0119ciu szko\u0142ach. Kolejne przy\u0142\u0105cza maj\u0105 powsta\u0107 w latach 2027\u20132028.<\/p>\n<p>Ponad 43 mln z\u0142 na ochron\u0119 ludno\u015bci<\/p>\n<p>W latach 2025\u20132026 Lublin pozyska\u0142 ponad 43 mln z\u0142 z Programu Ochrony Ludno\u015bci i Obrony Cywilnej. Za te \u015brodki kupiono mi\u0119dzy innymi agregaty pr\u0105dotw\u00f3rcze, koparki, beczkowozy, mobiln\u0105 stacj\u0119 oleju nap\u0119dowego, kamizelki kuloodporne i no\u017coodporne, maski ochronne, kombinezony oraz apteczki.<\/p>\n<p>Na przygotowanie punkt\u00f3w POMOC przeznaczono r\u00f3wnie\u017c 1 mln z\u0142 dotacji celowej z bud\u017cetu pa\u0144stwa, przekazanej przez wojewod\u0119 lubelskiego. Kwota przypadaj\u0105ca na jeden punkt wynosi 100 tys. z\u0142.<\/p>\n<p>Cz\u0119\u015b\u0107 \u015brodk\u00f3w wykorzystano tak\u017ce na modernizacj\u0119 schronu przy ul. Grygowej. Obiekt otrzyma\u0142 hermetyczne drzwi schronowe, odnowion\u0105 instalacj\u0119 elektryczn\u0105 i wentylacyjn\u0105 oraz urz\u0105dzenia filtrowentylacyjne. Prace kosztowa\u0142y ponad 965 tys. z\u0142. Schron ma 400 m kw. powierzchni i mo\u017ce pomie\u015bci\u0107 oko\u0142o 200 os\u00f3b. Miasto przygotowuje r\u00f3wnie\u017c remont budowli ochronnej w budynku Domu Pomocy Spo\u0142ecznej przy ul. G\u0142owackiego.<\/p>\n<p>\u0179r\u00f3d\u0142o: UM Lublin<\/p>\n<p>\n                                    <a href=\"https:\/\/www.google.com\/preferences\/source?q=lublin112.pl\" target=\"_blank\" rel=\"noopener noreferrer nofollow\" onclick=\"if (!window.__cfRLUnblockHandlers) return false; gtag(&#039;event&#039;, &#039;google_preferred_source_click&#039;, {&#010;                                           &#039;link_url&#039;: this.href,&#010;                                           &#039;link_text&#039;: &#039;Ustaw lublin112.pl jako preferowane \u017ar\u00f3d\u0142o&#039;&#010;                                       });\" style=\"text-align:center;display:block;\" data-cf-modified-2d50be832305cb0c29fda591-=\"\"><br \/>\n                                        <img decoding=\"async\" src=\"https:\/\/www.europesays.com\/pl\/wp-content\/uploads\/2026\/08\/1787919678_975_lublin112-google-source.webp\" alt=\"Ustaw lublin112.pl jako preferowane \u017ar\u00f3d\u0142o w Google\" style=\"max-width: 70%;\"\/><br \/>\n                                    <\/a><br \/>\n                                    <\/p>\n","protected":false},"excerpt":{"rendered":"Wsparcie podczas sytuacji kryzysowych Punkt Organizacji Miejskiej Odporno\u015bci Cywilnej, dzia\u0142aj\u0105cy pod nazw\u0105 POMOC, jest gotowy do uruchomienia w&hellip;\n","protected":false},"author":2,"featured_media":651967,"comment_status":"","ping_status":"","sticky":false,"template":"","format":"standard","meta":{"footnotes":"","_share_on_mastodon":"0"},"categories":[51612],"tags":[98435,121441,1081,45317,38282,42,38,40,39,41,7623,127435,127436],"class_list":["post-651966","post","type-post","status-publish","format-standard","has-post-thumbnail","category-lublin","tag-bezpieczenstwo-mieszkancow","tag-krajowy-trening-reagowania","tag-lublin","tag-obrona-cywilna","tag-ochrona-ludnosci","tag-pl","tag-poland","tag-polish","tag-polska","tag-polski","tag-pomoc","tag-sytuacje-kryzysowe","tag-zespol-szkol-nr-13"],"share_on_mastodon":{"url":"","error":""},"_links":{"self":[{"href":"https:\/\/www.europesays.com\/pl\/wp-json\/wp\/v2\/posts\/651966","targetHints":{"allow":["GET"]}}],"collection":[{"href":"https:\/\/www.europesays.com\/pl\/wp-json\/wp\/v2\/posts"}],"about":[{"href":"https:\/\/www.europesays.com\/pl\/wp-json\/wp\/v2\/types\/post"}],"author":[{"embeddable":true,"href":"https:\/\/www.europesays.com\/pl\/wp-json\/wp\/v2\/users\/2"}],"replies":[{"embeddable":true,"href":"https:\/\/www.europesays.com\/pl\/wp-json\/wp\/v2\/comments?post=651966"}],"version-history":[{"count":0,"href":"https:\/\/www.europesays.com\/pl\/wp-json\/wp\/v2\/posts\/651966\/revisions"}],"wp:featuredmedia":[{"embeddable":true,"href":"https:\/\/www.europesays.com\/pl\/wp-json\/wp\/v2\/media\/651967"}],"wp:attachment":[{"href":"https:\/\/www.europesays.com\/pl\/wp-json\/wp\/v2\/media?parent=651966"}],"wp:term":[{"taxonomy":"category","embeddable":true,"href":"https:\/\/www.europesays.com\/pl\/wp-json\/wp\/v2\/categories?post=651966"},{"taxonomy":"post_tag","embeddable":true,"href":"https:\/\/www.europesays.com\/pl\/wp-json\/wp\/v2\/tags?post=651966"}],"curies":[{"name":"wp","href":"https:\/\/api.w.org\/{rel}","templated":true}]}}