{"id":652002,"date":"2026-08-28T12:40:14","date_gmt":"2026-08-28T12:40:14","guid":{"rendered":"https:\/\/www.europesays.com\/pl\/652002\/"},"modified":"2026-08-28T12:40:14","modified_gmt":"2026-08-28T12:40:14","slug":"beda-dodatkowe-miliardy-na-ochrone-zdrowia-tusk-zeby-nie-zostaly-przezarte","status":"publish","type":"post","link":"https:\/\/www.europesays.com\/pl\/652002\/","title":{"rendered":"B\u0119d\u0105 dodatkowe miliardy na ochron\u0119 zdrowia. Tusk: \u201e\u017beby nie zosta\u0142y prze\u017carte\u201d"},"content":{"rendered":"<p>Ile pieni\u0119dzy zaplanowano na ochron\u0119 zdrowia w bud\u017cecie na 2027 roku.<\/p>\n<p>Jak\u0105 dotacj\u0119 ma otrzyma\u0107 Narodowy Fundusz Zdrowia.<\/p>\n<p>Jak rz\u0105d chce ograniczy\u0107 marnowanie pieni\u0119dzy w ochronie zdrowia.<\/p>\n<p>    <a name=\"eztoc42688190_0_5\" id=\"eztoc42688190_0_5\"\/>Wi\u0119ksze nak\u0142ady na ochron\u0119 zdrowia w 2027 roku<\/p>\n<p>\n<a href=\"https:\/\/wiadomosci.radiozet.pl\/biznes\/budzet-na-2027-rok-przyjety-domanski-ujawnia-kluczowe-liczby\" target=\"_blank\" rel=\"dofollow noopener\">Rz\u0105d przyj\u0105\u0142 projekt bud\u017cetu na 2027 rok<\/a>. Jak poinformowa\u0142 minister finans\u00f3w Andrzej Doma\u0144ski, \u0142\u0105czne nak\u0142ady na ochron\u0119 zdrowia maj\u0105 wynie\u015b\u0107 274 mld z\u0142 &#8211; o ponad 26 mld z\u0142 wi\u0119cej ni\u017c zaplanowano na 2026 rok, kiedy kwota ta wynosi\u0142a 247,8 mld z\u0142.<\/p>\n<p>Na przysz\u0142oroczne finansowanie z\u0142o\u017c\u0105 si\u0119 m.in. wp\u0142ywy ze sk\u0142adki zdrowotnej oraz 73 mld z\u0142 z bud\u017cetu pa\u0144stwa. Z tej bud\u017cetowej puli 41,5 mld z\u0142 ma trafi\u0107 do NFZ w formie dotacji. Obie kwoty s\u0105 ju\u017c uwzgl\u0119dnione w \u0142\u0105cznych nak\u0142adach wynosz\u0105cych 274 mld z\u0142.<\/p>\n<p>\t\t\t\t                                    \t<a name=\"eztoc42688190_0_6\" id=\"eztoc42688190_0_6\"\/>Tusk: \u017ceby pieni\u0105dze s\u0142u\u017cy\u0142y pacjentowi, a nie zosta\u0142y \u201eprze\u017carte\u201d<\/p>\n<p>Jeszcze przed rozpocz\u0119ciem pi\u0105tkowego posiedzenia Rady Ministr\u00f3w Donald Tusk zapowiedzia\u0142, \u017ce ochrona zdrowia b\u0119dzie jednym z priorytet\u00f3w przysz\u0142orocznego bud\u017cetu. Zastrzeg\u0142 jednak, \u017ce wi\u0119kszemu finansowaniu musz\u0105 towarzyszy\u0107 dzia\u0142ania zapobiegaj\u0105ce marnowaniu pieni\u0119dzy.<\/p>\n<p>&#8211; Pracujemy nad tym, \u017ceby te wyra\u017anie wi\u0119ksze pieni\u0105dze na zdrowie nie zosta\u0142y zmarnowane w \u017caden spos\u00f3b i dlatego tak pieczo\u0142owicie pilnujemy pracy nad t\u0105 ustaw\u0105, \u017ceby te pieni\u0105dze nie zosta\u0142y \u201eprze\u017carte\u201d &#8211; u\u017cyj\u0119 brzydkiego kolokwializmu &#8211; tylko, \u017ceby s\u0142u\u017cy\u0142y rzeczywi\u015bcie pacjentowi i poprawie sytuacji w ochronie zdrowia &#8211; powiedzia\u0142 premier.<\/p>\n<p>Ju\u017c tydzie\u0144 wcze\u015bniej szef rz\u0105du wi\u0105za\u0142 zwi\u0119kszenie finansowania ochrony zdrowia z konieczno\u015bci\u0105 ograniczenia nadu\u017cy\u0107. Zapowiada\u0142 regulacje maj\u0105ce chroni\u0107 pieni\u0105dze pochodz\u0105ce ze sk\u0142adek i bud\u017cetu przed marnotrawstwem oraz przeznaczaniem ich na nieuzasadnione zarobki.<\/p>\n<p>&#8211; Wa\u017cne jest, aby r\u00f3wnocze\u015bnie z wydawaniem tych pieni\u0119dzy pojawi\u0142y si\u0119 przepisy, kt\u00f3re zredukuj\u0105 albo wr\u0119cz uniemo\u017cliwi\u0105 nadu\u017cywanie, i m\u00f3wi\u0105c kolokwialnie, przekr\u0119ty, bo na to zgodzi\u0107 si\u0119 nie mo\u017cemy &#8211; podkre\u015bla\u0142.<\/p>\n<p>Premier zaznacza\u0142 w\u00f3wczas, \u017ce dodatkowe \u015brodki maj\u0105 trafia\u0107 tam, gdzie chroni\u0105 pacjenta. Wskazywa\u0142 tak\u017ce na przygotowywan\u0105 przez rz\u0105d ustaw\u0119 dotycz\u0105c\u0105 ochrony zdrowia.<\/p>\n<p>Wzrost nak\u0142ad\u00f3w na zdrowie wynika r\u00f3wnie\u017c z ustawowego harmonogramu zwi\u0119kszania finansowania. W 2027 roku maj\u0105 one osi\u0105gn\u0105\u0107 co najmniej 7 proc. PKB, wobec 6,8 proc. w 2026 roku i 6,6 proc. w 2025 roku. Wska\u017anik ten oblicza si\u0119 wzgl\u0119dem PKB sprzed dw\u00f3ch lat, a nie z roku, kt\u00f3rego dotycz\u0105 wydatki.<\/p>\n<p>Przyj\u0119cie projektu przez rz\u0105d nie oznacza jeszcze uchwalenia bud\u017cetu. Rada Ministr\u00f3w ma czas do 30 wrze\u015bnia na przed\u0142o\u017cenie Sejmowi projektu ustawy bud\u017cetowej na 2027 rok wraz z uzasadnieniem.<\/p>\n<p>\u0179r\u00f3d\u0142o: Radio ZET\/PAP<\/p>\n<p>By\u0142e\u015b \u015bwiadkiem czego\u015b niespodziewanego? Masz temat, kt\u00f3rym powinni\u015bmy si\u0119 zaj\u0105\u0107?<\/p>\n<p>Zg\u0142o\u015b spraw\u0119 przez <a href=\"https:\/\/wiadomosci.radiozet.pl\/czerwony-telefon\" target=\"_blank\" title=\"Czerwony telefon Radia Zet\" rel=\"nofollow noopener\">Czerwony telefon Radia ZET<\/a><\/p>\n","protected":false},"excerpt":{"rendered":"Ile pieni\u0119dzy zaplanowano na ochron\u0119 zdrowia w bud\u017cecie na 2027 roku. Jak\u0105 dotacj\u0119 ma otrzyma\u0107 Narodowy Fundusz Zdrowia.&hellip;\n","protected":false},"author":2,"featured_media":652003,"comment_status":"","ping_status":"","sticky":false,"template":"","format":"standard","meta":{"footnotes":"","_share_on_mastodon":"0"},"categories":[62713],"tags":[387,1345,11341,229,7962],"class_list":["post-652002","post","type-post","status-publish","format-standard","has-post-thumbnail","category-donald-tusk","tag-budzet","tag-donald-tusk","tag-ministerstwo-zdrowia","tag-nfz","tag-sluzba-zdrowia"],"share_on_mastodon":{"url":"https:\/\/pubeurope.com\/@pl\/117173185875427019","error":""},"_links":{"self":[{"href":"https:\/\/www.europesays.com\/pl\/wp-json\/wp\/v2\/posts\/652002","targetHints":{"allow":["GET"]}}],"collection":[{"href":"https:\/\/www.europesays.com\/pl\/wp-json\/wp\/v2\/posts"}],"about":[{"href":"https:\/\/www.europesays.com\/pl\/wp-json\/wp\/v2\/types\/post"}],"author":[{"embeddable":true,"href":"https:\/\/www.europesays.com\/pl\/wp-json\/wp\/v2\/users\/2"}],"replies":[{"embeddable":true,"href":"https:\/\/www.europesays.com\/pl\/wp-json\/wp\/v2\/comments?post=652002"}],"version-history":[{"count":0,"href":"https:\/\/www.europesays.com\/pl\/wp-json\/wp\/v2\/posts\/652002\/revisions"}],"wp:featuredmedia":[{"embeddable":true,"href":"https:\/\/www.europesays.com\/pl\/wp-json\/wp\/v2\/media\/652003"}],"wp:attachment":[{"href":"https:\/\/www.europesays.com\/pl\/wp-json\/wp\/v2\/media?parent=652002"}],"wp:term":[{"taxonomy":"category","embeddable":true,"href":"https:\/\/www.europesays.com\/pl\/wp-json\/wp\/v2\/categories?post=652002"},{"taxonomy":"post_tag","embeddable":true,"href":"https:\/\/www.europesays.com\/pl\/wp-json\/wp\/v2\/tags?post=652002"}],"curies":[{"name":"wp","href":"https:\/\/api.w.org\/{rel}","templated":true}]}}