{"id":652004,"date":"2026-08-28T12:41:15","date_gmt":"2026-08-28T12:41:15","guid":{"rendered":"https:\/\/www.europesays.com\/pl\/652004\/"},"modified":"2026-08-28T12:41:15","modified_gmt":"2026-08-28T12:41:15","slug":"nawrocki-przeciw-e-dziennikowi-nowacka-lobbystyczne-weto","status":"publish","type":"post","link":"https:\/\/www.europesays.com\/pl\/652004\/","title":{"rendered":"Nawrocki przeciw e-dziennikowi. Nowacka: lobbystyczne weto"},"content":{"rendered":"<p>E-dziennik zablokowany. Weto Nawrockiego<\/p>\n<p class=\"font-primary mb-8 text-lg leading-[1.55] [&amp;_a]:text-[#23437D] [&amp;_a]:underline [&amp;_a]:font-bold\">Rozwi\u0105zania zawarte w nowelizacji ustaw: Prawo o\u015bwiatowe oraz o systemie informacji o\u015bwiatowej dawa\u0142y umo\u017cliwi\u0107 przeprowadzenia w roku szkolnym 2026\/2027 pilota\u017cu e-dziennika w szko\u0142ach podstawowych i ponadpodstawowych.\u00a0<\/p>\n<p>Redakcja poleca<\/p>\n<p class=\"font-primary mb-8 text-lg leading-[1.55] [&amp;_a]:text-[#23437D] [&amp;_a]:underline [&amp;_a]:font-bold\">Rozwi\u0105zanie, zintegrowane z Systemem Informacji O\u015bwiatowej (SIO), mia\u0142o by\u0107 alternatyw\u0105 dla istniej\u0105cych na rynku komercyjnych dziennik\u00f3w elektronicznych.<\/p>\n<p class=\"font-primary mb-8 text-lg leading-[1.55] [&amp;_a]:text-[#23437D] [&amp;_a]:underline [&amp;_a]:font-bold\">&#8211; Sama idea wprowadzania cyfrowych rozwi\u0105za\u0144 w postaci e-dziennika jest s\u0142uszna i powinna by\u0107 realizowana &#8211; o\u015bwiadczy\u0142 <a href=\"https:\/\/polskieradio24.pl\/polityka\/nowe-decyzje-nawrockiego-trzy-weta-i-cztery-podpisane-ustawy\" rel=\"nofollow noopener\" target=\"_blank\">prezydent Karol Nawrocki uzasadniaj\u0105c weto.<\/a> Podkre\u015bli\u0142 jednak, \u017ce niezrozumia\u0142y jest spos\u00f3b podej\u015bcia resortu edukacji do realizacji wdro\u017cenia tych rozwi\u0105za\u0144.<\/p>\n<p>Rz\u0105d odpowiada prezydentowi<\/p>\n<p class=\"font-primary mb-8 text-lg leading-[1.55] [&amp;_a]:text-[#23437D] [&amp;_a]:underline [&amp;_a]:font-bold\">Kierownictwo Ministerstwa Edukacji Narodowych nie szcz\u0119dzi s\u0142\u00f3w krytyki po tej decyzji. &#8222;Lobbystyczne weto do ustawy o bezp\u0142atnym, pa\u0144stwowym e-dzienniku&#8221; &#8211; napisa\u0142a na platformie X ministra Barbara Nowacka.<\/p>\n<p class=\"font-primary mb-8 text-lg leading-[1.55] [&amp;_a]:text-[#23437D] [&amp;_a]:underline [&amp;_a]:font-bold\">Wed\u0142ug wiceszefowej MEN Katarzyny Lubnauer weto oznacza, \u017ce &#8222;rodzice nadal mog\u0105 p\u0142aci\u0107 za pe\u0142ne funkcje komercyjnych aplikacji; dane o uczniach, ich ocenach i frekwencji pozostan\u0105 na serwerach prywatnych firm; nie ruszy bezp\u0142atna, pa\u0144stwowa i bezpieczniejsza alternatywa&#8221;.\u00a0<\/p>\n<p class=\"font-primary mb-8 text-lg leading-[1.55] [&amp;_a]:text-[#23437D] [&amp;_a]:underline [&amp;_a]:font-bold\">Wiceministra doda\u0142a, \u017ce cen\u0119 za decyzj\u0119 g\u0142owy pa\u0144stwa zap\u0142ac\u0105 &#8222;rodzice i dzieciaki&#8221;.<\/p>\n<p>Redakcja polecaGawkowski: g\u0142upota<\/p>\n<p class=\"font-primary mb-8 text-lg leading-[1.55] [&amp;_a]:text-[#23437D] [&amp;_a]:underline [&amp;_a]:font-bold\">&#8222;To jest weto przeciwko cyfryzacji polskiej szko\u0142y i bezpiecze\u0144stwu danych naszych dzieci&#8221; &#8211; o\u015bwiadczy\u0142 z kolei Krzysztof Gawkowski. Wicepremier i minister cyfryzacji uzna\u0142 zablokowanie zmian za prezent dla zagranicznego biznesu.<\/p>\n<p><\/p>\n<p class=\"font-primary mb-8 text-lg leading-[1.55] [&amp;_a]:text-[#23437D] [&amp;_a]:underline [&amp;_a]:font-bold\">Jak zaznaczy\u0142, obecnie dane uczni\u00f3w, nauczycieli i rodzic\u00f3w s\u0105 w prywatnych r\u0119kach zagranicznych dostawc\u00f3w. &#8222;Pa\u0144stwo chcia\u0142o wzi\u0105\u0107 za te dane odpowiedzialno\u015b\u0107. Prezydent woli odda\u0107 dane dzieci zagranicznym firmom&#8221; &#8211; napisa\u0142 w mediach spo\u0142eczno\u015bciowych.<\/p>\n<p class=\"font-primary mb-8 text-lg leading-[1.55] [&amp;_a]:text-[#23437D] [&amp;_a]:underline [&amp;_a]:font-bold\">Uzna\u0142 weto za prezent dla zagranicznego biznesu. &#8222;Wygra\u0142 lobbing. Przegra\u0142a polska szko\u0142a. Wstyd Prezydencie Nawrocki. I g\u0142upota!&#8221; &#8211; podsumowa\u0142.<\/p>\n<p>Redakcja poleca<\/p>\n","protected":false},"excerpt":{"rendered":"E-dziennik zablokowany. Weto Nawrockiego Rozwi\u0105zania zawarte w nowelizacji ustaw: Prawo o\u015bwiatowe oraz o systemie informacji o\u015bwiatowej dawa\u0142y umo\u017cliwi\u0107&hellip;\n","protected":false},"author":2,"featured_media":652005,"comment_status":"","ping_status":"","sticky":false,"template":"","format":"standard","meta":{"footnotes":"","_share_on_mastodon":"0"},"categories":[62712],"tags":[11309,3622,690,64373],"class_list":["post-652004","post","type-post","status-publish","format-standard","has-post-thumbnail","category-karol-nawrocki","tag-barbara-nowacka","tag-edukacja","tag-karol-nawrocki","tag-ministerstwo-edukacji-narodowej"],"share_on_mastodon":{"url":"https:\/\/pubeurope.com\/@pl\/117173189678827853","error":""},"_links":{"self":[{"href":"https:\/\/www.europesays.com\/pl\/wp-json\/wp\/v2\/posts\/652004","targetHints":{"allow":["GET"]}}],"collection":[{"href":"https:\/\/www.europesays.com\/pl\/wp-json\/wp\/v2\/posts"}],"about":[{"href":"https:\/\/www.europesays.com\/pl\/wp-json\/wp\/v2\/types\/post"}],"author":[{"embeddable":true,"href":"https:\/\/www.europesays.com\/pl\/wp-json\/wp\/v2\/users\/2"}],"replies":[{"embeddable":true,"href":"https:\/\/www.europesays.com\/pl\/wp-json\/wp\/v2\/comments?post=652004"}],"version-history":[{"count":0,"href":"https:\/\/www.europesays.com\/pl\/wp-json\/wp\/v2\/posts\/652004\/revisions"}],"wp:featuredmedia":[{"embeddable":true,"href":"https:\/\/www.europesays.com\/pl\/wp-json\/wp\/v2\/media\/652005"}],"wp:attachment":[{"href":"https:\/\/www.europesays.com\/pl\/wp-json\/wp\/v2\/media?parent=652004"}],"wp:term":[{"taxonomy":"category","embeddable":true,"href":"https:\/\/www.europesays.com\/pl\/wp-json\/wp\/v2\/categories?post=652004"},{"taxonomy":"post_tag","embeddable":true,"href":"https:\/\/www.europesays.com\/pl\/wp-json\/wp\/v2\/tags?post=652004"}],"curies":[{"name":"wp","href":"https:\/\/api.w.org\/{rel}","templated":true}]}}