{"id":652046,"date":"2026-08-28T13:06:18","date_gmt":"2026-08-28T13:06:18","guid":{"rendered":"https:\/\/www.europesays.com\/pl\/652046\/"},"modified":"2026-08-28T13:06:18","modified_gmt":"2026-08-28T13:06:18","slug":"poszli-pod-prad-ue-i-przezywaja-rozkwit-tajemnica-hiszpanskiego-cudu-gospodarczego","status":"publish","type":"post","link":"https:\/\/www.europesays.com\/pl\/652046\/","title":{"rendered":"Poszli pod pr\u0105d UE i prze\u017cywaj\u0105 rozkwit. Tajemnica hiszpa\u0144skiego cudu gospodarczego"},"content":{"rendered":"<p>Z wi\u0119kszo\u015bci du\u017cych gospodarek europejskich od czas\u00f3w pandemii COVID-19 nap\u0142ywaj\u0105 z\u0142e wiadomo\u015bci. W \u015bwietle danych statystycznych giganci, tacy jak Niemcy, Francja, W\u0142ochy czy Wielka Brytania, wygl\u0105daj\u0105, jakby byli na skraju wyczerpania, a ich przyw\u00f3dcy i elity biznesowe wydaj\u0105 si\u0119 bezradni w poszukiwaniu wyj\u015bcia z tej sytuacji.<\/p>\n<p>Jedynym du\u017cym krajem europejskim, kt\u00f3ry odnotowuje solidny wzrost gospodarczy, jest \u2014 co zaskakuj\u0105ce \u2014 Hiszpania. To kraj, kt\u00f3ry jeszcze niedawno, po kryzysie finansowym z 2008 r., znajdowa\u0142 si\u0119 w niemal najgorszej sytuacji spo\u015br\u00f3d gospodarek unijnych i wraz z Portugali\u0105, W\u0142ochami i Grecj\u0105 tworzy\u0142 grup\u0119 kraj\u00f3w zagro\u017conych bankructwem pa\u0144stwowym. W najgorszych latach bezrobocie tam wzros\u0142o a\u017c do 27 proc., gospodarka si\u0119 za\u0142ama\u0142a, rynek nieruchomo\u015bci zamar\u0142 \u2014 kraje te przetrwa\u0142y tylko dzi\u0119ki solidarno\u015bci pozosta\u0142ych cz\u0142onk\u00f3w Unii Europejskiej.<\/p>\n<p>\u2014 Przez d\u0142ugi czas wydawa\u0142o si\u0119, \u017ce hiszpa\u0144ski koszmar gospodarczy nigdy si\u0119 nie sko\u0144czy \u2014 tak w lipcu tego roku \u00f3wczesn\u0105 sytuacj\u0119 dla ameryka\u0144skiego magazynu &#8222;The Atlantic&#8221; podsumowa\u0142 Jorge Galindo, szef think tanku ekonomicznego Esade Centre, kt\u00f3ry w 2008 r. uko\u0144czy\u0142 studia wy\u017csze.<\/p>\n<p>W ko\u0144cu Jorge i jego rodacy doczekali si\u0119 jednak ko\u0144ca mrocznego okresu, a hiszpa\u0144ska gospodarka gwa\u0142townie odbi\u0142a si\u0119 w g\u00f3r\u0119. Dzi\u015b rozwija si\u0119 w tempie, o kt\u00f3rym zdecydowana wi\u0119kszo\u015b\u0107 kraj\u00f3w europejskich mo\u017ce tylko pomarzy\u0107. Na wyboistej drodze wyj\u015bcia z kryzysu Hiszpanie cz\u0119sto szli wbrew dominuj\u0105cym europejskim receptom i trendom.<\/p>\n<p>Wybi\u00f3rcza migracja<\/p>\n<p>W ostatnich latach migracja sta\u0142a si\u0119 w wielu krajach Unii Europejskiej g\u0142\u00f3wnym tematem walki politycznej. Chocia\u017c populacja starzeje si\u0119 we wszystkich pa\u0144stwach, a zatem przyjmowanie zagranicznej si\u0142y roboczej wydaje si\u0119 nieuniknione dla przetrwania gospodarczego, jest to niepopularne rozwi\u0105zanie w dzisiejszych spo\u0142ecze\u0144stwach. Pod presj\u0105 ekstremistycznych ugrupowa\u0144 niewiele os\u00f3b opowiada si\u0119 nawet za ostro\u017cnym poparciem dla migracji. Wyj\u0105tkiem jest lewicowy rz\u0105d Hiszpanii, kt\u00f3ry otworzy\u0142 drzwi dla imigrant\u00f3w. W efekcie w ci\u0105gu ostatnich 12 lat liczba mieszka\u0144c\u00f3w kraju wzros\u0142a z 46 do 49 mln.<\/p>\n<p>Premier Pedro Sanchez i jego koledzy chcieli w ten spos\u00f3b, po wstrz\u0105sach zwi\u0105zanych z pandemi\u0105 COVID-19, wesprze\u0107 gospodark\u0119, dostarczaj\u0105c jej si\u0142\u0119 robocz\u0105, kt\u00f3ra pozwoli\u0142aby w jak najwi\u0119kszym stopniu wykorzysta\u0107 jej potencja\u0142. Uda\u0142o si\u0119. Aby jednak ograniczy\u0107 szanse przeciwnik\u00f3w na wykorzystanie nap\u0142ywu &#8222;obcokrajowc\u00f3w, kt\u00f3rzy zabieraj\u0105 nam prac\u0119&#8221; do cel\u00f3w politycznych, rz\u0105d skupi\u0142 si\u0119 przede wszystkim na wspieraniu migracji z kraj\u00f3w Ameryki \u0141aci\u0144skiej, bliskich Hiszpanom pod wzgl\u0119dem kulturowym i j\u0119zykowym.<\/p>\n<p>Taki zamys\u0142 ma kilka zalet, z kt\u00f3rych najwi\u0119ksz\u0105 jest \u0142atwa integracja dzi\u0119ki znajomo\u015bci j\u0119zyka. To pozwala nowo przyby\u0142ym praktycznie od razu podj\u0105\u0107 prac\u0119 i nie obci\u0105\u017ca\u0107 i tak ju\u017c mocno napi\u0119tego systemu socjalnego, co znacznie zmniejsza niech\u0119\u0107 rdzennych mieszka\u0144c\u00f3w i ogranicza konflikty z nimi. Rz\u0105d hiszpa\u0144ski stara\u0142 si\u0119 przy tym ograniczy\u0107 nap\u0142yw os\u00f3b z Afryki Subsaharyjskiej. Ich integracja ze spo\u0142ecze\u0144stwem jest trudniejsza, a nacjonalistyczna opozycja odnosi najwi\u0119kszy sukces dzi\u0119ki protestom przeciwko migracji z tego regionu.<\/p>\n<p>Jak podkre\u015bla ameryka\u0144ski magazyn &#8222;The Atlantic&#8221;, trudno jest okre\u015bli\u0107, czy jest to podej\u015bcie post\u0119powe, poniewa\u017c kraj przyj\u0105\u0142 du\u017c\u0105 liczb\u0119 cudzoziemc\u00f3w, czy te\u017c wr\u0119cz przeciwnie \u2014 konserwatywne, poniewa\u017c rz\u0105d Sancheza dokona\u0142 selekcji migrant\u00f3w i da\u0142 zielone \u015bwiat\u0142o tym, kt\u00f3rzy \u0142atwiej wkomponuj\u0105 si\u0119 w spo\u0142ecze\u0144stwo. Dla Sancheza jednak ostateczna klasyfikacja tego podej\u015bcia mo\u017ce nie mie\u0107 znaczenia. Najwa\u017cniejsze dla niego jest to, \u017ce zamierzenie jego rz\u0105du si\u0119 powiod\u0142o \u2014 wed\u0142ug wielu analiz ekonomicznych to w\u0142a\u015bnie nowa si\u0142a robocza mia\u0142a kluczowe znaczenie dla o\u017cywienia gospodarki po pandemii.<\/p>\n<p>Impuls dla bran\u017cy turystycznej<\/p>\n<p>Po zako\u0144czeniu COVID-19 w kraju ponownie rozkr\u0119ci\u0142a si\u0119 bran\u017ca turystyczna, kt\u00f3ra wch\u0142on\u0119\u0142a znaczn\u0105 cz\u0119\u015b\u0107 nowo przyby\u0142ych os\u00f3b. Jest to istotne, poniewa\u017c turystyka stanowi oko\u0142o 13 proc. hiszpa\u0144skiej gospodarki. A w ostatnich latach do kraju przyje\u017cd\u017ca co roku ponad 90 mln os\u00f3b w celach rekreacyjnych.<\/p>\n<p>Migracja pracownik\u00f3w, w po\u0142\u0105czeniu z innymi czynnikami, przyczyni\u0142a si\u0119 do tego, \u017ce wzrost gospodarki hiszpa\u0144skiej w ostatnich latach przekracza\u0142 nawet 3 proc., co w obecnej sytuacji w Unii Europejskiej jest wyj\u0105tkowym wynikiem. Ponadto Hiszpanii uda\u0142o si\u0119 obni\u017cy\u0107 stop\u0119 bezrobocia do 10 proc. Nadal wprawdzie jest to jedna z najwy\u017cszych warto\u015bci w UE, ale w Hiszpanii jest to poziom najni\u017cszy od 2008 r.<\/p>\n<p>Dalszy ci\u0105g artyku\u0142u pod materia\u0142em wideo<\/p>\n<p>Opr\u00f3cz rozwoju turystyki migracja stworzy\u0142a jednak r\u00f3wnie\u017c wi\u0119cej mo\u017cliwo\u015bci dla lokalnych mieszka\u0144c\u00f3w, kt\u00f3rzy dotychczas nie mogli podj\u0105\u0107 sta\u0142ej pracy. Brytyjski dziennik &#8222;Financial Times&#8221; zacytowa\u0142 jaki\u015b czas temu ekonomistk\u0119 z Organizacji Wsp\u00f3\u0142pracy Gospodarczej i Rozwoju (OECD) Claudi\u0119 Ramirez. Stwierdzi\u0142a ona, \u017ce nap\u0142yw kobiet w wieku produkcyjnym oznacza\u0142 dla Hiszpanii zastrzyk nowych pracownik\u00f3w w zawodach zwi\u0105zanych z opiek\u0105, niezale\u017cnie od tego, czy chodzi o osoby opiekuj\u0105ce si\u0119 dzie\u0107mi, czy osobami starszymi.<\/p>\n<p>Wed\u0142ug Ramirez pomocnice te odci\u0105\u017cy\u0142y hiszpa\u0144skie kobiety od nieodp\u0142atnej opieki nad cz\u0142onkami rodziny i da\u0142y im mo\u017cliwo\u015b\u0107 powrotu do przerwanej kariery lub znalezienia pracy zarobkowej.<\/p>\n<p>Moc w zielonej energii<\/p>\n<p>Nie jest to jednak ca\u0142a historia. Rz\u0105dowi Sancheza uda\u0142o si\u0119 r\u00f3wnie\u017c zrealizowa\u0107 kolejny krok, kt\u00f3ry wielu polityk\u00f3w w innych krajach odrzuca. Przeprowadzi\u0142 reform\u0119 prawa pracy maj\u0105c\u0105 na celu ograniczenie powszechno\u015bci um\u00f3w na czas okre\u015blony i innych form zast\u0119puj\u0105cych klasyczne stosunki pracy. Zdaniem ekspert\u00f3w przyczyni\u0142o si\u0119 to do spadku bezrobocia ze wspomnianego rekordowego poziomu 27 proc. po kryzysie finansowym.<\/p>\n<p>Jednocze\u015bnie politycy z otoczenia Sancheza, zanim otworzyli granice dla migrant\u00f3w, wprowadzili jeszcze jedn\u0105 zmian\u0119, aby nap\u0142yw obcokrajowc\u00f3w do kraju nie wywo\u0142ywa\u0142 w\u015br\u00f3d mieszka\u0144c\u00f3w, zw\u0142aszcza z ubo\u017cszych warstw spo\u0142ecznych, poczucia zagro\u017cenia. Rz\u0105d wprowadzi\u0142 zasi\u0142ek socjalny, kt\u00f3ry pod wzgl\u0119dem formy jest do\u015b\u0107 zbli\u017cony do dochodu bezwarunkowego dla najbiedniejszych rodzin. Dzi\u0119ki temu rodziny te mog\u0105 liczy\u0107 na minimalny miesi\u0119czny doch\u00f3d w wysoko\u015bci 1900 euro (ok. 8200 z\u0142). Dodatkowo rz\u0105d podni\u00f3s\u0142 p\u0142ac\u0119 minimaln\u0105 o 30 proc.<\/p>\n<p>Premier Hiszpanii walczy o swoj\u0105 przysz\u0142o\u015b\u0107. Jego pewno\u015b\u0107 siebie mo\u017ce go zgubi\u0107<img class=\"ods-a-photo ods-a-photo--background\" src=\"https:\/\/www.europesays.com\/pl\/wp-content\/uploads\/2026\/08\/Xxak9lBaHR0cHM6Ly9vY2RuLmV1L3B1bHNjbXMvTURBXy9jNjNkNjkxYWIxNGEzYjFhYmI0ZDI5ZTU1MjI3OGMzOC5qcGeRlQLNA.jpeg\" height=\"300\" width=\"450\" alt=\"Pedro Sanchez\" loading=\"lazy\" fetchpriority=\"low\" decoding=\"async\"\/><\/p>\n<p>Ostatnim elementem wspomnianej hiszpa\u0144skiej uk\u0142adanki by\u0142o postawienie na zielon\u0105 energi\u0119. &#8222;Po dziesi\u0119cioleciach szeroko zakrojonych inwestycji publicznych i prywatnych zwi\u0119kszyli\u015bmy udzia\u0142 energii elektrycznej wytwarzanej ze \u017ar\u00f3de\u0142 odnawialnych z nieca\u0142ych 20 proc. w 2019 r. do 56 proc. w zesz\u0142ym roku&#8221; \u2014 napisa\u0142 w artykule dla Mi\u0119dzynarodowego Funduszu Walutowego by\u0142y hiszpa\u0144ski minister finans\u00f3w Carlos Cuerpo. Postawienie na wytwarzanie energii elektrycznej przy pomocy s\u0142o\u0144ca, wiatru i wody op\u0142aci\u0142o si\u0119 w czasach wstrz\u0105s\u00f3w geopolitycznych, kt\u00f3re s\u0105 \u015bci\u015ble zwi\u0105zane z zagro\u017ceniem dla dostaw paliw kopalnych.<\/p>\n<p>Wszystko w r\u0119kach wyborc\u00f3w<\/p>\n<p>Jak wszystko na \u015bwiecie, r\u00f3wnie\u017c hiszpa\u0144ska droga ma oczywi\u015bcie swoje negatywne aspekty. Chocia\u017c lewicowy rz\u0105d stara\u0142 si\u0119 z ca\u0142ych si\u0142, nie uda\u0142o mu si\u0119 utrzyma\u0107 tematu migracji z dala od walki politycznej. Hiszpa\u0144ska scena nacjonalistyczna pocz\u0105tkowo nie reagowa\u0142a na nap\u0142yw Latynoamerykan\u00f3w tak gwa\u0142townie, jak na migracj\u0119 z Afryki. Z czasem jednak znalaz\u0142a spos\u00f3b, by wykorzysta\u0107 r\u00f3wnie\u017c t\u0119 kwesti\u0119 do formu\u0142owania zarzut\u00f3w wobec rz\u0105du i podsycania spo\u0142ecznego gniewu.<\/p>\n<p>Wraz z gwa\u0142townym wzrostem liczby mieszka\u0144c\u00f3w w kr\u00f3tkim czasie, a tak\u017ce w zwi\u0105zku z rozkwitem bran\u017cy turystycznej, naturalnie w znacznym tempie wzros\u0142y r\u00f3wnie\u017c ceny mieszka\u0144. Podobnie jak w innych krajach europejskich, r\u00f3wnie\u017c w Hiszpanii zbyt wysokie koszty zaspokajania podstawowych potrzeb \u017cyciowych sta\u0142y si\u0119 jednym z g\u0142\u00f3wnych temat\u00f3w politycznych. W takich okoliczno\u015bciach wzrost gospodarczy mo\u017ce bowiem oznacza\u0107, \u017ce wielu Hiszpan\u00f3w nie odczuje jego korzy\u015bci, poniewa\u017c w tym samym czasie ich koszty utrzymania wzrosn\u0105 bardziej ni\u017c ich dochody.<\/p>\n<p>Ceny mieszka\u0144 i dom\u00f3w maj\u0105 oczywi\u015bcie swoje z\u0142o\u017cone przyczyny \u2014 w przypadku Hiszpanii \u017ar\u00f3d\u0142em obecnej sytuacji jest okres po kryzysie finansowym z 2008 r., kt\u00f3ry w znacznej mierze wi\u0105za\u0142 si\u0119 w\u0142a\u015bnie z ba\u0144k\u0105 spekulacyjn\u0105 na niekt\u00f3rych rynkach nieruchomo\u015bci. W odpowiedzi na kryzys zmieniono w kraju przepisy tak, aby realizacja nowych projekt\u00f3w budowlanych by\u0142a trudniejsza \u2014 a tak\u017ce bezpieczniejsza \u2014 tak, by nie dopu\u015bci\u0107 do dalszej eskalacji kryzysu. Obecnie, 16 lat p\u00f3\u017aniej, skutkiem tego jest niedob\u00f3r poda\u017cy na rynku, co prowadzi do wzrostu cen.<\/p>\n<p>Lider spektrum nacjonalistycznego, partia Vox, wykorzysta\u0142a t\u0119 sytuacj\u0119 i pod has\u0142em &#8222;Bezpieczne granice oznaczaj\u0105 przyst\u0119pne cenowo mieszkania&#8221; zdoby\u0142a poparcie polityczne, zw\u0142aszcza w\u015br\u00f3d m\u0142odszych Hiszpan\u00f3w. Czy doprowadzi to prawic\u0119 do w\u0142adzy? To oka\u017ce si\u0119 ju\u017c wkr\u00f3tce. Jednym z problem\u00f3w dzisiejszej Hiszpanii jest bowiem niestabilno\u015b\u0107 polityczna.<\/p>\n<p>Lewicowemu rz\u0105dowi Pedra Sancheza, ze wzgl\u0119du na jego mniejszo\u015bciowy charakter, od 2023 r. nie uda\u0142o si\u0119 przeforsowa\u0107 prawid\u0142owego projektu bud\u017cetu. Wszystko wskazuje wi\u0119c na to, \u017ce w 2027 r. odb\u0119d\u0105 si\u0119 pe\u0142ne napi\u0119\u0107 wybory, w kt\u00f3rych znajd\u0105 odzwierciedlenie wydarzenia ostatnich lat i kt\u00f3re dadz\u0105 odpowied\u017a na pytanie \u2014 czy droga obrana przez Sancheza jest akceptowalna dla wi\u0119kszo\u015bci Hiszpan\u00f3w?<\/p>\n","protected":false},"excerpt":{"rendered":"Z wi\u0119kszo\u015bci du\u017cych gospodarek europejskich od czas\u00f3w pandemii COVID-19 nap\u0142ywaj\u0105 z\u0142e wiadomo\u015bci. W \u015bwietle danych statystycznych giganci, tacy&hellip;\n","protected":false},"author":2,"featured_media":652047,"comment_status":"","ping_status":"","sticky":false,"template":"","format":"standard","meta":{"footnotes":"","_share_on_mastodon":"0"},"categories":[14],"tags":[56,61195,32,33,190,27,267,34,35,409,28,31,48,25,46,40,41,47,80,29,30,26,82,83,84],"class_list":["post-652046","post","type-post","status-publish","format-standard","has-post-thumbnail","category-swiat","tag-article_premium","tag-bottomfeed_styl","tag-breaking-news","tag-breakingnews","tag-gospodarka","tag-headlines","tag-hiszpania","tag-latest-news","tag-latestnews","tag-migracja","tag-naglowki","tag-najwazniejsze-artykuly","tag-nat_styl","tag-news","tag-omp","tag-polish","tag-polski","tag-screening_general","tag-swiat","tag-top-stories","tag-topstories","tag-wiadomosci","tag-world","tag-world-news","tag-worldnews"],"share_on_mastodon":{"url":"https:\/\/pubeurope.com\/@pl\/117173289132094233","error":""},"_links":{"self":[{"href":"https:\/\/www.europesays.com\/pl\/wp-json\/wp\/v2\/posts\/652046","targetHints":{"allow":["GET"]}}],"collection":[{"href":"https:\/\/www.europesays.com\/pl\/wp-json\/wp\/v2\/posts"}],"about":[{"href":"https:\/\/www.europesays.com\/pl\/wp-json\/wp\/v2\/types\/post"}],"author":[{"embeddable":true,"href":"https:\/\/www.europesays.com\/pl\/wp-json\/wp\/v2\/users\/2"}],"replies":[{"embeddable":true,"href":"https:\/\/www.europesays.com\/pl\/wp-json\/wp\/v2\/comments?post=652046"}],"version-history":[{"count":0,"href":"https:\/\/www.europesays.com\/pl\/wp-json\/wp\/v2\/posts\/652046\/revisions"}],"wp:featuredmedia":[{"embeddable":true,"href":"https:\/\/www.europesays.com\/pl\/wp-json\/wp\/v2\/media\/652047"}],"wp:attachment":[{"href":"https:\/\/www.europesays.com\/pl\/wp-json\/wp\/v2\/media?parent=652046"}],"wp:term":[{"taxonomy":"category","embeddable":true,"href":"https:\/\/www.europesays.com\/pl\/wp-json\/wp\/v2\/categories?post=652046"},{"taxonomy":"post_tag","embeddable":true,"href":"https:\/\/www.europesays.com\/pl\/wp-json\/wp\/v2\/tags?post=652046"}],"curies":[{"name":"wp","href":"https:\/\/api.w.org\/{rel}","templated":true}]}}