{"id":652208,"date":"2026-08-28T14:48:23","date_gmt":"2026-08-28T14:48:23","guid":{"rendered":"https:\/\/www.europesays.com\/pl\/652208\/"},"modified":"2026-08-28T14:48:23","modified_gmt":"2026-08-28T14:48:23","slug":"to-nie-koniec-przesluchania-radoslawa-piesiewicza-jest-komunikat-prokuratury","status":"publish","type":"post","link":"https:\/\/www.europesays.com\/pl\/652208\/","title":{"rendered":"To nie koniec przes\u0142uchania Rados\u0142awa Piesiewicza. Jest komunikat prokuratury"},"content":{"rendered":"<p>W czwartek, 27 sierpnia, Rados\u0142aw Piesiewicz zosta\u0142 zatrzymany przez funkcjonariuszy Centralnego Biura Zwalczania Cyberprzest\u0119pczo\u015bci w zwi\u0105zku z afer\u0105 Zondacrypto. Prezes Polskiego Komitetu Olimpijskiego zosta\u0142 nast\u0119pnie doprowadzony do \u015bl\u0105skiego wydzia\u0142u Prokuratury Krajowej w Katowicach.<\/p>\n<p>Dalszy ci\u0105g artyku\u0142u pod materia\u0142em wideoPrzes\u0142uchanie Rados\u0142awa Piesiewicza przerwane. Oto pow\u00f3d<\/p>\n<p>Tam z\u0142o\u017cy\u0142 wyja\u015bnienia, ale to nie koniec przes\u0142uchania. W pi\u0105tek Prokuratura Krajowa opublikowa\u0142a nowy komunikat. &#8222;Prokurator przerwa\u0142 wczoraj przes\u0142uchanie podejrzanego Rados\u0142awa P. z uwagi na p\u00f3\u017an\u0105 por\u0119. Czynno\u015b\u0107 ta b\u0119dzie dzi\u015b kontynuowana. Dalsze informacje zostan\u0105 przekazane po zako\u0144czeniu przes\u0142uchania&#8221; \u2014 czytamy w serwisie X.<\/p>\n<p>Przypomnijmy, \u017ce szef PKOl-u us\u0142ysza\u0142 r\u00f3wnie\u017c w czwartek dwa zarzuty: <a href=\"https:\/\/przegladsportowy.onet.pl\/igrzyska-olimpijskie\/media-radoslaw-piesiewicz-uslyszal-dwa-zarzuty-taka-kara-mu-grozi\/rx5ndd7\" id=\"c44a30fc-7d3a-4879-a6b9-f1678b00371d\" rel=\"nofollow noopener\" target=\"_blank\">p\u0142atnej protekcji oraz zaspokojenia grupy wierzycieli z pokrzywdzeniem innych w zwi\u0105zku z gro\u017c\u0105c\u0105 niewyp\u0142acalno\u015bci\u0105<\/a>. Jak ujawni\u0142y TVN24 i WP, Piesiewicz mia\u0142 otrzyma\u0107 od Przemys\u0142awa Krala \u2014 szefa Zondacrypto \u2014 zegarek o warto\u015bci ok. 40 tys. euro.<\/p>\n<p>W zamian mia\u0142 rzekomo &#8222;za\u0142atwi\u0107&#8221; problemy gie\u0142dy z Urz\u0119dem Ochrony Konkurencji i Konsument\u00f3w (UOKiK). Co jednak istotne, prezes Komitetu zaprzecza tym informacjom. \u2014 Polityka, polityka, polityka. Zobaczymy, co z tego b\u0119dzie. Zobaczymy, kto jest winny \u2014 komentowa\u0142 na gor\u0105co po doprowadzeniu do prokuratury.<\/p>\n","protected":false},"excerpt":{"rendered":"W czwartek, 27 sierpnia, Rados\u0142aw Piesiewicz zosta\u0142 zatrzymany przez funkcjonariuszy Centralnego Biura Zwalczania Cyberprzest\u0119pczo\u015bci w zwi\u0105zku z afer\u0105&hellip;\n","protected":false},"author":2,"featured_media":652209,"comment_status":"","ping_status":"","sticky":false,"template":"","format":"standard","meta":{"footnotes":"","_share_on_mastodon":"0"},"categories":[52122],"tags":[61195,2399,48,46,6010,752,15347,42,38,40,39,41,15348,1627,15346,47,130],"class_list":["post-652208","post","type-post","status-publish","format-standard","has-post-thumbnail","category-pko-bank-polski","tag-bottomfeed_styl","tag-igrzyska_olimpijskie","tag-nat_styl","tag-omp","tag-pko-bank-polski","tag-pko-bp","tag-pkol","tag-pl","tag-poland","tag-polish","tag-polska","tag-polski","tag-polski_komitet_olimpijski","tag-prokuratura","tag-radoslaw_piesiewicz","tag-screening_general","tag-wiadomosci_sportowe"],"share_on_mastodon":{"url":"https:\/\/pubeurope.com\/@pl\/117173689319700609","error":""},"_links":{"self":[{"href":"https:\/\/www.europesays.com\/pl\/wp-json\/wp\/v2\/posts\/652208","targetHints":{"allow":["GET"]}}],"collection":[{"href":"https:\/\/www.europesays.com\/pl\/wp-json\/wp\/v2\/posts"}],"about":[{"href":"https:\/\/www.europesays.com\/pl\/wp-json\/wp\/v2\/types\/post"}],"author":[{"embeddable":true,"href":"https:\/\/www.europesays.com\/pl\/wp-json\/wp\/v2\/users\/2"}],"replies":[{"embeddable":true,"href":"https:\/\/www.europesays.com\/pl\/wp-json\/wp\/v2\/comments?post=652208"}],"version-history":[{"count":0,"href":"https:\/\/www.europesays.com\/pl\/wp-json\/wp\/v2\/posts\/652208\/revisions"}],"wp:featuredmedia":[{"embeddable":true,"href":"https:\/\/www.europesays.com\/pl\/wp-json\/wp\/v2\/media\/652209"}],"wp:attachment":[{"href":"https:\/\/www.europesays.com\/pl\/wp-json\/wp\/v2\/media?parent=652208"}],"wp:term":[{"taxonomy":"category","embeddable":true,"href":"https:\/\/www.europesays.com\/pl\/wp-json\/wp\/v2\/categories?post=652208"},{"taxonomy":"post_tag","embeddable":true,"href":"https:\/\/www.europesays.com\/pl\/wp-json\/wp\/v2\/tags?post=652208"}],"curies":[{"name":"wp","href":"https:\/\/api.w.org\/{rel}","templated":true}]}}