{"id":652350,"date":"2026-08-28T16:09:08","date_gmt":"2026-08-28T16:09:08","guid":{"rendered":"https:\/\/www.europesays.com\/pl\/652350\/"},"modified":"2026-08-28T16:09:08","modified_gmt":"2026-08-28T16:09:08","slug":"zandberg-krytykuje-weto-nawrockiego-absurdalny-argument","status":"publish","type":"post","link":"https:\/\/www.europesays.com\/pl\/652350\/","title":{"rendered":"Zandberg krytykuje weto Nawrockiego. &#8222;Absurdalny argument&#8221;"},"content":{"rendered":"\n<p>&#13;<br \/>\nPrezydent Karol Nawrocki poinformowa\u0142 w\u00a0pi\u0105tek, \u017ce\u00a0zawetowa\u0142 nowelizacj\u0119 ustawy o\u00a0przeprowadzeniu <a href=\"https:\/\/dorzeczy.pl\/amp\/935080\/weto-do-ustawy-o-edzienniku-men-oburzone-ruchem-nawrockiego.html\" rel=\"nofollow noopener\" target=\"_blank\">pilota\u017cu bezp\u0142atnego, pa\u0144stwowego eDziennika.<\/a> &#13;\n<\/p>\n<p>Weto Nawrockiego dotycz\u0105ce pa\u0144stwowego eDziennika<\/p>\n<p>&#13;<br \/>\nKarol Nawrocki oceni\u0142, \u017ce\u00a0&#8222;sama idea wprowadzania cyfrowych rozwi\u0105za\u0144 w\u00a0postaci eDziennika jest s\u0142uszna i\u00a0powinna by\u0107 realizowana&#8221;, jednak niezrozumia\u0142y jest spos\u00f3b podej\u015bcia resortu edukacji do\u00a0realizacji wdro\u017cenia tych rozwi\u0105za\u0144. &#13;\n<\/p>\n<p>&#13;<br \/>\nZdaniem prezydenta istniej\u0105 trzy problemy wynikaj\u0105ce z\u00a0ustawy. Po\u00a0pierwsze \u2013\u00a0bezpiecze\u0144stwo dzieci. Karol Nawrocki t\u0142umaczy\u0142, \u017ce\u00a0ustawa przewiduje stworzenie centralnego systemu, zawieraj\u0105cego wra\u017cliwe dane uczni\u00f3w: numery PESEL, zdj\u0119cia, oceny, frekwencja, a\u00a0tak\u017ce informacje o\u00a0specjalnych potrzebach edukacyjnych. &#13;\n<\/p>\n<p>&#13;<br \/>\n\u2013 Je\u017celi tworzymy tak ogromn\u0105 baz\u0119 danych, jej bezpiecze\u0144stwo musi by\u0107 absolutnym priorytetem. Tymczasem ustawa nie\u00a0daje wystarczaj\u0105cych gwarancji dotycz\u0105cych zabezpieczenia tych informacji i\u00a0dost\u0119pu do\u00a0nich. Krytycznym uchybieniem jest fakt, \u017ce\u00a0ustawa nie\u00a0okre\u015bla szczeg\u00f3\u0142owych standard\u00f3w dotycz\u0105cych szyfrowania danych, obowi\u0105zkowych audyt\u00f3w bezpiecze\u0144stwa czy\u00a0procedur reagowania na\u00a0awarie i\u00a0zagro\u017cenia \u2013\u00a0wyja\u015bni\u0142. &#13;\n<\/p>\n<p>&#13;<br \/>\nPrezydent zwr\u00f3ci\u0142 uwag\u0119 r\u00f3wnie\u017c na\u00a0koszty. Oceni\u0142, \u017ce\u00a0&#8222;budowa systemu ma\u00a0kosztowa\u0107 ponad dwie\u015bcie milion\u00f3w z\u0142otych, to\u00a0ogromne koszty z\u00a0publicznych pieni\u0119dzy&#8221;. &#13;\n<\/p>\n<p>&#13;<br \/>\n\u2013 Nie\u00a0m\u00f3wi\u0119 &#8222;nie&#8221; pa\u0144stwowemu eDziennikowi. M\u00f3wi\u0119: przygotujcie si\u0119 dobrze, przygotujcie si\u0119 lepiej. Warunki s\u0105 proste: konsultacje z\u00a0nauczycielami i\u00a0ekspertami, realne zabezpieczenie danych dzieci oraz\u00a0rozs\u0105dne i\u00a0przejrzyste koszty \u2013\u00a0wyja\u015bni\u0142. &#13;\n<\/p>\n<p>Zandberg krytykuje weto. &#8222;Absurdalny argument&#8221;<\/p>\n<p>&#13;<br \/>\nPrezydenckie weto skrytykowa\u0142 Adrian Zandberg, wsp\u00f3\u0142przewodnicz\u0105cy Partii Razem. &#13;\n<\/p>\n<p>&#13;<br \/>\n&#8222;Absurdalny jest ten argument Karola Nawrockiego w\u00a0sprawie dziennika elektronicznego, \u017ce\u00a0boi si\u0119 o\u00a0bezpiecze\u0144stwo danych. O\u00a0te same dane, dzi\u015b na\u00a0serwerach prywatnych firm, ju\u017c si\u0119 nie\u00a0boi&#8221; \u2013\u00a0napisa\u0142 na\u00a0platformie X. &#13;\n<\/p>\n<p>&#13;<br \/>\nZdaniem pos\u0142a 'wi\u0119c rodzice maj\u0105 dalej p\u0142aci\u0107 abonament biznesom, kt\u00f3re dostaj\u0105 faktyczny monopol w\u00a0szkole&#8221;. &#8222;Powetowane!&#8221; \u2013\u00a0podsumowa\u0142 Adrian Zandberg. &#13;\n<\/p>\n<p>&#13;<br \/>\n   Czytaj te\u017c:<br \/><a href=\"https:\/\/dorzeczy.pl\/opinie\/935080\/weto-do-ustawy-o-edzienniku-men-oburzone-ruchem-nawrockiego.html\" rel=\"follow nofollow noopener\" data-schema=\"DORZECZY\" data-image=\"https:\/\/img.dorzeczy.pl\/_thumb\/51\/1c\/0c7e4f1421e158269f4044259c9a.jpeg\" target=\"_blank\">&#8222;Proponuj\u0119 wysy\u0142a\u0107 rachunki na\u00a0kancelari\u0119&#8221;. MEN oburzone ruchem Nawrockiego<\/a>   Czytaj te\u017c:<br \/><a href=\"https:\/\/dorzeczy.pl\/opinie\/935047\/jozefaciuk-o-wecie-prezydenta-wobec-ustawy-o-edzienniku.html\" rel=\"follow nofollow noopener\" data-schema=\"DORZECZY\" data-image=\"https:\/\/img.dorzeczy.pl\/_thumb\/6f\/eb\/0edf67bc406bb51f10a242b635a5.jpeg\" target=\"_blank\">&#8222;Od pocz\u0105tku m\u00f3wi\u0142em&#8221;. J\u00f3zefaciuk o\u00a0wecie prezydenta: W\u0142a\u015bciwa decyzja<\/a>&#13;<\/p>\n","protected":false},"excerpt":{"rendered":"&#13; Prezydent Karol Nawrocki poinformowa\u0142 w\u00a0pi\u0105tek, \u017ce\u00a0zawetowa\u0142 nowelizacj\u0119 ustawy o\u00a0przeprowadzeniu pilota\u017cu bezp\u0142atnego, pa\u0144stwowego eDziennika. &#13; Weto Nawrockiego dotycz\u0105ce&hellip;\n","protected":false},"author":2,"featured_media":652351,"comment_status":"","ping_status":"","sticky":false,"template":"","format":"standard","meta":{"footnotes":"","_share_on_mastodon":"0"},"categories":[62712],"tags":[12004,98,127452,690,49,102,9814,1005,8206],"class_list":["post-652350","post","type-post","status-publish","format-standard","has-post-thumbnail","category-karol-nawrocki","tag-adrian-zandberg","tag-dorzeczy","tag-edziennik","tag-karol-nawrocki","tag-kraj","tag-opinie","tag-partia-razem","tag-prezydent","tag-weto"],"share_on_mastodon":{"url":"https:\/\/pubeurope.com\/@pl\/117174007420186394","error":""},"_links":{"self":[{"href":"https:\/\/www.europesays.com\/pl\/wp-json\/wp\/v2\/posts\/652350","targetHints":{"allow":["GET"]}}],"collection":[{"href":"https:\/\/www.europesays.com\/pl\/wp-json\/wp\/v2\/posts"}],"about":[{"href":"https:\/\/www.europesays.com\/pl\/wp-json\/wp\/v2\/types\/post"}],"author":[{"embeddable":true,"href":"https:\/\/www.europesays.com\/pl\/wp-json\/wp\/v2\/users\/2"}],"replies":[{"embeddable":true,"href":"https:\/\/www.europesays.com\/pl\/wp-json\/wp\/v2\/comments?post=652350"}],"version-history":[{"count":0,"href":"https:\/\/www.europesays.com\/pl\/wp-json\/wp\/v2\/posts\/652350\/revisions"}],"wp:featuredmedia":[{"embeddable":true,"href":"https:\/\/www.europesays.com\/pl\/wp-json\/wp\/v2\/media\/652351"}],"wp:attachment":[{"href":"https:\/\/www.europesays.com\/pl\/wp-json\/wp\/v2\/media?parent=652350"}],"wp:term":[{"taxonomy":"category","embeddable":true,"href":"https:\/\/www.europesays.com\/pl\/wp-json\/wp\/v2\/categories?post=652350"},{"taxonomy":"post_tag","embeddable":true,"href":"https:\/\/www.europesays.com\/pl\/wp-json\/wp\/v2\/tags?post=652350"}],"curies":[{"name":"wp","href":"https:\/\/api.w.org\/{rel}","templated":true}]}}