{"id":652444,"date":"2026-08-28T17:08:12","date_gmt":"2026-08-28T17:08:12","guid":{"rendered":"https:\/\/www.europesays.com\/pl\/652444\/"},"modified":"2026-08-28T17:08:12","modified_gmt":"2026-08-28T17:08:12","slug":"tusk-ostrzega-przed-opozycja-sprzedadza-polske-w-5-minut","status":"publish","type":"post","link":"https:\/\/www.europesays.com\/pl\/652444\/","title":{"rendered":"Tusk ostrzega przed opozycj\u0105. &#8222;Sprzedadz\u0105 Polsk\u0119 w 5 minut&#8221;"},"content":{"rendered":"\n<p>&#13;<br \/>\nPremier Donald Tusk wyst\u0105pi\u0142 w\u00a0pi\u0105tek podczas odbywaj\u0105cego si\u0119 w\u00a0Olsztynie wydarzenia <a href=\"https:\/\/dorzeczy.pl\/opinie\/935005\/nie-do-ruszenia-zaskakujace-slowa-zurka-na-campus-polska.html\" rel=\"nofollow noopener\" target=\"_blank\">&#8222;Campus Polska Przysz\u0142o\u015bci&#8221;.<\/a> &#13;\n<\/p>\n<p>Tusk uderza w\u00a0Nawrockiego podczas &#8222;Campusu Polska Przysz\u0142o\u015bci&#8221;<\/p>\n<p>&#13;<br \/>\nSzef rz\u0105du m\u00f3wi\u0142 m.in. o\u00a0prezydencie Karolu Nawrockim. &#13;\n<\/p>\n<p>&#13;<br \/>\n\u2013 Ja nigdy si\u0119 nie\u00a0zgodz\u0119 z\u00a0tym przekonaniem, \u017ce\u00a0w\u00a0polityce liczy si\u0119 wy\u0142\u0105cznie si\u0142a, skuteczno\u015b\u0107 i\u00a0cwaniactwo. Nie\u00a0zgodz\u0119 si\u0119 z\u00a0tym, \u017ce\u00a0jak kto\u015b jest silny, to\u00a0mo\u017ce wy\u0142udzi\u0107 od\u00a0kogo\u015b bezradnego, starego mieszkanie, kto\u015b mo\u017ce macha\u0107 pi\u0119\u015bci\u0105 i\u00a0straszy\u0107 dziennikarza \u2013\u00a0powiedzia\u0142. &#13;\n<\/p>\n<p>&#13;<br \/>\nDoda\u0142, \u017ce\u00a0&#8222;nie zgodzi si\u0119 z\u00a0tym, \u017ce\u00a0pa\u0144stwo organizuje si\u0119 niczym mafia po\u00a0to, \u017ceby w\u00a0\u015bwietle dnia, bez \u017cadnego wstydu okrada\u0107 w\u0142asny nar\u00f3d, w\u0142asne pa\u0144stwo&#8221;. &#13;\n<\/p>\n<p>Premier przypomina Hitlera i\u00a0przestrzega przed &#8222;skrajn\u0105 prawic\u0105&#8221;<\/p>\n<p>&#13;<br \/>\nDonald Tusk powiedzia\u0142 te\u017c, \u017ce\u00a0&#8222;kiedy Hitler dochodzi\u0142 do\u00a0w\u0142adzy, nie\u00a0por\u00f3wnuj\u0119, to\u00a0nie jest analogia historyczna, ale\u00a0pewien mechanizm dzia\u0142a w\u00a0podobny spos\u00f3b na\u00a0przestrzeni dziej\u00f3w, to\u00a0on do\u015b\u0107 otwarcie wypisywa\u0142 i\u00a0m\u00f3wi\u0142 rzeczy, kt\u00f3re p\u00f3\u017aniej zrobi\u0142&#8221;. &#13;\n<\/p>\n<p>&#13;<br \/>\n\u2013 Wygrywa\u0142 wybory, bo\u00a0ludzie s\u0142yszeli tylko to, co\u00a0chcieli us\u0142ysze\u0107, a\u00a0przede wszystkim widzieli go\u015bcia, kt\u00f3ry powiedzia\u0142: &#8222;jestem silny, \u017bydzi was okradaj\u0105, bolszewicy chc\u0105 was wyko\u0144czy\u0107, dajcie 100 proc. w\u0142adzy, zrobi\u0119 z\u00a0tym porz\u0105dek&#8221;. Pami\u0119tajcie o\u00a0tym, bo\u00a0ta lekcja ma\u00a0naprawd\u0119 niestety uniwersalny charakter \u2013\u00a0oceni\u0142. &#13;\n<\/p>\n<p>&#13;<br \/>\nPremier zaapelowa\u0142 do\u00a0m\u0142odych ludzi zgromadzonych na\u00a0&#8222;Campusie Polska Przysz\u0142o\u015bci&#8221;, aby\u00a0nie dali sobie wm\u00f3wi\u0107, bo\u00a0\u2013 jak doda\u0142 \u2013\u00a0&#8222;to by\u0142aby rzeczywista kapitulacja, \u017ce\u00a0jak jest trend, to\u00a0przeciwko trendowi nie\u00a0ma\u00a0co wyst\u0119powa\u0107&#8221;. &#13;\n<\/p>\n<p>&#13;<br \/>\n\u2013 Dzisiaj jest trend na\u00a0ca\u0142ym \u015bwiecie, szczeg\u00f3lnie w\u00a0Europie, na\u00a0radykaln\u0105 prawic\u0119, no to\u00a0nie ma\u00a0si\u0119 co\u00a0temu stawia\u0107. Przeczekamy albo si\u0119 zapiszemy do\u00a0tego trendu, bo\u00a0fajnie jest te\u017c by\u0107 po\u00a0stronie silniejszego, wtedy kiedy on sprawia wra\u017cenie silniejszego. Wy\u00a0b\u0105d\u017acie silniejsi \u2013\u00a0doda\u0142. &#13;\n<\/p>\n<p>Tusk przestrzega przed Braunem, Bosakiem i\u00a0cz\u0119\u015bci\u0105 PiS<\/p>\n<p>&#13;<br \/>\nSzef rz\u0105du stwierdzi\u0142, \u017ce\u00a0&#8222;my martwmy si\u0119 o\u00a0tych, kt\u00f3rzy w\u00a0Polsce dzisiaj maj\u0105 15, 20, 25 proc. poparcia, kt\u00f3rzy jawnie ju\u017c w\u00a0tej chwili stanowi\u0105 tak\u0105 opcj\u0119 prorosyjsk\u0105 i\u00a0antyukrai\u0144sk\u0105 w\u00a0obliczu wojny&#8221;. &#13;\n<\/p>\n<p>&#13;<br \/>\n\u2013 To\u00a0zagro\u017cenie fundamentalne dla\u00a0nas wszystkich, dla\u00a0naszego \u017cycia, dla\u00a0niepodleg\u0142o\u015bci pa\u0144stwa polskiego. Tu nie\u00a0mo\u017ce by\u0107 \u017cadnego, najmniejszego wahania. Partia Brauna, cz\u0119\u015b\u0107 partii Bosaka, cz\u0119\u015b\u0107 PiS-u \u2013\u00a0to\u00a0s\u0105 ludzie, kt\u00f3rzy Polsk\u0119 sprzedadz\u0105 w\u00a0pi\u0119\u0107 minut. Czy\u00a0z\u00a0g\u0142upoty, czy\u00a0dla\u00a0zdrady, czy\u00a0dla\u00a0pieni\u0119dzy, czy\u00a0dla\u00a0ideologii jakiej\u015b przera\u017aliwej, ale\u00a0to\u00a0b\u0119dzie oznacza\u0142o tak naprawd\u0119 realne zagro\u017cenie dla\u00a0fundament\u00f3w naszego pa\u0144stwa \u2013\u00a0oceni\u0142. &#13;\n<\/p>\n<p>&#13;<br \/>\n   Czytaj te\u017c:<br \/><a href=\"https:\/\/dorzeczy.pl\/opinie\/935005\/nie-do-ruszenia-zaskakujace-slowa-zurka-na-campus-polska.html\" rel=\"follow nofollow noopener\" data-schema=\"DORZECZY\" data-image=\"https:\/\/img.dorzeczy.pl\/_thumb\/42\/ae\/ab53635a74d28d48823a784a3ff3.jpeg\" target=\"_blank\">&#8222;Wydawa\u0142 si\u0119 nie\u00a0do\u00a0ruszenia&#8221;. Zaskakuj\u0105ce s\u0142owa \u017burka na\u00a0Campus Polska<\/a>   Czytaj te\u017c:<br \/><a href=\"https:\/\/dorzeczy.pl\/opinie\/934798\/rektor-wam-ostro-o-kotuli-jest-niedouczona-poszlo-o-jej-slowa-o-wolyniu.html\" rel=\"follow nofollow noopener\" data-schema=\"DORZECZY\" data-image=\"https:\/\/img.dorzeczy.pl\/_thumb\/cb\/45\/f6d49a67f3b5128fa069802b0d51.jpeg\" target=\"_blank\">Kotula m\u00f3wi o\u00a0&#8222;wygrzebaniu&#8221; historii Wo\u0142ynia. Kusznieruk: Ta\u00a0pani jest niedouczona<\/a> &#13;<\/p>\n","protected":false},"excerpt":{"rendered":"&#13; Premier Donald Tusk wyst\u0105pi\u0142 w\u00a0pi\u0105tek podczas odbywaj\u0105cego si\u0119 w\u00a0Olsztynie wydarzenia &#8222;Campus Polska Przysz\u0142o\u015bci&#8221;. &#13; Tusk uderza w\u00a0Nawrockiego&hellip;\n","protected":false},"author":2,"featured_media":652445,"comment_status":"","ping_status":"","sticky":false,"template":"","format":"standard","meta":{"footnotes":"","_share_on_mastodon":"0"},"categories":[62713],"tags":[3549,18048,126275,1345,98,690,49,102,529,101],"class_list":["post-652444","post","type-post","status-publish","format-standard","has-post-thumbnail","category-donald-tusk","tag-bosak","tag-braun","tag-campus-polska-przyszlosci","tag-donald-tusk","tag-dorzeczy","tag-karol-nawrocki","tag-kraj","tag-opinie","tag-pis","tag-premier"],"share_on_mastodon":{"url":"https:\/\/pubeurope.com\/@pl\/117174239794464631","error":""},"_links":{"self":[{"href":"https:\/\/www.europesays.com\/pl\/wp-json\/wp\/v2\/posts\/652444","targetHints":{"allow":["GET"]}}],"collection":[{"href":"https:\/\/www.europesays.com\/pl\/wp-json\/wp\/v2\/posts"}],"about":[{"href":"https:\/\/www.europesays.com\/pl\/wp-json\/wp\/v2\/types\/post"}],"author":[{"embeddable":true,"href":"https:\/\/www.europesays.com\/pl\/wp-json\/wp\/v2\/users\/2"}],"replies":[{"embeddable":true,"href":"https:\/\/www.europesays.com\/pl\/wp-json\/wp\/v2\/comments?post=652444"}],"version-history":[{"count":0,"href":"https:\/\/www.europesays.com\/pl\/wp-json\/wp\/v2\/posts\/652444\/revisions"}],"wp:featuredmedia":[{"embeddable":true,"href":"https:\/\/www.europesays.com\/pl\/wp-json\/wp\/v2\/media\/652445"}],"wp:attachment":[{"href":"https:\/\/www.europesays.com\/pl\/wp-json\/wp\/v2\/media?parent=652444"}],"wp:term":[{"taxonomy":"category","embeddable":true,"href":"https:\/\/www.europesays.com\/pl\/wp-json\/wp\/v2\/categories?post=652444"},{"taxonomy":"post_tag","embeddable":true,"href":"https:\/\/www.europesays.com\/pl\/wp-json\/wp\/v2\/tags?post=652444"}],"curies":[{"name":"wp","href":"https:\/\/api.w.org\/{rel}","templated":true}]}}