{"id":652484,"date":"2026-08-28T17:32:10","date_gmt":"2026-08-28T17:32:10","guid":{"rendered":"https:\/\/www.europesays.com\/pl\/652484\/"},"modified":"2026-08-28T17:32:10","modified_gmt":"2026-08-28T17:32:10","slug":"waloryzacja-emerytur-i-rent-2027-takie-podwyzki-rzad-zaplanowal-w-budzecie","status":"publish","type":"post","link":"https:\/\/www.europesays.com\/pl\/652484\/","title":{"rendered":"Waloryzacja emerytur i rent 2027. Takie podwy\u017cki rz\u0105d zaplanowa\u0142 w bud\u017cecie"},"content":{"rendered":"<p>Om\u00f3wienie<\/p>\n<ul class=\"space-y-5\">\n<li class=\"relative pl-5\">\n<p class=\"font-inter text-base font-medium leading-[145%] text-[#111]\">Prognozowany wska\u017anik waloryzacji emerytur na 2027 rok wynosi 3,66% (oparty na inflacji i wzro\u015bcie p\u0142ac).<\/p>\n<\/li>\n<li class=\"relative pl-5\">\n<p class=\"font-inter text-base font-medium leading-[145%] text-[#111]\">Minimalna emerytura, kt\u00f3ra w 2026 roku wynosi 1978,49 z\u0142 brutto, mo\u017ce wzrosn\u0105\u0107 w 2027 roku do poziomu 2050,90 z\u0142 brutto.<\/p>\n<\/li>\n<li class=\"relative pl-5\">\n<p class=\"font-inter text-base font-medium leading-[145%] text-[#111]\">Ostateczne warto\u015bci podwy\u017cek zostan\u0105 zatwierdzone na pocz\u0105tku 2027 roku po publikacji ostatecznych danych przez GUS.<\/p>\n<\/li>\n<\/ul>\n<p class=\"font-primary mb-8 text-lg leading-[1.55] [&amp;_a]:text-[#23437D] [&amp;_a]:underline [&amp;_a]:font-bold\">Z najnowszego projektu ustawy bud\u017cetowej na 2027 rok wy\u0142ania si\u0119 obraz przysz\u0142orocznych podwy\u017cek dla senior\u00f3w. Waloryzacja \u015bwiadcze\u0144 emerytalno-rentowych w Polsce zale\u017cy od dw\u00f3ch kluczowych czynnik\u00f3w makroekonomicznych: \u015bredniorocznej inflacji z poprzedniego roku oraz co najmniej 20% realnego wzrostu przeci\u0119tnego wynagrodzenia.<\/p>\n<p class=\"font-primary mb-8 text-lg leading-[1.55] [&amp;_a]:text-[#23437D] [&amp;_a]:underline [&amp;_a]:font-bold\">Przy obliczaniu waloryzacji pod uwag\u0119 brana jest inflacja gospodarstw domowych emeryt\u00f3w i rencist\u00f3w, chyba \u017ce \u015brednioroczna inflacja og\u00f3\u0142em oka\u017ce si\u0119 od niej wy\u017csza. Rz\u0105d ustali\u0142 jednocze\u015bnie, \u017ce w 2027 roku cz\u0119\u015b\u0107 wska\u017anika wynikaj\u0105ca ze wzrostu p\u0142ac b\u0119dzie odpowiada\u0142a ustawowemu minimum, czyli 20% realnego wzrostu przeci\u0119tnego wynagrodzenia w 2026 roku.<\/p>\n<p>Waloryzacja 2027. O ile wzrosn\u0105 emerytury i renty?<\/p>\n<p class=\"font-primary mb-8 text-lg leading-[1.55] [&amp;_a]:text-[#23437D] [&amp;_a]:underline [&amp;_a]:font-bold\">Wed\u0142ug zaktualizowanych przez Ministerstwo Finans\u00f3w prognoz, inflacja ma ukszta\u0142towa\u0107 si\u0119 na poziomie 3%, a realny wzrost wynagrodze\u0144 osi\u0105gnie 3,3%. Zastosowanie ustawowego wzoru do tych danych daje szacunkowy wska\u017anik waloryzacji na poziomie 3,66%.<\/p>\n<p class=\"font-primary mb-8 text-lg leading-[1.55] [&amp;_a]:text-[#23437D] [&amp;_a]:underline [&amp;_a]:font-bold\">Ostateczna waloryzacja mo\u017ce by\u0107 jednak wy\u017csza. Obecny szacunek zak\u0142ada, \u017ce w\u0142a\u015bciwy do oblicze\u0144 wska\u017anik wzrostu cen wyniesie 3 proc. Je\u017celi \u015brednioroczna inflacja gospodarstw emeryt\u00f3w i rencist\u00f3w za 2026 rok oka\u017ce si\u0119 wy\u017csza, wzro\u015bnie r\u00f3wnie\u017c wska\u017anik waloryzacji.<\/p>\n<p class=\"font-primary mb-8 text-lg leading-[1.55] [&amp;_a]:text-[#23437D] [&amp;_a]:underline [&amp;_a]:font-bold\">Oznacza to korekt\u0119 w g\u00f3r\u0119 wzgl\u0119dem wcze\u015bniejszych, bardziej ostro\u017cnych szacunk\u00f3w rz\u0105du, kt\u00f3re zak\u0142ada\u0142y waloryzacj\u0119 na poziomie co najmniej 3,48%. Wed\u0142ug czerwcowej prognozy najni\u017csza emerytura mia\u0142a wzrosn\u0105\u0107 do 2047,34 z\u0142 brutto. Nowe za\u0142o\u017cenia podnosz\u0105 t\u0119 kwot\u0119 o oko\u0142o 3,56 z\u0142 miesi\u0119cznie.<\/p>\n<p>Ile zyskaj\u0105 emeryci w 2027 roku? Nowa emerytura minimalna<\/p>\n<p class=\"font-primary mb-8 text-lg leading-[1.55] [&amp;_a]:text-[#23437D] [&amp;_a]:underline [&amp;_a]:font-bold\">Wska\u017anik ten pozwala na symulacj\u0119 konkretnych kwot, jakie trafi\u0105 do portfeli senior\u00f3w. Od 1 marca 2026 roku minimalna emerytura w Polsce wynosi 1978,49 z\u0142 brutto miesi\u0119cznie. Je\u015bli waloryzacja w 2027 roku ostatecznie utrzyma si\u0119 na poziomie 3,66%, \u015bwiadczenie to wzro\u015bnie do oko\u0142o 2050,90 z\u0142 brutto.<\/p>\n<p class=\"font-primary mb-8 text-lg leading-[1.55] [&amp;_a]:text-[#23437D] [&amp;_a]:underline [&amp;_a]:font-bold\">Dla os\u00f3b pobieraj\u0105cych \u015bwiadczenie minimalne oznacza to podwy\u017ck\u0119 rz\u0119du 72,41 z\u0142 brutto ka\u017cdego miesi\u0105ca. Podany wska\u017anik b\u0119dzie mia\u0142 zastosowanie r\u00f3wnie\u017c do wy\u017cszych emerytur i rent podlegaj\u0105cych corocznej waloryzacji. Waloryzacja zostanie przeprowadzona 1 marca 2027 roku.<\/p>\n<p>Wzro\u015bnie tak\u017ce 13. emerytura<\/p>\n<p class=\"font-primary mb-8 text-lg leading-[1.55] [&amp;_a]:text-[#23437D] [&amp;_a]:underline [&amp;_a]:font-bold\">Podwy\u017cka najni\u017cszej emerytury prze\u0142o\u017cy si\u0119 r\u00f3wnie\u017c na wysoko\u015b\u0107 trzynastej emerytury. Dodatkowe roczne \u015bwiadczenie odpowiada wysoko\u015bci najni\u017cszej emerytury obowi\u0105zuj\u0105cej po marcowej waloryzacji.<\/p>\n<p class=\"font-primary mb-8 text-lg leading-[1.55] [&amp;_a]:text-[#23437D] [&amp;_a]:underline [&amp;_a]:font-bold\">Je\u017celi wi\u0119c minimalna emerytura wzro\u015bnie do oko\u0142o 2050,90 z\u0142 brutto, tyle samo wyniesie w 2027 roku trzynasta emerytura. Jej ostateczna wysoko\u015b\u0107, podobnie jak minimalnej emerytury, b\u0119dzie zale\u017ca\u0142a od rzeczywistych danych wykorzystywanych do ustalenia wska\u017anika waloryzacji.<\/p>\n<p>W 2026 roku waloryzacja by\u0142a wy\u017csza od prognoz<\/p>\n<p class=\"font-primary mb-8 text-lg leading-[1.55] [&amp;_a]:text-[#23437D] [&amp;_a]:underline [&amp;_a]:font-bold\">Tegoroczny przyk\u0142ad pokazuje, \u017ce wska\u017anik wynikaj\u0105cy z za\u0142o\u017ce\u0144 bud\u017cetowych mo\u017ce jeszcze ulec zmianie. Z prognoz zapisanych przy konstruowaniu bud\u017cetu na 2026 rok wynika\u0142a waloryzacja emerytur i rent na poziomie 4,88%.<\/p>\n<p class=\"font-primary mb-8 text-lg leading-[1.55] [&amp;_a]:text-[#23437D] [&amp;_a]:underline [&amp;_a]:font-bold\">Ostatecznie, po uwzgl\u0119dnieniu rzeczywistych danych o inflacji i wynagrodzeniach, \u015bwiadczenia wzros\u0142y od 1 marca 2026 roku o 5,3%, czyli o 0,42 pkt proc. wi\u0119cej od wcze\u015bniejszej prognozy.<\/p>\n<p class=\"font-primary mb-8 text-lg leading-[1.55] [&amp;_a]:text-[#23437D] [&amp;_a]:underline [&amp;_a]:font-bold\">Podobnie mo\u017ce by\u0107 w 2027 roku. Obecne 3,66% jest prognoz\u0105 wynikaj\u0105c\u0105 z aktualnych za\u0142o\u017ce\u0144 makroekonomicznych, a nie ostatecznym wska\u017anikiem waloryzacji.<\/p>\n<p class=\"font-primary mb-8 text-lg leading-[1.55] [&amp;_a]:text-[#23437D] [&amp;_a]:underline [&amp;_a]:font-bold\">Nasze obecne wyliczenia opieraj\u0105 si\u0119 na za\u0142o\u017ceniach bud\u017cetowych. Ostateczny wska\u017anik waloryzacji zostanie og\u0142oszony dopiero na pocz\u0105tku 2027 roku. Wtedy G\u0142\u00f3wny Urz\u0105d Statystyczny (GUS) opublikuje ostateczne dane dotycz\u0105ce rzeczywistej inflacji i realnego wzrostu wynagrodze\u0144, na podstawie kt\u00f3rych waloryzacja zostanie oficjalnie sfinalizowana.<\/p>\n<p>Redakcja poleca<\/p>\n","protected":false},"excerpt":{"rendered":"Om\u00f3wienie Prognozowany wska\u017anik waloryzacji emerytur na 2027 rok wynosi 3,66% (oparty na inflacji i wzro\u015bcie p\u0142ac). Minimalna emerytura,&hellip;\n","protected":false},"author":2,"featured_media":652485,"comment_status":"","ping_status":"","sticky":false,"template":"","format":"standard","meta":{"footnotes":"","_share_on_mastodon":"0"},"categories":[16],"tags":[113,112,4287,19254,42,38,40,39,41,4058,660],"class_list":["post-652484","post","type-post","status-publish","format-standard","has-post-thumbnail","category-biznes","tag-biznes","tag-business","tag-emerytury","tag-finanse-osobiste","tag-pl","tag-poland","tag-polish","tag-polska","tag-polski","tag-waloryzacja","tag-zus"],"share_on_mastodon":{"url":"https:\/\/pubeurope.com\/@pl\/117174334214127876","error":""},"_links":{"self":[{"href":"https:\/\/www.europesays.com\/pl\/wp-json\/wp\/v2\/posts\/652484","targetHints":{"allow":["GET"]}}],"collection":[{"href":"https:\/\/www.europesays.com\/pl\/wp-json\/wp\/v2\/posts"}],"about":[{"href":"https:\/\/www.europesays.com\/pl\/wp-json\/wp\/v2\/types\/post"}],"author":[{"embeddable":true,"href":"https:\/\/www.europesays.com\/pl\/wp-json\/wp\/v2\/users\/2"}],"replies":[{"embeddable":true,"href":"https:\/\/www.europesays.com\/pl\/wp-json\/wp\/v2\/comments?post=652484"}],"version-history":[{"count":0,"href":"https:\/\/www.europesays.com\/pl\/wp-json\/wp\/v2\/posts\/652484\/revisions"}],"wp:featuredmedia":[{"embeddable":true,"href":"https:\/\/www.europesays.com\/pl\/wp-json\/wp\/v2\/media\/652485"}],"wp:attachment":[{"href":"https:\/\/www.europesays.com\/pl\/wp-json\/wp\/v2\/media?parent=652484"}],"wp:term":[{"taxonomy":"category","embeddable":true,"href":"https:\/\/www.europesays.com\/pl\/wp-json\/wp\/v2\/categories?post=652484"},{"taxonomy":"post_tag","embeddable":true,"href":"https:\/\/www.europesays.com\/pl\/wp-json\/wp\/v2\/tags?post=652484"}],"curies":[{"name":"wp","href":"https:\/\/api.w.org\/{rel}","templated":true}]}}