{"id":652496,"date":"2026-08-28T17:38:25","date_gmt":"2026-08-28T17:38:25","guid":{"rendered":"https:\/\/www.europesays.com\/pl\/652496\/"},"modified":"2026-08-28T17:38:25","modified_gmt":"2026-08-28T17:38:25","slug":"od-jutra-w-dino-33-gratis-22-gratis-i-11-gratis-dla-wszystkich-rmf-fm","status":"publish","type":"post","link":"https:\/\/www.europesays.com\/pl\/652496\/","title":{"rendered":"Od jutra w Dino. \u201e3+3 gratis\u201d, \u201e2+2 gratis\u201d i \u201e1+1 gratis\u201d dla wszystkich :: RMF FM"},"content":{"rendered":"<p>Dino zapowiada na nadchodz\u0105cy weekend wielkie promocje. Do sklep\u00f3w sieci w\u0142a\u015bnie zawita\u0142y okazje takie jak \u201e3+3 gratis\u201d czy \u201e2+2 gratis\u201d, w marketach zaroi\u0142o si\u0119 ponadto od du\u017cych przecen. Szczeg\u00f3lne wra\u017cenie robi m.in. ta z 3,49 z\u0142 do 0,98 z\u0142 na popularne lody.<\/p>\n<p><img decoding=\"async\" alt=\"\" src=\"https:\/\/www.europesays.com\/pl\/wp-content\/uploads\/2026\/08\/nowe-promocje-w-dino-do-30-sierpnia-1200x800-9d557ea1.jpg\" class=\"w-100\"\/><\/p>\n<p>Nowe promocje w Dino do 30 sierpnia, \u017ar\u00f3d\u0142o: Shutterstock<\/p>\n<p><a href=\"https:\/\/www.rmf.fm\/magazyn\/tag,Dino.html\" target=\"_blank\" rel=\"noopener noreferrer nofollow\" style=\"color:var(--rmf-navy-color);text-decoration:underline\">Dino<\/a> \u2013 do 30 sierpnia<\/p>\n<p>Najbli\u017csza niedziela b\u0119dzie handlowa, a w zwi\u0105zku z ni\u0105 Dino zdecydowa\u0142o si\u0119 uruchomi\u0107 specjaln\u0105 ofert\u0119. W ramach najnowszej gazetki, obowi\u0105zuj\u0105cej ju\u017c od 28 sierpnia, sie\u0107 uruchomi\u0142a m.in. sporo nowych akcji z gratisami. W\u015br\u00f3d nich s\u0105 nawet \u201e3+3 gratis\u201d \u2013 jedn\u0105 z takich promocji sie\u0107 obj\u0119\u0142a litrowe soki pomara\u0144czowe Hortex, a kolejn\u0105 puszyste serki Baku\u015b z Bakomy. Je\u015bli we\u017amie si\u0119 sze\u015b\u0107 sztuk danego produktu, po\u0142owa b\u0119dzie jak za darmo.<\/p>\n<p>Nast\u0119pnymi zaplanowanymi do 30 sierpnia w\u0142\u0105cznie okazjami s\u0105 \u201e2+2 gratis\u201d. Takimi ofertami obj\u0119to w\u0142a\u015bnie wafelki kakaowe w czekoladzie Wi-Fi Deliss, musy owocowe Owolovo czy lody na patyku Lulek z Korala. Podobnych promocji nie brakuje te\u017c w konkurencyjnej Biedronce, kt\u00f3ra ma teraz np. \u201e2+2 gratis\u201d na lody Marletto:<\/p>\n<p>Zobacz tak\u017ce<\/p>\n<p><a href=\"https:\/\/www.rmf.fm\/hot-news\/news,n1015249,od-jutra-w-biedronce-za-2-zl-regularnie-kosztuje-3799-zl.html\" target=\"_blank\" rel=\"noopener noreferrer nofollow\" style=\"color:var(--rmf-navy-color);text-decoration:underline\"><img decoding=\"async\" src=\"https:\/\/www.europesays.com\/pl\/wp-content\/uploads\/2026\/08\/nowe-promocje-w-biedronce-od-27-sierpnia-1200x800-432544cd.jpg\" width=\"290\" alt=\"\"\/><\/a><a href=\"https:\/\/www.rmf.fm\/hot-news\/news,n1015249,od-jutra-w-biedronce-za-2-zl-regularnie-kosztuje-3799-zl.html\" target=\"_blank\" rel=\"noopener noreferrer nofollow\" style=\"color:var(--rmf-navy-color);text-decoration:underline\">Od jutra w Biedronce za 2 z\u0142. Regularnie kosztuje 37,99 z\u0142<\/a><\/p>\n<p>Biedronka ujawni\u0142a, czego klienci mog\u0105 spodziewa\u0107 si\u0119 w jej sklepach od czwartku 27 sierpnia. W nowej ofercie sieci zanosi si\u0119 na zatrz\u0119sienie akcji z gratisami \u2013 od \u201e1+1 gratis\u201d po \u201e6+6 gratis\u201d. Pojawi\u0105 si\u0119 te\u017c kolejne specjalne okazje z produktami\u2026<\/p>\n<p>Stoj\u0105c przy zamra\u017carkach w Dino, warto r\u00f3wnie\u017c zwr\u00f3ci\u0107 uwag\u0119 na lody na patyku Bungee. Sie\u0107 mocno je przeceni\u0142a, wprowadzaj\u0105c obni\u017ck\u0119 do 0,98 z\u0142 za sztuk\u0119, podczas gdy cena regularna to 3,49 z\u0142. Je\u017celi mowa o przecenach, to Dino pozwala te\u017c sporo zaoszcz\u0119dzi\u0107 na mleczkach czyszcz\u0105cych Cif. Aktualnie s\u0105 do dostania po 9,79 z\u0142 zamiast regularnych 16,99 z\u0142.<\/p>\n<p>Dino \u2013 nowe promocje<\/p>\n<p>Kolejne kusz\u0105ce oferty obowi\u0105zuj\u0105 w Dino w ramach wprowadzonej ju\u017c w \u015brod\u0119 <a href=\"https:\/\/www.rmf.fm\/styl-zycia\/news,n1015083,od-jutra-w-dino-5-5-gratis-mozna-brac-ile-sie-udzwignie.html\" target=\"_blank\" rel=\"noopener noreferrer nofollow\" style=\"color:var(--rmf-navy-color);text-decoration:underline\">gazetki promocyjnej, kt\u00f3ra pozostanie wa\u017cna do 1 wrze\u015bnia<\/a> w\u0142\u0105cznie. Do tego czasu klienci skorzystaj\u0105 tak\u017ce m.in. z \u201e5+5 gratis\u201d na wafle Grze\u015bki Mega, \u201e1+1 gratis\u201d na herbat\u0119 czarn\u0105 Lipton w du\u017cym opakowaniu czy \u201e1+1 gratis\u201d na p\u0142yny do toalet Domestos.<\/p>\n<p>Zobacz tak\u017ce<\/p>\n<p><a href=\"https:\/\/www.rmf.fm\/styl-zycia\/zdrowie\/news,n1015555,pilny-komunikat-lidla-z-ostatniej-chwili-prosimy-o-niespozywanie-i-zwrot-produktu.html\" target=\"_blank\" rel=\"noopener noreferrer nofollow\" style=\"color:var(--rmf-navy-color);text-decoration:underline\"><img decoding=\"async\" src=\"https:\/\/www.europesays.com\/pl\/wp-content\/uploads\/2026\/08\/kolejne-wycofanie-z-lidla-1200x800-5b4360fc.jpg\" width=\"290\" alt=\"\"\/><\/a><a href=\"https:\/\/www.rmf.fm\/styl-zycia\/zdrowie\/news,n1015555,pilny-komunikat-lidla-z-ostatniej-chwili-prosimy-o-niespozywanie-i-zwrot-produktu.html\" target=\"_blank\" rel=\"noopener noreferrer nofollow\" style=\"color:var(--rmf-navy-color);text-decoration:underline\">Pilny komunikat Lidla z ostatniej chwili. \u201eProsimy o niespo\u017cywanie i zwrot produktu\u201d<\/a><\/p>\n<p>Lidl informuje o wycofaniu kolejnego w ostatnim czasie produktu. Sie\u0107 wyda\u0142a w\u0142a\u015bnie komunikat dotycz\u0105cy jednego z wyrob\u00f3w \u0141owicz z powodu mo\u017cliwej obecno\u015bci toksyny botulinowej. \u201eProsimy o jego niespo\u017cywanie oraz o zwrot w punkcie sprzeda\u017cy\u201d \u2013\u2026<\/p>\n","protected":false},"excerpt":{"rendered":"Dino zapowiada na nadchodz\u0105cy weekend wielkie promocje. Do sklep\u00f3w sieci w\u0142a\u015bnie zawita\u0142y okazje takie jak \u201e3+3 gratis\u201d czy&hellip;\n","protected":false},"author":2,"featured_media":652497,"comment_status":"","ping_status":"","sticky":false,"template":"","format":"standard","meta":{"footnotes":"","_share_on_mastodon":"0"},"categories":[52249],"tags":[857,861,41997,860,42,38,40,39,41,862],"class_list":["post-652496","post","type-post","status-publish","format-standard","has-post-thumbnail","category-dino-polska","tag-dino","tag-dino-gazetka","tag-dino-polska","tag-dino-promocje","tag-pl","tag-poland","tag-polish","tag-polska","tag-polski","tag-promocje"],"share_on_mastodon":{"url":"https:\/\/pubeurope.com\/@pl\/117174357768604610","error":""},"_links":{"self":[{"href":"https:\/\/www.europesays.com\/pl\/wp-json\/wp\/v2\/posts\/652496","targetHints":{"allow":["GET"]}}],"collection":[{"href":"https:\/\/www.europesays.com\/pl\/wp-json\/wp\/v2\/posts"}],"about":[{"href":"https:\/\/www.europesays.com\/pl\/wp-json\/wp\/v2\/types\/post"}],"author":[{"embeddable":true,"href":"https:\/\/www.europesays.com\/pl\/wp-json\/wp\/v2\/users\/2"}],"replies":[{"embeddable":true,"href":"https:\/\/www.europesays.com\/pl\/wp-json\/wp\/v2\/comments?post=652496"}],"version-history":[{"count":0,"href":"https:\/\/www.europesays.com\/pl\/wp-json\/wp\/v2\/posts\/652496\/revisions"}],"wp:featuredmedia":[{"embeddable":true,"href":"https:\/\/www.europesays.com\/pl\/wp-json\/wp\/v2\/media\/652497"}],"wp:attachment":[{"href":"https:\/\/www.europesays.com\/pl\/wp-json\/wp\/v2\/media?parent=652496"}],"wp:term":[{"taxonomy":"category","embeddable":true,"href":"https:\/\/www.europesays.com\/pl\/wp-json\/wp\/v2\/categories?post=652496"},{"taxonomy":"post_tag","embeddable":true,"href":"https:\/\/www.europesays.com\/pl\/wp-json\/wp\/v2\/tags?post=652496"}],"curies":[{"name":"wp","href":"https:\/\/api.w.org\/{rel}","templated":true}]}}