{"id":652498,"date":"2026-08-28T17:41:37","date_gmt":"2026-08-28T17:41:37","guid":{"rendered":"https:\/\/www.europesays.com\/pl\/652498\/"},"modified":"2026-08-28T17:41:37","modified_gmt":"2026-08-28T17:41:37","slug":"na-zywo-pko-bp-ekstraklasa-wisla-plock-korona-kielce-cksport-pl-sport-kielce-korona-kielce","status":"publish","type":"post","link":"https:\/\/www.europesays.com\/pl\/652498\/","title":{"rendered":"NA \u017bYWO! PKO BP Ekstraklasa: Wis\u0142a P\u0142ock \u2013 Korona Kielce &#8211; CKsport.pl &#8211; Sport Kielce | Korona Kielce"},"content":{"rendered":"<p>W 6. kolejce PKO BP Ekstraklasy Korona Kielce zmierzy si\u0119 na wyje\u017adzie z Wis\u0142\u0105 P\u0142ock. Starcie \u201eKoroniarzy\u201d przeciwko dru\u017cynie Adama Majewskiego b\u0119dziecie mogli \u015bledzi\u0107 w relacji NA \u017bYWO.<\/p>\n<p>Bolesna pora\u017cka z GKS-em Katowice sprawi\u0142a, \u017ce Wis\u0142a P\u0142ock b\u0119dzie szuka\u0107 prze\u0142amania przed w\u0142asn\u0105 publiczno\u015bci\u0105. Trener Korony Kielce, Jacek Zieli\u0144ski, ma \u015bwiadomo\u015b\u0107, \u017ce Nafciarze wyjd\u0105 na boisko mocno podra\u017cnieni, jednak Kielczanie \u2013 mimo trudnego terenu \u2013 wierz\u0105 we w\u0142asne umiej\u0119tno\u015bci i nastawiaj\u0105 si\u0119 na zaci\u0119t\u0105 walk\u0119.<\/p>\n<p>\u2013 My\u015bl\u0119, \u017ce taki mecz jak ich ostatni z GKS-em rzadko kiedy si\u0119 powtarza. Na pewno Wis\u0142a b\u0119dzie zraniona, mocno podra\u017cniona, szukaj\u0105ca odbicia, szukaj\u0105ca rewan\u017cu, wi\u0119c trafiamy na taki zesp\u00f3\u0142, kt\u00f3ry b\u0119dzie chcia\u0142 si\u0119 zrehabilitowa\u0107 swoim kibicom. Jeste\u015bmy jednak do tego przyzwyczajeni, wi\u0119c zawsze te mecze s\u0105 ci\u0119\u017ckie. To jest Ekstraklasa, czyli specyficzna liga, wi\u0119c spodziewamy si\u0119 trudnego starcia, ale te\u017c mocno wierzymy we w\u0142asne umiej\u0119tno\u015bci \u2013 <a href=\"https:\/\/www.cksport.pl\/pokazWiadomosc\/34126_zielinski_przed_wisla_plock_spodziewamy_sie_trudnego_meczu.html\" rel=\"nofollow noopener\" target=\"_blank\">powiedzia\u0142 przed spotkaniem Jacek Zieli\u0144ski<\/a>, szkoleniowiec \u201e\u017c\u00f3\u0142to-czerwonych\u201d.<\/p>\n<p>\u00a0<\/p>\n<p> <img decoding=\"async\" style=\"height: 40px; width: auto; display: block;\" src=\"https:\/\/www.europesays.com\/pl\/wp-content\/uploads\/2026\/08\/1787938892_644_ck_sport_1.png\" alt=\"CK Sport Logo\"\/> <\/p>\n<p style=\"font-size: clamp(11px, 3vw, 13px); font-weight: bold; color: #ffd700; text-transform: uppercase; letter-spacing: 2.5px; margin: 0px 0px 10px; opacity: 0.9; text-align: center;\">PKO BP Ekstraklasa<\/p>\n<p>\u00a0<\/p>\n<p><img decoding=\"async\" style=\"height: clamp(65px, 12vw, 95px); width: auto; object-fit: contain; margin-bottom: 15px; filter: drop-shadow(0 4px 8px rgba(0,0,0,0.5));\" src=\"https:\/\/www.europesays.com\/pl\/wp-content\/uploads\/2026\/08\/wisla_herb_1.png\" alt=\"Wis\u0142a P\u0142ock\"\/> Wis\u0142a P\u0142ock<\/p>\n<p>VS<\/p>\n<p><img decoding=\"async\" style=\"height: clamp(65px, 12vw, 95px); width: auto; object-fit: contain; margin-bottom: 15px; filter: drop-shadow(0 4px 8px rgba(0,0,0,0.5));\" src=\"https:\/\/www.europesays.com\/pl\/wp-content\/uploads\/2026\/08\/1787938894_87_kor_9.png\" alt=\"Korona Kielce\"\/> Korona Kielce<\/p>\n<p style=\"font-size: clamp(14px, 4vw, 18px); color: #cfcfcf; margin-bottom: 25px; text-align: center;\">Pi\u0105tek, 28 sierpnia \u2022 Godzina 18.00<\/p>\n<p style=\"font-size: clamp(10px, 3vw, 12px); color: rgba(255, 255, 255, 0.4); font-weight: 600; text-transform: uppercase; letter-spacing: 2px; text-align: center;\">MIEJSCE: P\u0141OCK, ORLEN STADION, UL. \u0141UKASIEWICZA 34<\/p>\n<p>Fot.<\/p>\n<p><a href=\"https:\/\/sklepmiejski.pl\/\" target=\"_blank\" rel=\"noopener nofollow\"> <img decoding=\"async\" style=\"width: 100%; height: auto; display: block;\" src=\"https:\/\/www.europesays.com\/pl\/wp-content\/uploads\/2026\/08\/1787938896_388_place_zabaw_dla_dzieci_sklep_miejski.jpg\" alt=\"Place zabaw dla d&#10;&#10;zieci Sklep Miejski\"\/> <\/a><\/p>\n<p>&#8212;&#8212;&#8212;&#8212;<br \/>\nDzi\u0119kujemy, \u017ce jeste\u015b z nami i wspierasz tw\u00f3rczo\u015b\u0107 dost\u0119pn\u0105 na CKsport.pl. Kliknij w link poni\u017cej i postaw naszej redakcji symboliczn\u0105 kaw\u0119.<\/p>\n<p><a href=\"https:\/\/buycoffee.to\/cksportpl\" target=\"_blank\" rel=\"noopener nofollow\"><img decoding=\"async\" style=\"width: 300px; display: block; margin-left: auto; margin-right: auto;\" src=\"https:\/\/buycoffee.to\/btn\/buycoffeeto-btn-primary.svg\" alt=\"Postaw mi kaw\u0119 na buycoffee.to\"\/><\/a><\/p>\n","protected":false},"excerpt":{"rendered":"W 6. kolejce PKO BP Ekstraklasy Korona Kielce zmierzy si\u0119 na wyje\u017adzie z Wis\u0142\u0105 P\u0142ock. Starcie \u201eKoroniarzy\u201d przeciwko&hellip;\n","protected":false},"author":2,"featured_media":652499,"comment_status":"","ping_status":"","sticky":false,"template":"","format":"standard","meta":{"footnotes":"","_share_on_mastodon":"0"},"categories":[52122],"tags":[2908,18387,6010,752,2573,42,38,40,39,41,2614],"class_list":["post-652498","post","type-post","status-publish","format-standard","has-post-thumbnail","category-pko-bank-polski","tag-korona-kielce","tag-na-zywo","tag-pko-bank-polski","tag-pko-bp","tag-pko-bp-ekstraklasa","tag-pl","tag-poland","tag-polish","tag-polska","tag-polski","tag-wisla-plock"],"share_on_mastodon":{"url":"https:\/\/pubeurope.com\/@pl\/117174371250977923","error":""},"_links":{"self":[{"href":"https:\/\/www.europesays.com\/pl\/wp-json\/wp\/v2\/posts\/652498","targetHints":{"allow":["GET"]}}],"collection":[{"href":"https:\/\/www.europesays.com\/pl\/wp-json\/wp\/v2\/posts"}],"about":[{"href":"https:\/\/www.europesays.com\/pl\/wp-json\/wp\/v2\/types\/post"}],"author":[{"embeddable":true,"href":"https:\/\/www.europesays.com\/pl\/wp-json\/wp\/v2\/users\/2"}],"replies":[{"embeddable":true,"href":"https:\/\/www.europesays.com\/pl\/wp-json\/wp\/v2\/comments?post=652498"}],"version-history":[{"count":0,"href":"https:\/\/www.europesays.com\/pl\/wp-json\/wp\/v2\/posts\/652498\/revisions"}],"wp:featuredmedia":[{"embeddable":true,"href":"https:\/\/www.europesays.com\/pl\/wp-json\/wp\/v2\/media\/652499"}],"wp:attachment":[{"href":"https:\/\/www.europesays.com\/pl\/wp-json\/wp\/v2\/media?parent=652498"}],"wp:term":[{"taxonomy":"category","embeddable":true,"href":"https:\/\/www.europesays.com\/pl\/wp-json\/wp\/v2\/categories?post=652498"},{"taxonomy":"post_tag","embeddable":true,"href":"https:\/\/www.europesays.com\/pl\/wp-json\/wp\/v2\/tags?post=652498"}],"curies":[{"name":"wp","href":"https:\/\/api.w.org\/{rel}","templated":true}]}}