{"id":652516,"date":"2026-08-28T17:50:54","date_gmt":"2026-08-28T17:50:54","guid":{"rendered":"https:\/\/www.europesays.com\/pl\/652516\/"},"modified":"2026-08-28T17:50:54","modified_gmt":"2026-08-28T17:50:54","slug":"ale-to-bedzie-przejazd-rolkarze-znow-opanuja-wroclaw-noca-przejada-przez-ulice-miasta","status":"publish","type":"post","link":"https:\/\/www.europesays.com\/pl\/652516\/","title":{"rendered":"Ale to b\u0119dzie przejazd! Rolkarze zn\u00f3w opanuj\u0105 Wroc\u0142aw. Noc\u0105 przejad\u0105 przez ulice miasta"},"content":{"rendered":"<p>Rolkarze pojawi\u0105 si\u0119 na ulicach Wroc\u0142awia. <\/p>\n<p>Fot: RW (zdj\u0119cie ilustracyjne)<\/p>\n<p>W pi\u0105tek 28 sierpnia rolkarze wyjad\u0105 na ulice miasta, aby uczestniczy\u0107 w trzeciej tegorocznej edycji NightSkating Wroc\u0142aw. W zwi\u0105zku z tym przewidziane s\u0105 utrudnienia dla kierowc\u00f3w.<\/p>\n<p style=\"text-align: justify;\">Wydarzenie rozpocznie si\u0119 o godz. 20:30 zbi\u00f3rk\u0105 przy Narodowym Forum Muzyki, a start przejazdu zaplanowano na godz. 21:30. Rolkarze pokonaj\u0105 oko\u0142o 12 kilometr\u00f3w, a ich przejazd potrwa do godz. 23:30.<\/p>\n<p style=\"text-align: justify;\">Trasa poprowadzi m.in. przez ulice Kazimierza Wielkiego, Pomorsk\u0105, Reymonta, Ba\u0142tyck\u0105, Kasprowicza, Boya-\u017bele\u0144skiego, Kromera i Wyszy\u0144skiego. Uczestnicy przejad\u0105 r\u00f3wnie\u017c przez Most Pomorski, Most Osobowicki, Mosty Warszawskie i Most Pokoju, a nast\u0119pnie wr\u00f3c\u0105 pod NFM.<\/p>\n<p style=\"text-align: justify;\">Utrudnienia b\u0119d\u0105 przemieszcza\u0142y si\u0119 wraz z uczestnikami, dlatego na poszczeg\u00f3lnych odcinkach powinny mie\u0107 charakter czasowy. NightSkating jest wydarzeniem bezp\u0142atnym i nie wymaga wcze\u015bniejszych zapis\u00f3w. Organizatorzy zach\u0119caj\u0105 uczestnik\u00f3w do zabrania kask\u00f3w, ochraniaczy, odblask\u00f3w oraz dodatkowego o\u015bwietlenia.<\/p>\n","protected":false},"excerpt":{"rendered":"Rolkarze pojawi\u0105 si\u0119 na ulicach Wroc\u0142awia. Fot: RW (zdj\u0119cie ilustracyjne) W pi\u0105tek 28 sierpnia rolkarze wyjad\u0105 na ulice&hellip;\n","protected":false},"author":2,"featured_media":652517,"comment_status":"","ping_status":"","sticky":false,"template":"","format":"standard","meta":{"footnotes":"","_share_on_mastodon":"0"},"categories":[51607],"tags":[46328,56590,5088,89149,113746,42,38,40,39,41,102049,10317,53719,86971,43260,57564,1853,61753],"class_list":["post-652516","post","type-post","status-publish","format-standard","has-post-thumbnail","category-wroclaw","tag-ale","tag-bedzie","tag-miasta","tag-noca","tag-opanuja","tag-pl","tag-poland","tag-polish","tag-polska","tag-polski","tag-przejada","tag-przejazd","tag-przez","tag-rolkarze","tag-to","tag-ulice","tag-wroclaw","tag-znow"],"share_on_mastodon":{"url":"https:\/\/pubeurope.com\/@pl\/117174408712613633","error":""},"_links":{"self":[{"href":"https:\/\/www.europesays.com\/pl\/wp-json\/wp\/v2\/posts\/652516","targetHints":{"allow":["GET"]}}],"collection":[{"href":"https:\/\/www.europesays.com\/pl\/wp-json\/wp\/v2\/posts"}],"about":[{"href":"https:\/\/www.europesays.com\/pl\/wp-json\/wp\/v2\/types\/post"}],"author":[{"embeddable":true,"href":"https:\/\/www.europesays.com\/pl\/wp-json\/wp\/v2\/users\/2"}],"replies":[{"embeddable":true,"href":"https:\/\/www.europesays.com\/pl\/wp-json\/wp\/v2\/comments?post=652516"}],"version-history":[{"count":0,"href":"https:\/\/www.europesays.com\/pl\/wp-json\/wp\/v2\/posts\/652516\/revisions"}],"wp:featuredmedia":[{"embeddable":true,"href":"https:\/\/www.europesays.com\/pl\/wp-json\/wp\/v2\/media\/652517"}],"wp:attachment":[{"href":"https:\/\/www.europesays.com\/pl\/wp-json\/wp\/v2\/media?parent=652516"}],"wp:term":[{"taxonomy":"category","embeddable":true,"href":"https:\/\/www.europesays.com\/pl\/wp-json\/wp\/v2\/categories?post=652516"},{"taxonomy":"post_tag","embeddable":true,"href":"https:\/\/www.europesays.com\/pl\/wp-json\/wp\/v2\/tags?post=652516"}],"curies":[{"name":"wp","href":"https:\/\/api.w.org\/{rel}","templated":true}]}}