{"id":652530,"date":"2026-08-28T17:58:19","date_gmt":"2026-08-28T17:58:19","guid":{"rendered":"https:\/\/www.europesays.com\/pl\/652530\/"},"modified":"2026-08-28T17:58:19","modified_gmt":"2026-08-28T17:58:19","slug":"sandra-kubicka-sciagnela-szwy-po-blefaroplastyce-dzwonnik-z-notre-dame","status":"publish","type":"post","link":"https:\/\/www.europesays.com\/pl\/652530\/","title":{"rendered":"Sandra Kubicka \u015bci\u0105gn\u0119\u0142a szwy po blefaroplastyce. &#8222;Dzwonnik z Notre Dame&#8221;"},"content":{"rendered":"<p><a href=\"https:\/\/plejada.pl\/temat\/sandra-kubicka\/cdfldwm\" id=\"5daacb9a-087c-40de-adb7-82608d56f575\" rel=\"nofollow noopener\" target=\"_blank\">Sandra Kubicka<\/a> ch\u0119tnie dzieli si\u0119 ze swoimi obserwatorami wa\u017cnymi momentami w \u017cyciu. Nie ma zatem co si\u0119 dziwi\u0107, \u017ce opowiada im r\u00f3wnie\u017c o zabiegu, kt\u00f3ry nie od dzi\u015b by\u0142 jej gigantycznym marzeniem. Celebrytka najpierw zapowiedzia\u0142a, \u017ce zamierza podda\u0107 si\u0119 blefaroplastyce, czyli operacji plastycznej powiek, a nast\u0119pnie relacjonowa\u0142a, jak czuje si\u0119 przed i zaraz po ingerencji. Cho\u0107 sama przyzna\u0142a, \u017ce towarzyszy jej ogromny stres, ekscytacja by\u0142a zdecydowanie wi\u0119ksza. Kubicka wyja\u015bni\u0142a, \u017ce zdecydowa\u0142a si\u0119 na ten zabieg przede wszystkim dlatego, \u017ce nadmiar sk\u00f3ry na g\u00f3rnych powiekach przeszkadza\u0142 jej w pracy, w kt\u00f3rej jej wizerunek jest najwa\u017cniejszym elementem.Dalszy ci\u0105g artyku\u0142u pod materia\u0142em wideoSandra Kubicka ju\u017c po \u015bci\u0105gni\u0119ciu szw\u00f3w. Tak wygl\u0105da kilka dni po blefaroplastyce<\/p>\n<p>Min\u0119\u0142o ju\u017c kilka dni od zabiegu, a Sandra Kubicka w\u0142a\u015bnie uda\u0142a si\u0119 do kliniki na \u015bci\u0105gni\u0119cie szw\u00f3w. Tak samo, jak przygotowania, tak i ten etap pokaza\u0142a swoim obserwatorom \u2014 celebrytka przyzna\u0142a, \u017ce cho\u0107 na jej powiekach nie ma widocznych zasinie\u0144, nadal zmaga si\u0119 z du\u017cymi obrz\u0119kami w tej okolicy.<\/p>\n<blockquote class=\"ods-o-quote\">\n<p class=\"ods-o-quote__paragraph\">Tu jeszcze przed \u015bci\u0105gni\u0119ciem szw\u00f3w. Siniak\u00f3w mo\u017ce nie mam, ale mam bardzo du\u017ce obrz\u0119ki i wygl\u0105dam jeszcze jak dzwonnik z Notre Dame<\/p>\n<\/blockquote>\n<p>\u2014 za\u017cartowa\u0142a.<\/p>\n<p>Kubicka zdradzi\u0142a, \u017ce na efekty trzeba b\u0119dzie poczeka\u0107 jeszcze oko\u0142o p\u00f3\u0142 roku i w tym czasie musi chodzi\u0107 w specjalnych plastrach, kt\u00f3re zapobiegaj\u0105 rozej\u015bciu si\u0119 ran.<\/p>\n<p>&#8222;Musz\u0119 bardzo du\u017co ch\u0142odzi\u0107, bo niestety mam du\u017c\u0105 tendencj\u0119 do zatrzymywania wody w organizmie i obrz\u0119ki si\u0119 utrzymuj\u0105&#8221; \u2014 wyja\u015bni\u0142a.<\/p>\n<p><img class=\"ods-a-photo ods-a-photo--background\" src=\"https:\/\/www.europesays.com\/pl\/wp-content\/uploads\/2026\/08\/TsAk9lBaHR0cHM6Ly9vY2RuLmV1L3B1bHNjbXMvTURBXy8xNzM4M2Q2YTQxMDU2MzA5ZWM1YWMwZDJiNWRiMTM5Zi5wbmeSlQPNA.jpeg\" height=\"800\" width=\"446\" alt=\"Sandra Kubicka na Instastory\" loading=\"lazy\" fetchpriority=\"auto\" decoding=\"auto\" url=\"https:\/\/ocdn.eu\/pulscms\/MDA_\/17383d6a41056309ec5ac0d2b5db139f.png\" description=\"Sandra Kubicka na Instastory\" author=\"https:\/\/www.instagram.com\/sandrakubicka\/?hl=pl\" source=\"\" link=\"\"\/><\/p>\n<p>https:\/\/www.instagram.com\/sandrakubicka\/?hl=pl<\/p>\n<p>Sandra Kubicka na Instastory<\/p>\n<p><img class=\"ods-a-photo ods-a-photo--background\" src=\"https:\/\/www.europesays.com\/pl\/wp-content\/uploads\/2026\/08\/eXfk9lBaHR0cHM6Ly9vY2RuLmV1L3B1bHNjbXMvTURBXy81ZmRhNGY2ZDZmMDU4MmNlMzg4ZDA4MWNiZTliZTI5ZS5wbmeSlQPNA.jpeg\" height=\"800\" width=\"440\" alt=\"Sandra Kubicka na Instastory\" loading=\"lazy\" fetchpriority=\"auto\" decoding=\"auto\" url=\"https:\/\/ocdn.eu\/pulscms\/MDA_\/5fda4f6d6f0582ce388d081cbe9be29e.png\" description=\"Sandra Kubicka na Instastory\" author=\"https:\/\/www.instagram.com\/sandrakubicka\/?hl=pl\" source=\"\" link=\"\"\/><\/p>\n<p>https:\/\/www.instagram.com\/sandrakubicka\/?hl=pl<\/p>\n<p>Sandra Kubicka na Instastory<\/p>\n<p><img class=\"ods-a-photo ods-a-photo--background\" src=\"https:\/\/www.europesays.com\/pl\/wp-content\/uploads\/2026\/08\/G6Uk9lBaHR0cHM6Ly9vY2RuLmV1L3B1bHNjbXMvTURBXy84Y2JjYzI4NDUyNTY5ZGQ2NDY2YzZhNTJkNDI2MzM3Mi5wbmeSlQPNA.jpeg\" height=\"800\" width=\"447\" alt=\"Sandra Kubicka na Instastory\" loading=\"lazy\" fetchpriority=\"auto\" decoding=\"auto\" url=\"https:\/\/ocdn.eu\/pulscms\/MDA_\/8cbcc28452569dd6466c6a52d4263372.png\" description=\"Sandra Kubicka na Instastory\" author=\"https:\/\/www.instagram.com\/sandrakubicka\/?hl=pl\" source=\"\" link=\"\"\/><\/p>\n<p>https:\/\/www.instagram.com\/sandrakubicka\/?hl=pl<\/p>\n<p>Sandra Kubicka na Instastory<\/p>\n<p><img class=\"ods-a-photo ods-a-photo--background\" src=\"https:\/\/www.europesays.com\/pl\/wp-content\/uploads\/2026\/08\/d2Tk9lBaHR0cHM6Ly9vY2RuLmV1L3B1bHNjbXMvTURBXy84MWNiOGRhZTVjNWU1NDE1N2I4OWE3OGFlMjU0NDcwMS5wbmeSlQPNA.jpeg\" height=\"800\" width=\"444\" alt=\"Sandra Kubicka na Instastory\" loading=\"lazy\" fetchpriority=\"auto\" decoding=\"auto\" url=\"https:\/\/ocdn.eu\/pulscms\/MDA_\/81cb8dae5c5e54157b89a78ae2544701.png\" description=\"Sandra Kubicka na Instastory\" author=\"https:\/\/www.instagram.com\/sandrakubicka\/?hl=pl\" source=\"\" link=\"\"\/><\/p>\n<p>https:\/\/www.instagram.com\/sandrakubicka\/?hl=pl<\/p>\n<p>Sandra Kubicka na Instastory<\/p>\n<p><img class=\"ods-a-photo ods-a-photo--background\" src=\"https:\/\/www.europesays.com\/pl\/wp-content\/uploads\/2026\/08\/NKfk9lBaHR0cHM6Ly9vY2RuLmV1L3B1bHNjbXMvTURBXy9hNTQ1NWEwYjMyZTIxOTEwYTVmZTVlYzRhMjIxN2Y2Zi5wbmeSlQPNA.jpeg\" height=\"800\" width=\"441\" alt=\"Sandra Kubicka na Instastory\" loading=\"lazy\" fetchpriority=\"auto\" decoding=\"auto\" url=\"https:\/\/ocdn.eu\/pulscms\/MDA_\/a5455a0b32e21910a5fe5ec4a2217f6f.png\" description=\"Sandra Kubicka na Instastory\" author=\"https:\/\/www.instagram.com\/sandrakubicka\/?hl=pl\" source=\"\" link=\"\"\/><\/p>\n<p>https:\/\/www.instagram.com\/sandrakubicka\/?hl=pl<\/p>\n<p>Sandra Kubicka na Instastory<\/p>\n<p><img class=\"ods-a-photo ods-a-photo--background\" src=\"https:\/\/www.europesays.com\/pl\/wp-content\/uploads\/2026\/08\/fUKk9lBaHR0cHM6Ly9vY2RuLmV1L3B1bHNjbXMvTURBXy9mMmQxMWEzN2Q3MjBmZjg3ZWQ2Njc0MmQ5YzI3ZmYwMi5wbmeSlQPNA.jpeg\" height=\"800\" width=\"443\" alt=\"Sandra Kubicka na Instastory\" loading=\"lazy\" fetchpriority=\"auto\" decoding=\"auto\" url=\"https:\/\/ocdn.eu\/pulscms\/MDA_\/f2d11a37d720ff87ed66742d9c27ff02.png\" description=\"Sandra Kubicka na Instastory\" author=\"https:\/\/www.instagram.com\/sandrakubicka\/?hl=pl\" source=\"\" link=\"\"\/><\/p>\n<p>https:\/\/www.instagram.com\/sandrakubicka\/?hl=pl<\/p>\n<p>Sandra Kubicka na Instastory<\/p>\n<p class=\"ods-o-frame-in-text__paragraph\">Zobacz tak\u017ce:<\/p>\n<p class=\"ods-o-frame-in-text__paragraph\"><a href=\"https:\/\/www.onet.pl\/muzyka\/onetmuzyka\/ariana-grande-pod-presja-media-i-fani-komentuja-jej-wyglad-i-zdrowie\/84j9cyw,681c1dfa?tpcc=202608_bloczek_plejada\" id=\"dcf3c40d-b1e9-44e2-a919-388139a2b84b\" rel=\"nofollow noopener\" target=\"_blank\">Nowy klip Ariany Grande budzi silne emocje. &#8222;Ona znika na naszych oczach&#8221;<\/a><\/p>\n<p><img class=\"ods-a-photo ods-a-photo--background\" src=\"https:\/\/www.europesays.com\/pl\/wp-content\/uploads\/2026\/08\/1787939899_303_TWik9lBaHR0cHM6Ly9vY2RuLmV1L3B1bHNjbXMvTURBXy81OWRhMjc3YThmZmQ1ODM0ZjI0YzdmYTc5OWU2NjNjMS5qcGeRlQLNA.jpeg\" height=\"675\" width=\"450\" alt=\"Ariana Grande\" loading=\"lazy\" fetchpriority=\"low\" decoding=\"async\"\/>Dzi\u0119kujemy, \u017ce przeczyta\u0142a\u015b\/e\u015b nasz artyku\u0142 do ko\u0144ca. W serwisie Plejada.pl ka\u017cdego dnia piszemy o najwa\u017cniejszych wydarzeniach show-biznesowych. B\u0105d\u017a na bie\u017c\u0105co!<a rel=\"nofollow noopener\" href=\"https:\/\/profile.google.com\/cp\/Cg0vZy8xMWJ6X19wdHBx\" id=\"81a7aeb9-ec75-4982-83ab-6e5889f50c4f\" target=\"_blank\"> Obserwuj<\/a> Plejad\u0119 w Google. Odwied\u017a nas tak\u017ce na<a rel=\"nofollow noopener\" href=\"https:\/\/www.facebook.com\/plejadapl\" id=\"7b128aa2-07ed-4e65-bce9-1fb51a024464\" target=\"_blank\"> Facebooku<\/a>,<a rel=\"nofollow noopener\" href=\"https:\/\/www.instagram.com\/plejadapl\/\" id=\"fd104056-2745-4824-b20d-6be2594ce481\" target=\"_blank\"> Instagramie<\/a>,<a rel=\"nofollow noopener\" href=\"https:\/\/www.youtube.com\/c\/plejada\" id=\"061f4016-8aa5-451f-b00c-e5f38736051e\" target=\"_blank\"> YouTubie<\/a> oraz<a rel=\"nofollow noopener\" href=\"https:\/\/www.tiktok.com\/@plejada_pl\" id=\"a79ecb3b-5907-4343-88c8-8885ac5fff10\" target=\"_blank\"> TikToku<\/a>.Chcesz podzieli\u0107 si\u0119 ciekawym newsem lub zaproponowa\u0107 temat? Skontaktuj si\u0119 z nami, pisz\u0105c maila na adres: <a rel=\"nofollow noopener\" href=\"https:\/\/plejada.pl\/newsy\/sandra-kubicka-sciagnela-szwy-po-blefaroplastyce-dzwonnik-z-notre-dame\/mailto:plejada@redakcjaonet.pl\" id=\"d39c6580-56b5-440e-9ee7-433b52596bfd\" target=\"_blank\">plejada@redakcjaonet.pl<\/a>.<script async src=\"\/\/www.instagram.com\/embed.js\"><\/script><script async src=\"\/\/www.tiktok.com\/embed.js\"><\/script><\/p>\n","protected":false},"excerpt":{"rendered":"Sandra Kubicka ch\u0119tnie dzieli si\u0119 ze swoimi obserwatorami wa\u017cnymi momentami w \u017cyciu. Nie ma zatem co si\u0119 dziwi\u0107,&hellip;\n","protected":false},"author":2,"featured_media":652531,"comment_status":"","ping_status":"","sticky":false,"template":"","format":"standard","meta":{"footnotes":"","_share_on_mastodon":"0"},"categories":[22],"tags":[125128,61195,122,48,125,46,14930,42,38,40,39,41,123,2992,47],"class_list":["post-652530","post","type-post","status-publish","format-standard","has-post-thumbnail","category-rozrywka","tag-blefaroplastyka","tag-bottomfeed_styl","tag-entertainment","tag-nat_styl","tag-newsy","tag-omp","tag-operacje_plastyczne","tag-pl","tag-poland","tag-polish","tag-polska","tag-polski","tag-rozrywka","tag-sandra_kubicka","tag-screening_general"],"share_on_mastodon":{"url":"https:\/\/pubeurope.com\/@pl\/117174437752721075","error":""},"_links":{"self":[{"href":"https:\/\/www.europesays.com\/pl\/wp-json\/wp\/v2\/posts\/652530","targetHints":{"allow":["GET"]}}],"collection":[{"href":"https:\/\/www.europesays.com\/pl\/wp-json\/wp\/v2\/posts"}],"about":[{"href":"https:\/\/www.europesays.com\/pl\/wp-json\/wp\/v2\/types\/post"}],"author":[{"embeddable":true,"href":"https:\/\/www.europesays.com\/pl\/wp-json\/wp\/v2\/users\/2"}],"replies":[{"embeddable":true,"href":"https:\/\/www.europesays.com\/pl\/wp-json\/wp\/v2\/comments?post=652530"}],"version-history":[{"count":0,"href":"https:\/\/www.europesays.com\/pl\/wp-json\/wp\/v2\/posts\/652530\/revisions"}],"wp:featuredmedia":[{"embeddable":true,"href":"https:\/\/www.europesays.com\/pl\/wp-json\/wp\/v2\/media\/652531"}],"wp:attachment":[{"href":"https:\/\/www.europesays.com\/pl\/wp-json\/wp\/v2\/media?parent=652530"}],"wp:term":[{"taxonomy":"category","embeddable":true,"href":"https:\/\/www.europesays.com\/pl\/wp-json\/wp\/v2\/categories?post=652530"},{"taxonomy":"post_tag","embeddable":true,"href":"https:\/\/www.europesays.com\/pl\/wp-json\/wp\/v2\/tags?post=652530"}],"curies":[{"name":"wp","href":"https:\/\/api.w.org\/{rel}","templated":true}]}}