{"id":652544,"date":"2026-08-28T18:05:22","date_gmt":"2026-08-28T18:05:22","guid":{"rendered":"https:\/\/www.europesays.com\/pl\/652544\/"},"modified":"2026-08-28T18:05:22","modified_gmt":"2026-08-28T18:05:22","slug":"donald-tusk-uderza-w-polska-prawice-polske-sprzedadza-w-piec-minut","status":"publish","type":"post","link":"https:\/\/www.europesays.com\/pl\/652544\/","title":{"rendered":"Donald Tusk uderza w polsk\u0105 prawic\u0119. &#8222;Polsk\u0119 sprzedadz\u0105 w pi\u0119\u0107 minut&#8221;"},"content":{"rendered":"<p>\u2014 Ja nigdy si\u0119 nie zgodz\u0119 z tym przekonaniem, \u017ce w polityce liczy si\u0119 wy\u0142\u0105cznie si\u0142a, skuteczno\u015b\u0107 i cwaniactwo. Nie zgodz\u0119 si\u0119 z tym, \u017ce jak kto\u015b jest silny, to mo\u017ce wy\u0142udzi\u0107 od kogo\u015b bezradnego, starego mieszkanie, kto\u015b mo\u017ce macha\u0107 pi\u0119\u015bci\u0105 i straszy\u0107 dziennikarza. Nie zgodz\u0119 si\u0119 z tym, \u017ce pa\u0144stwo organizuje si\u0119 niczym mafia po to, \u017ceby w \u015bwietle dnia, bez \u017cadnego wstydu okrada\u0107 w\u0142asny nar\u00f3d, w\u0142asne pa\u0144stwo \u2014 powiedzia\u0142 Donald Tusk na Campusie Polska Przysz\u0142o\u015bci.<\/p>\n<p>Premier najwyra\u017aniej nawi\u0105zywa\u0142 do sprawy kawalerki pana Jerzego \u017b., kt\u00f3r\u0105 <a href=\"https:\/\/wiadomosci.onet.pl\/kraj\/wraca-sprawa-kawalerki-pana-jerzego-prokuratura-szykuje-przesluchanie-kluczowej-osoby\/dx32ege\" id=\"fc3fa33f-fe9d-4a68-8c4b-f01ed4634ffb\" rel=\"nofollow noopener\" target=\"_blank\">Karol Nawrocki mia\u0142 przej\u0105\u0107 w niejasnych okoliczno\u015bciach<\/a>, a tak\u017ce <a href=\"https:\/\/wiadomosci.onet.pl\/kraj\/karol-nawrocki-o-spieciu-z-dziennikarzem-tvn24-i-wyjazd-na-wegry-krotka-odpowiedz\/depnrmd\" id=\"6e21ce04-2118-4ec2-a60f-90ace7002022\" rel=\"nofollow noopener\" target=\"_blank\">do s\u0142ownego starcia prezydenta z dziennikarzem TVN24<\/a>.Dalszy ci\u0105g artyku\u0142u pod materia\u0142em wideoTusk uderza w PiS i Konfederacj\u0119. &#8222;Martwmy si\u0119 o nich&#8221;<\/p>\n<p>Tusk ostrzega\u0142 r\u00f3wnie\u017c przed skrajn\u0105 prawic\u0105 w Polsce i Europie. \u2014 Kiedy Hitler dochodzi\u0142 do w\u0142adzy \u2014 nie por\u00f3wnuj\u0119, to nie jest analogia historyczna, ale pewien mechanizm dzia\u0142a w podobny spos\u00f3b na przestrzeni dziej\u00f3w \u2014 to do\u015b\u0107 otwarcie wypisywa\u0142 i m\u00f3wi\u0142 rzeczy, kt\u00f3re p\u00f3\u017aniej zrobi\u0142. Wygrywa\u0142 wybory, bo ludzie s\u0142yszeli tylko to, co chcieli us\u0142ysze\u0107, a przede wszystkim widzieli go\u015bcia, kt\u00f3ry powiedzia\u0142: &#8222;jestem silny, \u017bydzi was okradaj\u0105, bolszewicy chc\u0105 was wyko\u0144czy\u0107, dajcie 100 proc. w\u0142adzy, zrobi\u0119 z tym porz\u0105dek&#8221;. Pami\u0119tajcie o tym, bo ta lekcja ma naprawd\u0119 niestety uniwersalny charakter \u2014 stwierdzi\u0142.<\/p>\n<p>\u2014 Nie dajcie sobie wm\u00f3wi\u0107, bo to by\u0142aby rzeczywista kapitulacja, \u017ce jak jest trend, to przeciwko trendowi nie ma co wyst\u0119powa\u0107. Dzisiaj jest trend na ca\u0142ym \u015bwiecie, szczeg\u00f3lnie w Europie, na radykaln\u0105 prawic\u0119, no to nie ma si\u0119 co temu stawia\u0107. Przeczekamy albo si\u0119 zapiszemy do tego trendu, bo fajnie jest te\u017c by\u0107 po stronie silniejszego, wtedy kiedy on sprawia wra\u017cenie silniejszego. Wy b\u0105d\u017acie silniejsi \u2014 zwr\u00f3ci\u0142 si\u0119 szef rz\u0105du do publiczno\u015bci.<\/p>\n<p class=\"ods-o-frame-in-text__paragraph\">Kogo dotknie wybuch afery Zondacrypto? Jeden polityk mo\u017ce zyska\u0107<\/p>\n<p class=\"ods-o-frame-in-text__paragraph\"><a href=\"https:\/\/wiadomosci.onet.pl\/kraj\/kogo-dotknie-wybuch-afery-zondacrypto-stratna-cala-prawica-czysty-pozostanie-tylko\/gn6kyhf\" id=\"507c7a93-db47-46df-b82b-e0661ce3fa3a\" rel=\"nofollow noopener\" target=\"_blank\">PRZECZYTAJ CA\u0141Y TEKST<\/a><\/p>\n<p><img class=\"ods-a-photo ods-a-photo--background\" src=\"https:\/\/www.europesays.com\/pl\/wp-content\/uploads\/2026\/08\/KOUk9lBaHR0cHM6Ly9vY2RuLmV1L3B1bHNjbXMvTURBXy9kNDAyNTkzNmJlNWFlZjM2YjgzZDVmNGUzZTA1YzMzNS5wbmeRlQLNA.jpeg\" height=\"300\" width=\"450\" alt=\"Od lewej: S\u0142awomir Mentzen, Jaros\u0142aw Kaczy\u0144ski, Grzegorz Braun\" loading=\"lazy\" fetchpriority=\"low\" decoding=\"async\"\/><\/p>\n<p>\u2014 Nie ma wa\u017cniejszej rzeczy, umie\u0107 powiedzie\u0107: nie ma zgody na k\u0142amstwo, nie ma zgody na przemoc, nie ma zgody na pogard\u0119 \u2014 m\u00f3wi\u0142 Tusk i dodawa\u0142: &#8222;Europa wytrwa\u0142a w pokoju, poniewa\u017c przez dekady mia\u0142a jedno przykazanie \u2014 faszyzm, przemoc, rasizm, ksenofobia, antysemityzm, przynios\u0142y \u015bmier\u0107 milionom ludzi i spowodowa\u0142y piek\u0142o na ziemi&#8221;.<\/p>\n<p>\u2014 Martwmy si\u0119 o tych, kt\u00f3rzy w Polsce dzisiaj maj\u0105 15, 20, 25 proc. poparcia, kt\u00f3rzy jawnie ju\u017c w tej chwili stanowi\u0105 opcj\u0119 prorosyjsk\u0105 i antyukrai\u0144sk\u0105 w obliczu wojny. To zagro\u017cenie fundamentalne dla nas wszystkich, dla naszego \u017cycia, dla niepodleg\u0142o\u015bci pa\u0144stwa polskiego. Tu nie mo\u017ce by\u0107 \u017cadnego, najmniejszego wahania. Partia Brauna, cz\u0119\u015b\u0107 partii Bosaka, cz\u0119\u015b\u0107 PiS, to s\u0105 ludzie, kt\u00f3rzy Polsk\u0119 sprzedadz\u0105 w pi\u0119\u0107 minut, czy z g\u0142upoty, czy dla zdrady, czy dla pieni\u0119dzy, czy dla jakiej\u015b ideologii, ale to b\u0119dzie oznacza\u0142o tak naprawd\u0119 realne zagro\u017cenie dla fundament\u00f3w naszego pa\u0144stwa \u2014 zapewnia\u0142 premier.<\/p>\n","protected":false},"excerpt":{"rendered":"\u2014 Ja nigdy si\u0119 nie zgodz\u0119 z tym przekonaniem, \u017ce w polityce liczy si\u0119 wy\u0142\u0105cznie si\u0142a, skuteczno\u015b\u0107 i&hellip;\n","protected":false},"author":2,"featured_media":652545,"comment_status":"","ping_status":"","sticky":false,"template":"","format":"standard","meta":{"footnotes":"","_share_on_mastodon":"0"},"categories":[62712],"tags":[61195,17856,212,690,43,7210,1006,7211,49,48,46,529,47],"class_list":["post-652544","post","type-post","status-publish","format-standard","has-post-thumbnail","category-karol-nawrocki","tag-bottomfeed_styl","tag-campus_polska","tag-donald_tusk","tag-karol-nawrocki","tag-karol_nawrocki","tag-koalicja_obywatelska","tag-konfederacja","tag-konfederacja_korony_polskiej","tag-kraj","tag-nat_styl","tag-omp","tag-pis","tag-screening_general"],"share_on_mastodon":{"url":"https:\/\/pubeurope.com\/@pl\/117174463648235250","error":""},"_links":{"self":[{"href":"https:\/\/www.europesays.com\/pl\/wp-json\/wp\/v2\/posts\/652544","targetHints":{"allow":["GET"]}}],"collection":[{"href":"https:\/\/www.europesays.com\/pl\/wp-json\/wp\/v2\/posts"}],"about":[{"href":"https:\/\/www.europesays.com\/pl\/wp-json\/wp\/v2\/types\/post"}],"author":[{"embeddable":true,"href":"https:\/\/www.europesays.com\/pl\/wp-json\/wp\/v2\/users\/2"}],"replies":[{"embeddable":true,"href":"https:\/\/www.europesays.com\/pl\/wp-json\/wp\/v2\/comments?post=652544"}],"version-history":[{"count":0,"href":"https:\/\/www.europesays.com\/pl\/wp-json\/wp\/v2\/posts\/652544\/revisions"}],"wp:featuredmedia":[{"embeddable":true,"href":"https:\/\/www.europesays.com\/pl\/wp-json\/wp\/v2\/media\/652545"}],"wp:attachment":[{"href":"https:\/\/www.europesays.com\/pl\/wp-json\/wp\/v2\/media?parent=652544"}],"wp:term":[{"taxonomy":"category","embeddable":true,"href":"https:\/\/www.europesays.com\/pl\/wp-json\/wp\/v2\/categories?post=652544"},{"taxonomy":"post_tag","embeddable":true,"href":"https:\/\/www.europesays.com\/pl\/wp-json\/wp\/v2\/tags?post=652544"}],"curies":[{"name":"wp","href":"https:\/\/api.w.org\/{rel}","templated":true}]}}