{"id":652572,"date":"2026-08-28T18:23:11","date_gmt":"2026-08-28T18:23:11","guid":{"rendered":"https:\/\/www.europesays.com\/pl\/652572\/"},"modified":"2026-08-28T18:23:11","modified_gmt":"2026-08-28T18:23:11","slug":"informator-stolicy-mieszkancy-bielan-protestuja","status":"publish","type":"post","link":"https:\/\/www.europesays.com\/pl\/652572\/","title":{"rendered":"Informator Stolicy &#8211; Mieszka\u0144cy Bielan protestuj\u0105"},"content":{"rendered":"<p style=\"text-align:justify\">W zwi\u0105zku z uci\u0105\u017cliwym odorem mieszka\u0144cy Bielan zorganizowali dzi\u015b protest. Protestuj\u0105cy zebrali si\u0119 na skrzy\u017cowaniu ul. Arkuszowej z ul. Estrady. Ca\u0142o\u015b\u0107 rozpocz\u0119\u0142a si\u0119 o godzinie 17:00 i potrwa\u0142a godzin\u0119.<\/p>\n<p>Problem trwaj\u0105cy od 13 lat<\/p>\n<p style=\"text-align:justify\">Od ponad dekady mieszka\u0144cy warszawskiej dzielnicy Bielany zmagaj\u0105 si\u0119 z uporczywym odorem, kt\u00f3ry przeszkadza w codziennym funkcjonowaniu. G\u0142\u00f3wn\u0105 przyczyn\u0105 problemu, kt\u00f3r\u0105 wskazuj\u0105 protestuj\u0105cy s\u0105 dwa zak\u0142ady odpowiadaj\u0105ce za utylizacje odpad\u00f3w. Sp\u00f3\u0142ka MPO oraz firma BY\u015a wci\u0105\u017c odpieraj\u0105 te zarzuty. Mimo licznych apeli kierowanych do m.in. Wojew\u00f3dzkiego Inspektoratu Ochrony \u015arodowiska, problem nie zosta\u0142 w \u017caden spos\u00f3b rozwi\u0105zany. Zdenerwowani mieszka\u0144cy postanowili wzi\u0105\u0107 sprawy w w\u0142asne r\u0119ce, organizuj\u0105c protest, kt\u00f3ry zosta\u0142 zainicjowany przez cz\u0142onk\u00f3w Stowarzyszenia Czyste Bielany.<\/p>\n<p>\u201eChcieliby\u015bmy, aby oba zak\u0142ady si\u0119 wynios\u0142y\u201d<\/p>\n<p style=\"text-align:justify\">O uporczywym odorze oraz za\u0142o\u017ceniach protestu opowiedzieli na miejscu zdarzenia cz\u0142onkowie Stowarzyszenia Czyste Bielany:<\/p>\n<p style=\"text-align:justify\">\u201eProblem trwa od 13 lat z r\u00f3\u017cnym nasileniem. Od 2 miesi\u0119cy, tak\u017ce przez upa\u0142y, ten koszmarny zapach jeszcze bardziej uprzykrza nam \u017cycie. Jest wyczuwalny dniami i nocami. Cz\u0119sto budzimy si\u0119 p\u00f3\u017anymi porami, bo nie mo\u017cemy normalnie oddycha\u0107. W weekend wstyd zaprosi\u0107 go\u015bci np. na grilla. Nie chcemy, \u017ceby czuli si\u0119 w naszym domu niekomfortowo tak, jak my. Boimy si\u0119, \u017ce to wp\u0142ynie na nasz\u0105 psychik\u0119, wci\u0105\u017c \u017cyjemy w strachu. Najbardziej pragniemy, aby oba zak\u0142ady si\u0119 st\u0105d wynios\u0142y. Miasto stale si\u0119 rozwija i nie ma u nas miejsca na zak\u0142ady przetwarzaj\u0105ce odpady. Uwa\u017camy, \u017ce miasto by\u0142oby w stanie zagwarantowa\u0107 inn\u0105 lokalizacj\u0119 dla tego typu firm. BY\u015a chce wybudowa\u0107 spalarni\u0119, a s\u0105 badania, kt\u00f3re udowadniaj\u0105, \u017ce jest to zwyczajnie szkodliwe. Nawet Unia Europejska przesta\u0142a dawa\u0107 dotacje na tego typu przedsi\u0119wzi\u0119cia. Jest ju\u017c jedna spalarnia na Targ\u00f3wku. S\u0105dzimy, \u017ce to ona powinna przej\u0105\u0107 wi\u0119kszo\u015b\u0107 odpad\u00f3w. Marsza\u0142ek wym\u00f3g\u0142 na mie\u015bcie wpisanie tej spalarni w plan og\u00f3lny, co oznacza, \u017ce na pewno powstanie. Jest to nielogiczne. Mamy ju\u017c \u017bera\u0144, kt\u00f3ry pr\u00f3buje dostosowa\u0107 swoj\u0105 elektrownie do spalania odpad\u00f3w. My walczymy o to, aby spalarnia na Bielanach wypad\u0142a z tego planu. Problem jest te\u017c z urz\u0119dami, w kt\u00f3rych decyzyjno\u015b\u0107 jest tak rozdrobniona, \u017ce nie wiadomo do kogo si\u0119 zg\u0142asza\u0107. Tak naprawd\u0119 nie mamy poj\u0119cia, kto stoi po stronie mieszka\u0144c\u00f3w.\u201d<\/p>\n<p style=\"text-align:justify\">fot. Alicja Wereda<\/p>\n","protected":false},"excerpt":{"rendered":"W zwi\u0105zku z uci\u0105\u017cliwym odorem mieszka\u0144cy Bielan zorganizowali dzi\u015b protest. Protestuj\u0105cy zebrali si\u0119 na skrzy\u017cowaniu ul. Arkuszowej z&hellip;\n","protected":false},"author":2,"featured_media":652573,"comment_status":"","ping_status":"","sticky":false,"template":"","format":"standard","meta":{"footnotes":"","_share_on_mastodon":"0"},"categories":[51605],"tags":[38847,127489,127488,42,38,40,39,41,13279,435],"class_list":["post-652572","post","type-post","status-publish","format-standard","has-post-thumbnail","category-warszawa","tag-bielany","tag-nieprzyjemne-zapachy-na-bielanach","tag-odor","tag-pl","tag-poland","tag-polish","tag-polska","tag-polski","tag-protest","tag-warszawa"],"share_on_mastodon":{"url":"https:\/\/pubeurope.com\/@pl\/117174534472917845","error":""},"_links":{"self":[{"href":"https:\/\/www.europesays.com\/pl\/wp-json\/wp\/v2\/posts\/652572","targetHints":{"allow":["GET"]}}],"collection":[{"href":"https:\/\/www.europesays.com\/pl\/wp-json\/wp\/v2\/posts"}],"about":[{"href":"https:\/\/www.europesays.com\/pl\/wp-json\/wp\/v2\/types\/post"}],"author":[{"embeddable":true,"href":"https:\/\/www.europesays.com\/pl\/wp-json\/wp\/v2\/users\/2"}],"replies":[{"embeddable":true,"href":"https:\/\/www.europesays.com\/pl\/wp-json\/wp\/v2\/comments?post=652572"}],"version-history":[{"count":0,"href":"https:\/\/www.europesays.com\/pl\/wp-json\/wp\/v2\/posts\/652572\/revisions"}],"wp:featuredmedia":[{"embeddable":true,"href":"https:\/\/www.europesays.com\/pl\/wp-json\/wp\/v2\/media\/652573"}],"wp:attachment":[{"href":"https:\/\/www.europesays.com\/pl\/wp-json\/wp\/v2\/media?parent=652572"}],"wp:term":[{"taxonomy":"category","embeddable":true,"href":"https:\/\/www.europesays.com\/pl\/wp-json\/wp\/v2\/categories?post=652572"},{"taxonomy":"post_tag","embeddable":true,"href":"https:\/\/www.europesays.com\/pl\/wp-json\/wp\/v2\/tags?post=652572"}],"curies":[{"name":"wp","href":"https:\/\/api.w.org\/{rel}","templated":true}]}}