{"id":652582,"date":"2026-08-28T18:28:09","date_gmt":"2026-08-28T18:28:09","guid":{"rendered":"https:\/\/www.europesays.com\/pl\/652582\/"},"modified":"2026-08-28T18:28:09","modified_gmt":"2026-08-28T18:28:09","slug":"wczesniejsi-emeryci-i-rencisci-od-wrzesnia-musza-uwazac-na-nowe-limity","status":"publish","type":"post","link":"https:\/\/www.europesays.com\/pl\/652582\/","title":{"rendered":"Wcze\u015bniejsi emeryci i renci\u015bci od wrze\u015bnia musz\u0105 uwa\u017ca\u0107 na nowe limity"},"content":{"rendered":"<blockquote>\n<p>Zar\u00f3wno pierwszy pr\u00f3g dochod\u00f3w &#8211; niepowoduj\u0105cy zmniejszenia \u015bwiadczenia, jak i drugi, kt\u00f3rego przekroczenie powoduje zawieszenie wcze\u015bniejszej emerytury czy renty, s\u0105 ni\u017csze ni\u017c w ubieg\u0142ym kwartale. W pierwszym przypadku spad\u0142 on o 230,90 z\u0142 brutto. Z kolei drugi limit jest ni\u017cszy o 428,70 z\u0142 brutto &#8211; informuje Iwona Kowalska-Matis, regionalna rzeczniczka prasowa ZUS w wojew\u00f3dztwie dolno\u015bl\u0105skim. &#8211; Obni\u017cenie limit\u00f3w dorabiania nie jest, wi\u0119c naszym wymys\u0142em tylko prostym dzia\u0142aniem matematycznym, kt\u00f3rego podstaw\u0105 s\u0105 \u015brednie wynagrodzenia za poprzedni kwarta\u0142 \u2013 dodaje.<\/p>\n<\/blockquote>\n<p>Od wrze\u015bnia g\u00f3rn\u0105 granic\u0105 bezpiecznego dorabiania jest kwota 6463,20 z\u0142 brutto. Dodatkowy miesi\u0119czny przych\u00f3d do tej wysoko\u015bci nie wp\u0142ynie na zmniejszenie wyp\u0142acanej przez ZUS wcze\u015bniejszej emerytury lub renty. Nale\u017cy jednak pami\u0119ta\u0107, \u017ce aby ZUS nie wstrzyma\u0142 ca\u0142kowicie wyp\u0142aty \u015bwiadczenia, dodatkowy miesi\u0119czny przych\u00f3d mi\u0119dzy wrze\u015bniem a listopadem nie mo\u017ce przekroczy\u0107 12 003,10 z\u0142 brutto.<\/p>\n<p>Sk\u0105d wynikaj\u0105 zmiany?<\/p>\n<p>Rzeczniczka przypomina, \u017ce wysoko\u015b\u0107 limit\u00f3w zmienia si\u0119 co trzy miesi\u0105ce. Zale\u017cy ona od przeci\u0119tnego miesi\u0119cznego wynagrodzenia w kraju, kt\u00f3re og\u0142asza Prezes G\u0142\u00f3wnego Urz\u0119du Statystycznego (GUS). Progi stanowi\u0105 odpowiednio 70% i 130% tej kwoty. I tak, w drugim kwartale 2026 roku przeci\u0119tna pensja wynios\u0142a 9233,13 z\u0142 i by\u0142a o 329,75 z\u0142 ni\u017csza ni\u017c w pierwszym kwartale. To bezpo\u015bredni pow\u00f3d wrze\u015bniowej obni\u017cki limit\u00f3w, kt\u00f3ra powtarza si\u0119 w tym okresie cyklicznie.<\/p>\n<p>Kogo dotycz\u0105 limity, a kto mo\u017ce zarabia\u0107 bez ogranicze\u0144?<\/p>\n<p>Ograniczenia dotycz\u0105 pracuj\u0105cych rencist\u00f3w oraz emeryt\u00f3w, kt\u00f3rzy nie uko\u0144czyli powszechnego wieku emerytalnego (60 lat dla kobiet i 65 lat dla m\u0119\u017cczyzn).\u00a0<\/p>\n<blockquote>\n<p>Zarobki bez \u017cadnych limit\u00f3w przys\u0142uguj\u0105 emerytom, kt\u00f3rzy osi\u0105gn\u0119li ju\u017c powszechny wiek emerytalny. Swobodnie dorabia\u0107 mog\u0105 tak\u017ce inwalidzi wojenni i wojskowi (je\u015bli ich niezdolno\u015b\u0107 do pracy wi\u0105\u017ce si\u0119 ze s\u0142u\u017cb\u0105) oraz osoby pobieraj\u0105ce renty rodzinne po takich osobach &#8211; t\u0142umaczy Kowalska-Matis.<\/p>\n<\/blockquote>\n<p>Wa\u017cny wyj\u0105tek od zasady<\/p>\n<p>Istnieje istotny wyj\u0105tek, o kt\u00f3rym musz\u0105 pami\u0119ta\u0107 osoby pobieraj\u0105ce najni\u017csze \u015bwiadczenia. Dotyczy on emeryt\u00f3w, kt\u00f3rzy cho\u0107 uko\u0144czyli powszechny wiek emerytalny, to w wyniku wyliczenia \u015bwiadczenia ZUS podwy\u017cszy\u0142 im emerytur\u0119 do kwoty emerytury minimalnej, czyli od 1 marca br. jest to 1978,49 z\u0142 brutto.\u00a0<\/p>\n<blockquote>\n<p>Je\u015bli ich przych\u00f3d z pracy przekroczy wysoko\u015b\u0107 tej dop\u0142aty, \u015bwiadczenie za dany okres zostanie wyp\u0142acone w ni\u017cszej kwocie, czyli bez gwarantowanego wyr\u00f3wnania do minimum &#8211; podkre\u015bla Iwona Kowalska-Matis.<\/p>\n<\/blockquote>\n<p>Ile potr\u0105ci ZUS w przypadku przekroczenia pierwszego progu dorabiania?<\/p>\n<p>Je\u015bli przych\u00f3d ubezpieczonego ulokuje si\u0119 mi\u0119dzy pierwszym a drugim progiem (czyli mi\u0119dzy 6463,20 z\u0142 a 12 003,10 z\u0142), ZUS pomniejszy wyp\u0142acane \u015bwiadczenie o kwot\u0119 przekroczenia. Przepisy okre\u015blaj\u0105 jednak maksymalne kwoty zmniejszenia:<\/p>\n<ul>\n<li class=\"ck-list-marker-color\" style=\"--ck-content-list-marker-color:#00000a;\" data-list-item-id=\"ea21eb4536346bd39bf70599d71f9a2e3\">989,41 z\u0142 \u2013 dla emerytur i rent z tytu\u0142u ca\u0142kowitej niezdolno\u015bci do pracy,<\/li>\n<li class=\"ck-list-marker-color\" style=\"--ck-content-list-marker-color:#00000a;\" data-list-item-id=\"edcac2e86f77aac702c0257e87602d419\">742,10 z\u0142 \u2013 dla rent z tytu\u0142u cz\u0119\u015bciowej niezdolno\u015bci do pracy,<\/li>\n<li class=\"ck-list-marker-color\" style=\"--ck-content-list-marker-color:#00000a;\" data-list-item-id=\"e4b044c8e6f5b3235a20bc791694b5fad\">841,05 z\u0142 \u2013 dla rent rodzinnych, do kt\u00f3rych uprawniona jest jedna osoba.<\/li>\n<\/ul>\n<p>Je\u015bli przych\u00f3d wcze\u015bniejszego emeryta lub rencisty przekroczy 130% przeci\u0119tnego wynagrodzenia, czyli od 1 wrze\u015bnia 12 003,10 z\u0142 to \u015bwiadczenie zostanie zawieszone.\u00a0<\/p>\n","protected":false},"excerpt":{"rendered":"Zar\u00f3wno pierwszy pr\u00f3g dochod\u00f3w &#8211; niepowoduj\u0105cy zmniejszenia \u015bwiadczenia, jak i drugi, kt\u00f3rego przekroczenie powoduje zawieszenie wcze\u015bniejszej emerytury czy&hellip;\n","protected":false},"author":2,"featured_media":652583,"comment_status":"","ping_status":"","sticky":false,"template":"","format":"standard","meta":{"footnotes":"","_share_on_mastodon":"0"},"categories":[16],"tags":[113,112,659,42,38,40,39,41,660],"class_list":["post-652582","post","type-post","status-publish","format-standard","has-post-thumbnail","category-biznes","tag-biznes","tag-business","tag-emerytura","tag-pl","tag-poland","tag-polish","tag-polska","tag-polski","tag-zus"],"share_on_mastodon":{"url":"","error":""},"_links":{"self":[{"href":"https:\/\/www.europesays.com\/pl\/wp-json\/wp\/v2\/posts\/652582","targetHints":{"allow":["GET"]}}],"collection":[{"href":"https:\/\/www.europesays.com\/pl\/wp-json\/wp\/v2\/posts"}],"about":[{"href":"https:\/\/www.europesays.com\/pl\/wp-json\/wp\/v2\/types\/post"}],"author":[{"embeddable":true,"href":"https:\/\/www.europesays.com\/pl\/wp-json\/wp\/v2\/users\/2"}],"replies":[{"embeddable":true,"href":"https:\/\/www.europesays.com\/pl\/wp-json\/wp\/v2\/comments?post=652582"}],"version-history":[{"count":0,"href":"https:\/\/www.europesays.com\/pl\/wp-json\/wp\/v2\/posts\/652582\/revisions"}],"wp:featuredmedia":[{"embeddable":true,"href":"https:\/\/www.europesays.com\/pl\/wp-json\/wp\/v2\/media\/652583"}],"wp:attachment":[{"href":"https:\/\/www.europesays.com\/pl\/wp-json\/wp\/v2\/media?parent=652582"}],"wp:term":[{"taxonomy":"category","embeddable":true,"href":"https:\/\/www.europesays.com\/pl\/wp-json\/wp\/v2\/categories?post=652582"},{"taxonomy":"post_tag","embeddable":true,"href":"https:\/\/www.europesays.com\/pl\/wp-json\/wp\/v2\/tags?post=652582"}],"curies":[{"name":"wp","href":"https:\/\/api.w.org\/{rel}","templated":true}]}}